{"id":487,"date":"2017-07-20T16:22:47","date_gmt":"2017-07-20T14:22:47","guid":{"rendered":"http:\/\/finelife.info\/fr\/?p=487"},"modified":"2021-04-13T13:24:03","modified_gmt":"2021-04-13T11:24:03","slug":"promenade-design-a-la-cite-de-la-mode","status":"publish","type":"post","link":"https:\/\/finelife.tv\/fr\/2017\/07\/20\/promenade-design-a-la-cite-de-la-mode\/","title":{"rendered":"Promenade Design \u00e0 la Cit\u00e9 de la Mode"},"content":{"rendered":"<p><iframe loading=\"lazy\" src=\"https:\/\/player.vimeo.com\/video\/216632491\" width=\"356\" height=\"200\" frameborder=\"0\" allowfullscreen=\"allowfullscreen\"><\/iframe><\/p>\n<p>\u00c0 l&rsquo;approche de l&rsquo;\u00e9dition 2017 de Maison &amp; Objet et de Paris Design Week, retour sur les nouveaut\u00e9s pr\u00e9sent\u00e9es par 3 jeunes cr\u00e9ateurs \u00e0 Now the Off PFW16. C&rsquo;est ici &#8230; <!--more--><\/p>\n<p>Promenade \u00e0 la Paris Design Week et surtout\u00a0 la Cit\u00e9 de la Mode \u00e0\u00a0 halte sur les stands de 3 jeunes cr\u00e9ateurs.<br \/>\nEt Hop petit tour du monde du design.<\/p>\n<p><img loading=\"lazy\" decoding=\"async\" class=\" wp-image-532 aligncenter\" src=\"http:\/\/finelife.info\/fr\/wp-content\/uploads\/2017\/07\/now-le-off-cite-de-le-mode-finelifetv-300x169.png\" alt=\"\" width=\"430\" height=\"242\" srcset=\"https:\/\/finelife.tv\/fr\/wp-content\/uploads\/2017\/07\/now-le-off-cite-de-le-mode-finelifetv-300x169.png 300w, https:\/\/finelife.tv\/fr\/wp-content\/uploads\/2017\/07\/now-le-off-cite-de-le-mode-finelifetv-768x432.png 768w, https:\/\/finelife.tv\/fr\/wp-content\/uploads\/2017\/07\/now-le-off-cite-de-le-mode-finelifetv-1024x576.png 1024w, https:\/\/finelife.tv\/fr\/wp-content\/uploads\/2017\/07\/now-le-off-cite-de-le-mode-finelifetv.png 1334w\" sizes=\"auto, (max-width: 430px) 100vw, 430px\" \/><img loading=\"lazy\" decoding=\"async\" class=\" wp-image-533 aligncenter\" src=\"http:\/\/finelife.info\/fr\/wp-content\/uploads\/2017\/07\/paris-design-week-off-ultralin-academy-finelifetv-300x169.png\" alt=\"\" width=\"431\" height=\"243\" srcset=\"https:\/\/finelife.tv\/fr\/wp-content\/uploads\/2017\/07\/paris-design-week-off-ultralin-academy-finelifetv-300x169.png 300w, https:\/\/finelife.tv\/fr\/wp-content\/uploads\/2017\/07\/paris-design-week-off-ultralin-academy-finelifetv-768x432.png 768w, https:\/\/finelife.tv\/fr\/wp-content\/uploads\/2017\/07\/paris-design-week-off-ultralin-academy-finelifetv-1024x576.png 1024w, https:\/\/finelife.tv\/fr\/wp-content\/uploads\/2017\/07\/paris-design-week-off-ultralin-academy-finelifetv.png 1334w\" sizes=\"auto, (max-width: 431px) 100vw, 431px\" \/><\/p>\n<p><span style=\"color: #ff9900;\"><img loading=\"lazy\" decoding=\"async\" class=\" wp-image-525 aligncenter\" src=\"http:\/\/finelife.info\/fr\/wp-content\/uploads\/2017\/07\/now-le-off-cite-de-le-mode-PDW16-finelifetv-300x169.png\" alt=\"\" width=\"445\" height=\"251\" srcset=\"https:\/\/finelife.tv\/fr\/wp-content\/uploads\/2017\/07\/now-le-off-cite-de-le-mode-PDW16-finelifetv-300x169.png 300w, https:\/\/finelife.tv\/fr\/wp-content\/uploads\/2017\/07\/now-le-off-cite-de-le-mode-PDW16-finelifetv-768x432.png 768w, https:\/\/finelife.tv\/fr\/wp-content\/uploads\/2017\/07\/now-le-off-cite-de-le-mode-PDW16-finelifetv-1024x576.png 1024w, https:\/\/finelife.tv\/fr\/wp-content\/uploads\/2017\/07\/now-le-off-cite-de-le-mode-PDW16-finelifetv.png 1334w\" sizes=\"auto, (max-width: 445px) 100vw, 445px\" \/><img loading=\"lazy\" decoding=\"async\" class=\" wp-image-528 aligncenter\" src=\"http:\/\/finelife.info\/fr\/wp-content\/uploads\/2017\/07\/paris-design-week-off-rechercheprojet-finelifetv-300x169.png\" alt=\"\" width=\"448\" height=\"253\" srcset=\"https:\/\/finelife.tv\/fr\/wp-content\/uploads\/2017\/07\/paris-design-week-off-rechercheprojet-finelifetv-300x169.png 300w, https:\/\/finelife.tv\/fr\/wp-content\/uploads\/2017\/07\/paris-design-week-off-rechercheprojet-finelifetv-768x432.png 768w, https:\/\/finelife.tv\/fr\/wp-content\/uploads\/2017\/07\/paris-design-week-off-rechercheprojet-finelifetv-1024x576.png 1024w, https:\/\/finelife.tv\/fr\/wp-content\/uploads\/2017\/07\/paris-design-week-off-rechercheprojet-finelifetv.png 1334w\" sizes=\"auto, (max-width: 448px) 100vw, 448px\" \/><\/span><\/p>\n<p><span style=\"color: #ff9900;\">Marion Chopineau, Cr\u00e9ation Textile haute couture \/ Fourrures sculpt\u00e9es<\/span><\/p>\n<p>Premier stop de cette promenade \u00e0 la Paris design Week :\u00a0 le \u00ab\u00a0corner nordique\u00a0\u00bb o\u00f9 la Lithuanie \u00e9tait tr\u00e8s pr\u00e9sente, nous avons rencontr\u00e9 Marion Chopineau, Cr\u00e9atrice textile haute couture, laur\u00e9ate du grand prix de la Mairie de Paris dans la cat\u00e9gorie m\u00e9tier d\u2019arts confirm\u00e9s.<\/p>\n<p><img loading=\"lazy\" decoding=\"async\" class=\" wp-image-493 aligncenter\" src=\"http:\/\/finelife.info\/fr\/wp-content\/uploads\/2017\/07\/marion-chopineau-finelifetv-200x300.jpg\" alt=\"\" width=\"266\" height=\"399\" srcset=\"https:\/\/finelife.tv\/fr\/wp-content\/uploads\/2017\/07\/marion-chopineau-finelifetv-200x300.jpg 200w, https:\/\/finelife.tv\/fr\/wp-content\/uploads\/2017\/07\/marion-chopineau-finelifetv.jpg 640w\" sizes=\"auto, (max-width: 266px) 100vw, 266px\" \/><br \/>\n\u00ab\u00a0<em>Sur le OFF je pr\u00e9sente mes cr\u00e9ations en fourrure sculpt\u00e9e. C\u2019est une technique que je pratique depuis une vingtaine d\u2019ann\u00e9es et que j\u2019ai invent\u00e9e. Cette technique tr\u00e8s particuli\u00e8re consiste \u00e0 sculpter les motifs. L\u2019id\u00e9e c\u2019est un peu de venir effleurer et couper les poils dans leur \u00e9paisseur pour cr\u00e9er un motif et changer le volume.Sur la fourrure je travaille le motif mais aussi le motif par rapport \u00e0 la forme de la fourrure. Je pratique un graphisme qui permet d\u2019affiner les formes. C\u2019est un travail assez sp\u00e9cifique<\/em>.\u00a0\u00bb<\/p>\n<p>Outre son travail sur la fourrure. Marion Chopineau a un atelier de cr\u00e9ation de textile et collabore avec des boutiques de haute couture et de pr\u00eat \u00e0 porter comme celles de Vuitton et Givenchy.<\/p>\n<p><img loading=\"lazy\" decoding=\"async\" class=\"wp-image-526 aligncenter\" src=\"http:\/\/finelife.info\/fr\/wp-content\/uploads\/2017\/07\/Paris-design-week-marion-chopineau-finelifetv-300x169.png\" alt=\"\" width=\"657\" height=\"370\" srcset=\"https:\/\/finelife.tv\/fr\/wp-content\/uploads\/2017\/07\/Paris-design-week-marion-chopineau-finelifetv-300x169.png 300w, https:\/\/finelife.tv\/fr\/wp-content\/uploads\/2017\/07\/Paris-design-week-marion-chopineau-finelifetv-768x432.png 768w, https:\/\/finelife.tv\/fr\/wp-content\/uploads\/2017\/07\/Paris-design-week-marion-chopineau-finelifetv-1024x576.png 1024w, https:\/\/finelife.tv\/fr\/wp-content\/uploads\/2017\/07\/Paris-design-week-marion-chopineau-finelifetv.png 1334w\" sizes=\"auto, (max-width: 657px) 100vw, 657px\" \/><\/p>\n<p>La cr\u00e9atrice s&rsquo;inspire de techniques venues de tous horizons.<br \/>\nLa vannerie par exemple. \u00ab\u00a0<em>On a utilis\u00e9 des formes r\u00e9alis\u00e9es \u00e0 partir du moulage des v\u00eatements et autour de ces formes on s est mis \u00e0 enrouler le mat\u00e9riaux et \u00e0 le tisser en volume directement. Ces formes font office de contres-formes<\/em>\u00ab\u00a0.<br \/>\nOu la coiffure.\u00a0\u00bb<em>Ce que je fais n&rsquo;est ni plus ni moins de couper les cheveux et d\u2019aller creuser \u00e0 l\u2019int\u00e9rieur<\/em>\u00ab\u00a0.<\/p>\n<p>Son rapport au textile est li\u00e9 au techniques traditionnelles danoises de traitement de la fourrure. Selon elle \u00ab\u00a0<em>Les conditions d\u2019\u00e9levage au Danemark sont tr\u00e8s bonnes. Elles sont sup\u00e9rieurs aux conditions des animaux qui sont utilis\u00e9s pour la viande ailleurs en Europe<\/em>\u00ab\u00a0.<\/p>\n<p><span style=\"color: #ff9900;\">\u00c9lodie Michaud \/Skate Minka Skateboard\/Paris-Californie<\/span><\/p>\n<p>Changement de monde avec \u00c9lodie Michaud, designer de la marque <span style=\"color: #00ffff;\">Minka Skateboard<\/span>, lanc\u00e9e en juin 2016.<\/p>\n<p>\u00ab\u00a0<em>Nous sommes deux, Kevin qui vient du milieu du skateboard et moi qui suis designer textile. Le projet est donc n\u00e9 d\u2019une rencontre entre le design textile et le skate. Quand on a d\u00e9couvert un stock de planches des ann\u00e9es 70 originaires de Californie on a eu envie de le repenser en gravant des motifs d\u00e9cal\u00e9s sur le dessus de la planche<\/em>\u00ab\u00a0.<\/p>\n<p><img loading=\"lazy\" decoding=\"async\" class=\" wp-image-529 aligncenter\" src=\"http:\/\/finelife.info\/fr\/wp-content\/uploads\/2017\/07\/skira-skatebord-paris-design-week-off-finelifetv-300x169.png\" alt=\"\" width=\"559\" height=\"315\" srcset=\"https:\/\/finelife.tv\/fr\/wp-content\/uploads\/2017\/07\/skira-skatebord-paris-design-week-off-finelifetv-300x169.png 300w, https:\/\/finelife.tv\/fr\/wp-content\/uploads\/2017\/07\/skira-skatebord-paris-design-week-off-finelifetv-768x432.png 768w, https:\/\/finelife.tv\/fr\/wp-content\/uploads\/2017\/07\/skira-skatebord-paris-design-week-off-finelifetv-1024x576.png 1024w, https:\/\/finelife.tv\/fr\/wp-content\/uploads\/2017\/07\/skira-skatebord-paris-design-week-off-finelifetv.png 1334w\" sizes=\"auto, (max-width: 559px) 100vw, 559px\" \/><\/p>\n<p>Origine des motifs ?<br \/>\n\u00ab\u00a0<em>Les motifs sont issus de l\u2019h\u00e9ritage textile. Ils viennent de dentelles de galva par exemple. Cet h\u00e9ritage textile se transmet de femme en femme<\/em>\u00ab\u00a0.<\/p>\n<p>On voit une planche avec une vierge avec un enfant, c\u2019est aussi de l\u2019inspiration textile ?<br \/>\n\u00ab\u00a0<em>Exactement ! C\u2019\u00e9tait une broderie d\u00e9nich\u00e9e en brocante et \u00e0 la base l\u2019enfant tenait une croix. On a d\u00e9cid\u00e9 de faire un d\u00e9tournement et de la remplacer par un<\/em><br \/>\n<em> skateboard pour apporter un regard un peu humoristique<\/em>\u00ab\u00a0.<\/p>\n<p>Est-ce que ces planches ont un plus \u00e0 part l\u2019habillage ?<br \/>\n\u00ab\u00a0<em>Ces planches sont faites pour rouler en ville et pour faire des figures. Elles ont une forme qui est sp\u00e9cifique aux ann\u00e9es 70 puisqu\u2019elles ont \u00e9t\u00e9 produites \u00e0 cette \u00e9poque. Le traitement de surface en dessous de la planche nous est propre. Nous l&rsquo;avons d\u00e9velopp\u00e9<\/em>\u00ab\u00a0.<\/p>\n<p><span style=\"color: #ff9900;\">Alex Guichard et Monique Kelly \/ Chaise Revology\/Nouvelle Z\u00e9lande<\/span><\/p>\n<p>Dernier stop de cette promenade \u00e0 la Paris design Week devant un poster de chaise pos\u00e9e dans un paysage de carte postale. Et pour cause, la photo a \u00e9t\u00e9 prise en haut du pic de Wanaka en Nouvelle Z\u00e9lande.<\/p>\n<p><img loading=\"lazy\" decoding=\"async\" class=\" wp-image-530 aligncenter\" src=\"http:\/\/finelife.info\/fr\/wp-content\/uploads\/2017\/07\/revology-chair-paris-design-week-off-finelifetv-300x169.png\" alt=\"\" width=\"469\" height=\"264\" srcset=\"https:\/\/finelife.tv\/fr\/wp-content\/uploads\/2017\/07\/revology-chair-paris-design-week-off-finelifetv-300x169.png 300w, https:\/\/finelife.tv\/fr\/wp-content\/uploads\/2017\/07\/revology-chair-paris-design-week-off-finelifetv-768x432.png 768w, https:\/\/finelife.tv\/fr\/wp-content\/uploads\/2017\/07\/revology-chair-paris-design-week-off-finelifetv-1024x576.png 1024w, https:\/\/finelife.tv\/fr\/wp-content\/uploads\/2017\/07\/revology-chair-paris-design-week-off-finelifetv.png 1334w\" sizes=\"auto, (max-width: 469px) 100vw, 469px\" \/><img loading=\"lazy\" decoding=\"async\" class=\" wp-image-494 aligncenter\" src=\"http:\/\/finelife.info\/fr\/wp-content\/uploads\/2017\/07\/revology.jpg\" alt=\"\" width=\"299\" height=\"299\" srcset=\"https:\/\/finelife.tv\/fr\/wp-content\/uploads\/2017\/07\/revology.jpg 200w, https:\/\/finelife.tv\/fr\/wp-content\/uploads\/2017\/07\/revology-150x150.jpg 150w\" sizes=\"auto, (max-width: 299px) 100vw, 299px\" \/><\/p>\n<p>D&rsquo;accord, mais \u00e0 part \u00e7a, qu\u2019est ce qu\u2019elle a de particulier cette chaise ?<br \/>\n\u00ab\u00a0<em><span style=\"color: #99cc00;\">Revology<\/span> est une r\u00e9interpr\u00e9tation de la chaise bistrot des ann\u00e9es 1850 qui a \u00e9t\u00e9 faite avec de la fibre de lin composite et des r\u00e9sines biomes notamment \u00e0 base de sucre. On a voulu r\u00e9inventer une pi\u00e8ce du pass\u00e9 mais avec des technologies tr\u00e8s modernes, des mat\u00e9riaux organiques et bio dans la mesure du possible<\/em>\u00a0\u00bb explique Alex Guichard le cr\u00e9ateur de l&rsquo;objet.<\/p>\n<p>C\u2019est une chaise \u00ab\u00a0bio\u00a0\u00bb ?<br \/>\n\u00ab\u00a0<em>C\u2019est une chaise faite \u00e0 partir de produits \u00e9cologiques d\u2019agriculture et de r\u00e9sines\u00a0<\/em><em>plastiques ressourc\u00e9es \u00e0 100%<\/em>\u00ab\u00a0.<\/p>\n<p>Vous proposez d&rsquo;autres objets ?<br \/>\n\u00ab\u00a0<em>Ma femme,Monique Kelly, et moi feront d\u2019autres objets inspir\u00e9s du pass\u00e9, des ressources et de la beaut\u00e9 de notre terre de Wanaka. Mais dans un premier temps nous allons nous concentrer sur cette chaise qui est un prototype non encore disponible sur le march\u00e9<\/em>\u00ab\u00a0.<\/p>\n<p><span style=\"color: #ff0000;\">O\u00f9 les retrouver ?<\/span><\/p>\n<p><strong>Marion Chopineau<\/strong><\/p>\n<p><a href=\"http:\/\/cargocollective.com\/marionchopineau\">http:\/\/cargocollective.com\/marionchopineau<\/a><\/p>\n<p><strong>Minka Skateboard<\/strong><\/p>\n<p><a href=\"https:\/\/www.minkaskateboards.comevolovy\"><strong>https:\/\/www.minkaskateboar<\/strong>ds.comevolovy<\/a><\/p>\n<p><strong>Revology Inspired by Nature<\/strong><\/p>\n<p><a href=\"http:\/\/revology.com\/fr\">http:\/\/revology.com\/fr<\/a><\/p>\n<p><em><strong>Related Articles<\/strong><\/em><\/p>\n<p><strong>Beaux Livres : Le Corbusier<\/strong><\/p>\n<p><a href=\"https:\/\/finelife.tv\/fr\/2019\/01\/03\/beaux-livres-de-le-corbusier-au-jardin-feng-shui\">https:\/\/finelife.tv\/fr\/2019\/01\/03\/beaux-livres-de-le-corbusier-au-jardin-feng-shui<\/a>\/<\/p>\n<p><strong>Gio Ponti : l&rsquo;archi designer au MAD<\/strong><\/p>\n<blockquote class=\"wp-embedded-content\" data-secret=\"pSLt1U6wOq\"><p><a href=\"https:\/\/finelife.tv\/fr\/2018\/11\/12\/gio-ponti-michel-ange-design-au-mad\/\">Gio Ponti : le Michel Ange design au MAD<\/a><\/p><\/blockquote>\n<p><iframe loading=\"lazy\" class=\"wp-embedded-content\" sandbox=\"allow-scripts\" security=\"restricted\" style=\"position: absolute; clip: rect(1px, 1px, 1px, 1px);\" title=\"\u00ab\u00a0Gio Ponti : le Michel Ange design au MAD\u00a0\u00bb &#8212; FineLife.tv\" src=\"https:\/\/finelife.tv\/fr\/2018\/11\/12\/gio-ponti-michel-ange-design-au-mad\/embed\/#?secret=JINOlOq6ko#?secret=pSLt1U6wOq\" data-secret=\"pSLt1U6wOq\" width=\"500\" height=\"282\" frameborder=\"0\" marginwidth=\"0\" marginheight=\"0\" scrolling=\"no\"><\/iframe><\/p>\n<p>BONUS \/ AMBIANCE<\/p>\n<p><img loading=\"lazy\" decoding=\"async\" class=\"size-medium wp-image-536 aligncenter\" src=\"http:\/\/finelife.info\/fr\/wp-content\/uploads\/2017\/07\/Paris-design-week-the-off-finelifetv-300x169.png\" alt=\"\" width=\"300\" height=\"169\" srcset=\"https:\/\/finelife.tv\/fr\/wp-content\/uploads\/2017\/07\/Paris-design-week-the-off-finelifetv-300x169.png 300w, https:\/\/finelife.tv\/fr\/wp-content\/uploads\/2017\/07\/Paris-design-week-the-off-finelifetv-768x432.png 768w, https:\/\/finelife.tv\/fr\/wp-content\/uploads\/2017\/07\/Paris-design-week-the-off-finelifetv-1024x576.png 1024w, https:\/\/finelife.tv\/fr\/wp-content\/uploads\/2017\/07\/Paris-design-week-the-off-finelifetv.png 1334w\" sizes=\"auto, (max-width: 300px) 100vw, 300px\" \/><img loading=\"lazy\" decoding=\"async\" class=\"size-medium wp-image-531 aligncenter\" src=\"http:\/\/finelife.info\/fr\/wp-content\/uploads\/2017\/07\/PDW-off-ambiance-finelifetv-300x169.png\" alt=\"\" width=\"300\" height=\"169\" srcset=\"https:\/\/finelife.tv\/fr\/wp-content\/uploads\/2017\/07\/PDW-off-ambiance-finelifetv-300x169.png 300w, https:\/\/finelife.tv\/fr\/wp-content\/uploads\/2017\/07\/PDW-off-ambiance-finelifetv-768x432.png 768w, https:\/\/finelife.tv\/fr\/wp-content\/uploads\/2017\/07\/PDW-off-ambiance-finelifetv-1024x576.png 1024w, https:\/\/finelife.tv\/fr\/wp-content\/uploads\/2017\/07\/PDW-off-ambiance-finelifetv.png 1334w\" sizes=\"auto, (max-width: 300px) 100vw, 300px\" \/><img loading=\"lazy\" decoding=\"async\" class=\"size-medium wp-image-527 aligncenter\" src=\"http:\/\/finelife.info\/fr\/wp-content\/uploads\/2017\/07\/paris-design-week-off-finelifetv-300x169.png\" alt=\"\" width=\"300\" height=\"169\" srcset=\"https:\/\/finelife.tv\/fr\/wp-content\/uploads\/2017\/07\/paris-design-week-off-finelifetv-300x169.png 300w, https:\/\/finelife.tv\/fr\/wp-content\/uploads\/2017\/07\/paris-design-week-off-finelifetv-768x432.png 768w, https:\/\/finelife.tv\/fr\/wp-content\/uploads\/2017\/07\/paris-design-week-off-finelifetv-1024x576.png 1024w, https:\/\/finelife.tv\/fr\/wp-content\/uploads\/2017\/07\/paris-design-week-off-finelifetv.png 1334w\" sizes=\"auto, (max-width: 300px) 100vw, 300px\" \/><\/p>\n","protected":false},"excerpt":{"rendered":"<p>Promenade \u00e0 la Cit\u00e9 de la Mode \u00e0 l&rsquo;approche de l&rsquo;\u00e9dition 2017 de Maison &#038; Objet et de Paris Design Week, et focus sur 3 jeunes cr\u00e9ateurs \u00e0 Now the Off<\/p>\n","protected":false},"author":1,"featured_media":0,"comment_status":"open","ping_status":"open","sticky":false,"template":"","format":"standard","meta":{"footnotes":""},"categories":[2],"tags":[231,220,219,229,224,225,230,232,221,222,226,223,227,233,228],"class_list":["post-487","post","type-post","status-publish","format-standard","hentry","category-art","tag-alex-guichard","tag-cite-de-la-mode-et-du-design","tag-design","tag-elodie-michaud","tag-maison-et-objet","tag-marion-chopineau","tag-minka-skateboard","tag-monique-kelly","tag-now-the-off","tag-paris-design-week","tag-paris-les-docks","tag-pdw16","tag-revology","tag-revology-chair","tag-skate-design"],"yoast_head":"<!-- This site is optimized with the Yoast SEO plugin v27.5 - https:\/\/yoast.com\/product\/yoast-seo-wordpress\/ -->\n<title>Promenade Design \u00e0 la Cit\u00e9 de la Mode - FineLife.tv<\/title>\n<meta name=\"description\" content=\"Promenade \u00e0 la Cit\u00e9 de la Mode \u00e0 l&#039;approche de l&#039;\u00e9dition 2017 de Maison &amp; Objet et de Paris Design Week, et focus sur 3 jeunes cr\u00e9ateurs \u00e0 Now the Off\" \/>\n<meta name=\"robots\" content=\"index, follow, max-snippet:-1, max-image-preview:large, max-video-preview:-1\" \/>\n<link rel=\"canonical\" href=\"https:\/\/finelife.tv\/fr\/2017\/07\/20\/promenade-design-a-la-cite-de-la-mode\/\" \/>\n<meta property=\"og:locale\" content=\"fr_FR\" \/>\n<meta property=\"og:type\" content=\"article\" \/>\n<meta property=\"og:title\" content=\"Promenade Design \u00e0 la Cit\u00e9 de la Mode - FineLife.tv\" \/>\n<meta property=\"og:description\" content=\"Promenade \u00e0 la Cit\u00e9 de la Mode \u00e0 l&#039;approche de l&#039;\u00e9dition 2017 de Maison &amp; Objet et de Paris Design Week, et focus sur 3 jeunes cr\u00e9ateurs \u00e0 Now the Off\" \/>\n<meta property=\"og:url\" content=\"https:\/\/finelife.tv\/fr\/2017\/07\/20\/promenade-design-a-la-cite-de-la-mode\/\" \/>\n<meta property=\"og:site_name\" content=\"FineLife.tv\" \/>\n<meta property=\"article:published_time\" content=\"2017-07-20T14:22:47+00:00\" \/>\n<meta property=\"article:modified_time\" content=\"2021-04-13T11:24:03+00:00\" \/>\n<meta property=\"og:image\" content=\"http:\/\/finelife.info\/fr\/wp-content\/uploads\/2017\/07\/now-le-off-cite-de-le-mode-finelifetv-300x169.png\" \/>\n<meta name=\"author\" content=\"Leonore\" \/>\n<meta name=\"twitter:card\" content=\"summary_large_image\" \/>\n<meta name=\"twitter:creator\" content=\"@finelifetv\" \/>\n<meta name=\"twitter:site\" content=\"@finelifetv\" \/>\n<meta name=\"twitter:label1\" content=\"\u00c9crit par\" \/>\n\t<meta name=\"twitter:data1\" content=\"Leonore\" \/>\n\t<meta name=\"twitter:label2\" content=\"Dur\u00e9e de lecture estim\u00e9e\" \/>\n\t<meta name=\"twitter:data2\" content=\"6 minutes\" \/>\n<script type=\"application\/ld+json\" class=\"yoast-schema-graph\">{\"@context\":\"https:\\\/\\\/schema.org\",\"@graph\":[{\"@type\":\"Article\",\"@id\":\"https:\\\/\\\/finelife.tv\\\/fr\\\/2017\\\/07\\\/20\\\/promenade-design-a-la-cite-de-la-mode\\\/#article\",\"isPartOf\":{\"@id\":\"https:\\\/\\\/finelife.tv\\\/fr\\\/2017\\\/07\\\/20\\\/promenade-design-a-la-cite-de-la-mode\\\/\"},\"author\":{\"name\":\"Leonore\",\"@id\":\"https:\\\/\\\/finelife.tv\\\/fr\\\/#\\\/schema\\\/person\\\/e3d980b0c0b3dc5af01c3455893c8c52\"},\"headline\":\"Promenade Design \u00e0 la Cit\u00e9 de la Mode\",\"datePublished\":\"2017-07-20T14:22:47+00:00\",\"dateModified\":\"2021-04-13T11:24:03+00:00\",\"mainEntityOfPage\":{\"@id\":\"https:\\\/\\\/finelife.tv\\\/fr\\\/2017\\\/07\\\/20\\\/promenade-design-a-la-cite-de-la-mode\\\/\"},\"wordCount\":881,\"commentCount\":4,\"image\":{\"@id\":\"https:\\\/\\\/finelife.tv\\\/fr\\\/2017\\\/07\\\/20\\\/promenade-design-a-la-cite-de-la-mode\\\/#primaryimage\"},\"thumbnailUrl\":\"http:\\\/\\\/finelife.info\\\/fr\\\/wp-content\\\/uploads\\\/2017\\\/07\\\/now-le-off-cite-de-le-mode-finelifetv-300x169.png\",\"keywords\":[\"Alex Guichard\",\"cite de la mode et du design\",\"design\",\"\u00e9lodie michaud\",\"Maison et Objet\",\"Marion Chopineau\",\"minka skateboard\",\"Monique Kelly\",\"Now the Off\",\"Paris Design Week\",\"Paris les Docks\",\"PDW16\",\"Revology\",\"Revology chair\",\"skate design\"],\"articleSection\":[\"Art\"],\"inLanguage\":\"fr-FR\",\"potentialAction\":[{\"@type\":\"CommentAction\",\"name\":\"Comment\",\"target\":[\"https:\\\/\\\/finelife.tv\\\/fr\\\/2017\\\/07\\\/20\\\/promenade-design-a-la-cite-de-la-mode\\\/#respond\"]}]},{\"@type\":\"WebPage\",\"@id\":\"https:\\\/\\\/finelife.tv\\\/fr\\\/2017\\\/07\\\/20\\\/promenade-design-a-la-cite-de-la-mode\\\/\",\"url\":\"https:\\\/\\\/finelife.tv\\\/fr\\\/2017\\\/07\\\/20\\\/promenade-design-a-la-cite-de-la-mode\\\/\",\"name\":\"Promenade Design \u00e0 la Cit\u00e9 de la Mode - FineLife.tv\",\"isPartOf\":{\"@id\":\"https:\\\/\\\/finelife.tv\\\/fr\\\/#website\"},\"primaryImageOfPage\":{\"@id\":\"https:\\\/\\\/finelife.tv\\\/fr\\\/2017\\\/07\\\/20\\\/promenade-design-a-la-cite-de-la-mode\\\/#primaryimage\"},\"image\":{\"@id\":\"https:\\\/\\\/finelife.tv\\\/fr\\\/2017\\\/07\\\/20\\\/promenade-design-a-la-cite-de-la-mode\\\/#primaryimage\"},\"thumbnailUrl\":\"http:\\\/\\\/finelife.info\\\/fr\\\/wp-content\\\/uploads\\\/2017\\\/07\\\/now-le-off-cite-de-le-mode-finelifetv-300x169.png\",\"datePublished\":\"2017-07-20T14:22:47+00:00\",\"dateModified\":\"2021-04-13T11:24:03+00:00\",\"author\":{\"@id\":\"https:\\\/\\\/finelife.tv\\\/fr\\\/#\\\/schema\\\/person\\\/e3d980b0c0b3dc5af01c3455893c8c52\"},\"description\":\"Promenade \u00e0 la Cit\u00e9 de la Mode \u00e0 l'approche de l'\u00e9dition 2017 de Maison & Objet et de Paris Design Week, et focus sur 3 jeunes cr\u00e9ateurs \u00e0 Now the Off\",\"breadcrumb\":{\"@id\":\"https:\\\/\\\/finelife.tv\\\/fr\\\/2017\\\/07\\\/20\\\/promenade-design-a-la-cite-de-la-mode\\\/#breadcrumb\"},\"inLanguage\":\"fr-FR\",\"potentialAction\":[{\"@type\":\"ReadAction\",\"target\":[\"https:\\\/\\\/finelife.tv\\\/fr\\\/2017\\\/07\\\/20\\\/promenade-design-a-la-cite-de-la-mode\\\/\"]}]},{\"@type\":\"ImageObject\",\"inLanguage\":\"fr-FR\",\"@id\":\"https:\\\/\\\/finelife.tv\\\/fr\\\/2017\\\/07\\\/20\\\/promenade-design-a-la-cite-de-la-mode\\\/#primaryimage\",\"url\":\"http:\\\/\\\/finelife.info\\\/fr\\\/wp-content\\\/uploads\\\/2017\\\/07\\\/now-le-off-cite-de-le-mode-finelifetv-300x169.png\",\"contentUrl\":\"http:\\\/\\\/finelife.info\\\/fr\\\/wp-content\\\/uploads\\\/2017\\\/07\\\/now-le-off-cite-de-le-mode-finelifetv-300x169.png\"},{\"@type\":\"BreadcrumbList\",\"@id\":\"https:\\\/\\\/finelife.tv\\\/fr\\\/2017\\\/07\\\/20\\\/promenade-design-a-la-cite-de-la-mode\\\/#breadcrumb\",\"itemListElement\":[{\"@type\":\"ListItem\",\"position\":1,\"name\":\"Accueil\",\"item\":\"https:\\\/\\\/finelife.tv\\\/fr\\\/\"},{\"@type\":\"ListItem\",\"position\":2,\"name\":\"Promenade Design \u00e0 la Cit\u00e9 de la Mode\"}]},{\"@type\":\"WebSite\",\"@id\":\"https:\\\/\\\/finelife.tv\\\/fr\\\/#website\",\"url\":\"https:\\\/\\\/finelife.tv\\\/fr\\\/\",\"name\":\"FineLife.tv\",\"description\":\"Quand l&#039;Art de vivre croise l&#039;Art de penser\",\"potentialAction\":[{\"@type\":\"SearchAction\",\"target\":{\"@type\":\"EntryPoint\",\"urlTemplate\":\"https:\\\/\\\/finelife.tv\\\/fr\\\/?s={search_term_string}\"},\"query-input\":{\"@type\":\"PropertyValueSpecification\",\"valueRequired\":true,\"valueName\":\"search_term_string\"}}],\"inLanguage\":\"fr-FR\"},{\"@type\":\"Person\",\"@id\":\"https:\\\/\\\/finelife.tv\\\/fr\\\/#\\\/schema\\\/person\\\/e3d980b0c0b3dc5af01c3455893c8c52\",\"name\":\"Leonore\",\"image\":{\"@type\":\"ImageObject\",\"inLanguage\":\"fr-FR\",\"@id\":\"https:\\\/\\\/secure.gravatar.com\\\/avatar\\\/9a2e5073417479f910ffdeee54da5ccf4f91eab62746ce0ae0e81124a9491a79?s=96&d=mm&r=g\",\"url\":\"https:\\\/\\\/secure.gravatar.com\\\/avatar\\\/9a2e5073417479f910ffdeee54da5ccf4f91eab62746ce0ae0e81124a9491a79?s=96&d=mm&r=g\",\"contentUrl\":\"https:\\\/\\\/secure.gravatar.com\\\/avatar\\\/9a2e5073417479f910ffdeee54da5ccf4f91eab62746ce0ae0e81124a9491a79?s=96&d=mm&r=g\",\"caption\":\"Leonore\"}}]}<\/script>\n<!-- \/ Yoast SEO plugin. -->","yoast_head_json":{"title":"Promenade Design \u00e0 la Cit\u00e9 de la Mode - FineLife.tv","description":"Promenade \u00e0 la Cit\u00e9 de la Mode \u00e0 l'approche de l'\u00e9dition 2017 de Maison & Objet et de Paris Design Week, et focus sur 3 jeunes cr\u00e9ateurs \u00e0 Now the Off","robots":{"index":"index","follow":"follow","max-snippet":"max-snippet:-1","max-image-preview":"max-image-preview:large","max-video-preview":"max-video-preview:-1"},"canonical":"https:\/\/finelife.tv\/fr\/2017\/07\/20\/promenade-design-a-la-cite-de-la-mode\/","og_locale":"fr_FR","og_type":"article","og_title":"Promenade Design \u00e0 la Cit\u00e9 de la Mode - FineLife.tv","og_description":"Promenade \u00e0 la Cit\u00e9 de la Mode \u00e0 l'approche de l'\u00e9dition 2017 de Maison & Objet et de Paris Design Week, et focus sur 3 jeunes cr\u00e9ateurs \u00e0 Now the Off","og_url":"https:\/\/finelife.tv\/fr\/2017\/07\/20\/promenade-design-a-la-cite-de-la-mode\/","og_site_name":"FineLife.tv","article_published_time":"2017-07-20T14:22:47+00:00","article_modified_time":"2021-04-13T11:24:03+00:00","og_image":[{"url":"http:\/\/finelife.info\/fr\/wp-content\/uploads\/2017\/07\/now-le-off-cite-de-le-mode-finelifetv-300x169.png","type":"","width":"","height":""}],"author":"Leonore","twitter_card":"summary_large_image","twitter_creator":"@finelifetv","twitter_site":"@finelifetv","twitter_misc":{"\u00c9crit par":"Leonore","Dur\u00e9e de lecture estim\u00e9e":"6 minutes"},"schema":{"@context":"https:\/\/schema.org","@graph":[{"@type":"Article","@id":"https:\/\/finelife.tv\/fr\/2017\/07\/20\/promenade-design-a-la-cite-de-la-mode\/#article","isPartOf":{"@id":"https:\/\/finelife.tv\/fr\/2017\/07\/20\/promenade-design-a-la-cite-de-la-mode\/"},"author":{"name":"Leonore","@id":"https:\/\/finelife.tv\/fr\/#\/schema\/person\/e3d980b0c0b3dc5af01c3455893c8c52"},"headline":"Promenade Design \u00e0 la Cit\u00e9 de la Mode","datePublished":"2017-07-20T14:22:47+00:00","dateModified":"2021-04-13T11:24:03+00:00","mainEntityOfPage":{"@id":"https:\/\/finelife.tv\/fr\/2017\/07\/20\/promenade-design-a-la-cite-de-la-mode\/"},"wordCount":881,"commentCount":4,"image":{"@id":"https:\/\/finelife.tv\/fr\/2017\/07\/20\/promenade-design-a-la-cite-de-la-mode\/#primaryimage"},"thumbnailUrl":"http:\/\/finelife.info\/fr\/wp-content\/uploads\/2017\/07\/now-le-off-cite-de-le-mode-finelifetv-300x169.png","keywords":["Alex Guichard","cite de la mode et du design","design","\u00e9lodie michaud","Maison et Objet","Marion Chopineau","minka skateboard","Monique Kelly","Now the Off","Paris Design Week","Paris les Docks","PDW16","Revology","Revology chair","skate design"],"articleSection":["Art"],"inLanguage":"fr-FR","potentialAction":[{"@type":"CommentAction","name":"Comment","target":["https:\/\/finelife.tv\/fr\/2017\/07\/20\/promenade-design-a-la-cite-de-la-mode\/#respond"]}]},{"@type":"WebPage","@id":"https:\/\/finelife.tv\/fr\/2017\/07\/20\/promenade-design-a-la-cite-de-la-mode\/","url":"https:\/\/finelife.tv\/fr\/2017\/07\/20\/promenade-design-a-la-cite-de-la-mode\/","name":"Promenade Design \u00e0 la Cit\u00e9 de la Mode - FineLife.tv","isPartOf":{"@id":"https:\/\/finelife.tv\/fr\/#website"},"primaryImageOfPage":{"@id":"https:\/\/finelife.tv\/fr\/2017\/07\/20\/promenade-design-a-la-cite-de-la-mode\/#primaryimage"},"image":{"@id":"https:\/\/finelife.tv\/fr\/2017\/07\/20\/promenade-design-a-la-cite-de-la-mode\/#primaryimage"},"thumbnailUrl":"http:\/\/finelife.info\/fr\/wp-content\/uploads\/2017\/07\/now-le-off-cite-de-le-mode-finelifetv-300x169.png","datePublished":"2017-07-20T14:22:47+00:00","dateModified":"2021-04-13T11:24:03+00:00","author":{"@id":"https:\/\/finelife.tv\/fr\/#\/schema\/person\/e3d980b0c0b3dc5af01c3455893c8c52"},"description":"Promenade \u00e0 la Cit\u00e9 de la Mode \u00e0 l'approche de l'\u00e9dition 2017 de Maison & Objet et de Paris Design Week, et focus sur 3 jeunes cr\u00e9ateurs \u00e0 Now the Off","breadcrumb":{"@id":"https:\/\/finelife.tv\/fr\/2017\/07\/20\/promenade-design-a-la-cite-de-la-mode\/#breadcrumb"},"inLanguage":"fr-FR","potentialAction":[{"@type":"ReadAction","target":["https:\/\/finelife.tv\/fr\/2017\/07\/20\/promenade-design-a-la-cite-de-la-mode\/"]}]},{"@type":"ImageObject","inLanguage":"fr-FR","@id":"https:\/\/finelife.tv\/fr\/2017\/07\/20\/promenade-design-a-la-cite-de-la-mode\/#primaryimage","url":"http:\/\/finelife.info\/fr\/wp-content\/uploads\/2017\/07\/now-le-off-cite-de-le-mode-finelifetv-300x169.png","contentUrl":"http:\/\/finelife.info\/fr\/wp-content\/uploads\/2017\/07\/now-le-off-cite-de-le-mode-finelifetv-300x169.png"},{"@type":"BreadcrumbList","@id":"https:\/\/finelife.tv\/fr\/2017\/07\/20\/promenade-design-a-la-cite-de-la-mode\/#breadcrumb","itemListElement":[{"@type":"ListItem","position":1,"name":"Accueil","item":"https:\/\/finelife.tv\/fr\/"},{"@type":"ListItem","position":2,"name":"Promenade Design \u00e0 la Cit\u00e9 de la Mode"}]},{"@type":"WebSite","@id":"https:\/\/finelife.tv\/fr\/#website","url":"https:\/\/finelife.tv\/fr\/","name":"FineLife.tv","description":"Quand l&#039;Art de vivre croise l&#039;Art de penser","potentialAction":[{"@type":"SearchAction","target":{"@type":"EntryPoint","urlTemplate":"https:\/\/finelife.tv\/fr\/?s={search_term_string}"},"query-input":{"@type":"PropertyValueSpecification","valueRequired":true,"valueName":"search_term_string"}}],"inLanguage":"fr-FR"},{"@type":"Person","@id":"https:\/\/finelife.tv\/fr\/#\/schema\/person\/e3d980b0c0b3dc5af01c3455893c8c52","name":"Leonore","image":{"@type":"ImageObject","inLanguage":"fr-FR","@id":"https:\/\/secure.gravatar.com\/avatar\/9a2e5073417479f910ffdeee54da5ccf4f91eab62746ce0ae0e81124a9491a79?s=96&d=mm&r=g","url":"https:\/\/secure.gravatar.com\/avatar\/9a2e5073417479f910ffdeee54da5ccf4f91eab62746ce0ae0e81124a9491a79?s=96&d=mm&r=g","contentUrl":"https:\/\/secure.gravatar.com\/avatar\/9a2e5073417479f910ffdeee54da5ccf4f91eab62746ce0ae0e81124a9491a79?s=96&d=mm&r=g","caption":"Leonore"}}]}},"_links":{"self":[{"href":"https:\/\/finelife.tv\/fr\/wp-json\/wp\/v2\/posts\/487","targetHints":{"allow":["GET"]}}],"collection":[{"href":"https:\/\/finelife.tv\/fr\/wp-json\/wp\/v2\/posts"}],"about":[{"href":"https:\/\/finelife.tv\/fr\/wp-json\/wp\/v2\/types\/post"}],"author":[{"embeddable":true,"href":"https:\/\/finelife.tv\/fr\/wp-json\/wp\/v2\/users\/1"}],"replies":[{"embeddable":true,"href":"https:\/\/finelife.tv\/fr\/wp-json\/wp\/v2\/comments?post=487"}],"version-history":[{"count":25,"href":"https:\/\/finelife.tv\/fr\/wp-json\/wp\/v2\/posts\/487\/revisions"}],"predecessor-version":[{"id":7351,"href":"https:\/\/finelife.tv\/fr\/wp-json\/wp\/v2\/posts\/487\/revisions\/7351"}],"wp:attachment":[{"href":"https:\/\/finelife.tv\/fr\/wp-json\/wp\/v2\/media?parent=487"}],"wp:term":[{"taxonomy":"category","embeddable":true,"href":"https:\/\/finelife.tv\/fr\/wp-json\/wp\/v2\/categories?post=487"},{"taxonomy":"post_tag","embeddable":true,"href":"https:\/\/finelife.tv\/fr\/wp-json\/wp\/v2\/tags?post=487"}],"curies":[{"name":"wp","href":"https:\/\/api.w.org\/{rel}","templated":true}]}}