{"id":5248,"date":"2019-08-24T17:27:19","date_gmt":"2019-08-24T15:27:19","guid":{"rendered":"http:\/\/finelife.tv\/fr\/?p=5248"},"modified":"2025-02-04T12:32:19","modified_gmt":"2025-02-04T11:32:19","slug":"loriental-fashion-show-fete-ses-30-ans","status":"publish","type":"post","link":"https:\/\/finelife.tv\/fr\/2019\/08\/24\/loriental-fashion-show-fete-ses-30-ans\/","title":{"rendered":"L&rsquo;Oriental Fashion Show f\u00eate ses 30 ans"},"content":{"rendered":"<div class=\"wp-block-image\">\n<figure class=\"aligncenter\"><img loading=\"lazy\" decoding=\"async\" width=\"640\" height=\"640\" src=\"https:\/\/finelife.tv\/fr\/wp-content\/uploads\/2019\/08\/img-src-22finelife.tvimage.jpg-alt-22l-oriental-fashion-show-fete-ses-30-ans22.jpg\" alt=\"l'oriental fashion show f\u00eate ses 30 ans \" class=\"wp-image-5191\" srcset=\"https:\/\/finelife.tv\/fr\/wp-content\/uploads\/2019\/08\/img-src-22finelife.tvimage.jpg-alt-22l-oriental-fashion-show-fete-ses-30-ans22.jpg 640w, https:\/\/finelife.tv\/fr\/wp-content\/uploads\/2019\/08\/img-src-22finelife.tvimage.jpg-alt-22l-oriental-fashion-show-fete-ses-30-ans22-150x150.jpg 150w, https:\/\/finelife.tv\/fr\/wp-content\/uploads\/2019\/08\/img-src-22finelife.tvimage.jpg-alt-22l-oriental-fashion-show-fete-ses-30-ans22-300x300.jpg 300w\" sizes=\"auto, (max-width: 640px) 100vw, 640px\" \/><\/figure>\n<\/div>\n\n\n<p>L&rsquo;Oriental Fashion Show f\u00eate ses 30 ans lors de l&rsquo;\u00e9dition automne hiver 2019 de la PFW haute couture.<\/p>\n\n\n\n<p> Dix cr\u00e9ateurs se succ\u00e8dent au salon Vend\u00f4me du Ritz.<\/p>\n\n\n\n<p>La Russie ouvre le show avec Slava Za\u00eftsev. Le \u00ab\u00a0Dior rouge\u00a0\u00bb montre des mod\u00e8les qui puisent dans la tradition en s&rsquo;inspirant de l&rsquo;art, de la nature et de l&rsquo;histoire du pays.<\/p>\n\n\n\n<p>Ensuite place au Kazakhstan avec Zardozi by Constella. La marque n\u00e9e en 2017 met en avant une technique de broderie originaire d&rsquo;Asie Centrale et de Perse. Noir et or dominent.<\/p>\n\n\n\n<p>Suivent Fouad Guerfi (Alg\u00e9rie), Arunaz by Nazim Karpykova (Kazakhstan), Yasmina Chellali (Alg\u00e9rie), Maleone (Azerba\u00efdjan) et Amina Lahbabi (Maroc), Hany El Behairy le \u00ab\u00a0pharaon de la mode \u00e9gyptienne\u00a0\u00bb.<\/p>\n\n\n\n<p>\u00c0 c\u00f4t\u00e9 des noirs et beiges, cette \u00e9dition fait \u00e9clater des couleurs \u00ab\u00a0piment\u00a0\u00bb (jaune, rouge, orange) et c\u00e9l\u00e8bre des mati\u00e8res (organza, velours, tulle) o\u00f9 s&rsquo;engouffrent les vents d&rsquo;Orient qui les scarifient de broderies.<\/p>\n\n\n\n<p>L&rsquo;Oriental Fashion Show f\u00eate ses 30 ans en distinguant aussi deux jeunes marques engag\u00e9es dans la mode \u00e9thique.<br> Lo Neel (France) s&rsquo;inspire des savoir-faire ancestraux indiens et innove \u00e0 travers l&rsquo;utilisation de mati\u00e8res recycl\u00e9es et naturelles parfois insolites comme le cuir d&rsquo;ananas, la fibre d&rsquo;eucalyptus ou de banane.<br> De son c\u00f4t\u00e9 Kengora (France -Mongolie) joue sur les mati\u00e8res nobles et l&rsquo;engagement en faveur de la place de la cr\u00e9ation f\u00e9minine dans les soci\u00e9t\u00e9s patriarcales dont elles sont originaires.<\/p>\n\n\n<div class=\"wp-block-image\">\n<figure class=\"aligncenter\"><img loading=\"lazy\" decoding=\"async\" width=\"573\" height=\"402\" src=\"https:\/\/finelife.tv\/fr\/wp-content\/uploads\/2019\/08\/img-src-22finelife.tvimage-2.jpg-alt-22oriental-fashion-show-ensemble-robe-haute-couture22-2.jpg\" alt=\"oriental fashion shox fete ses 30 ans 1\" class=\"wp-image-5200\" srcset=\"https:\/\/finelife.tv\/fr\/wp-content\/uploads\/2019\/08\/img-src-22finelife.tvimage-2.jpg-alt-22oriental-fashion-show-ensemble-robe-haute-couture22-2.jpg 573w, https:\/\/finelife.tv\/fr\/wp-content\/uploads\/2019\/08\/img-src-22finelife.tvimage-2.jpg-alt-22oriental-fashion-show-ensemble-robe-haute-couture22-2-300x210.jpg 300w\" sizes=\"auto, (max-width: 573px) 100vw, 573px\" \/><\/figure>\n<\/div>\n\n\n<p><\/p>\n\n\n<div class=\"wp-block-image\">\n<figure class=\"aligncenter\"><img loading=\"lazy\" decoding=\"async\" width=\"480\" height=\"331\" src=\"https:\/\/finelife.tv\/fr\/wp-content\/uploads\/2019\/08\/img-src-22finelife.tvimage.jpg-alt-22oriental-fashion-show-robe-verte-haute-couture22.jpg\" alt=\"oriental fashion show \" class=\"wp-image-5198\" srcset=\"https:\/\/finelife.tv\/fr\/wp-content\/uploads\/2019\/08\/img-src-22finelife.tvimage.jpg-alt-22oriental-fashion-show-robe-verte-haute-couture22.jpg 480w, https:\/\/finelife.tv\/fr\/wp-content\/uploads\/2019\/08\/img-src-22finelife.tvimage.jpg-alt-22oriental-fashion-show-robe-verte-haute-couture22-300x207.jpg 300w\" sizes=\"auto, (max-width: 480px) 100vw, 480px\" \/><\/figure>\n<\/div>\n\n\n<p><\/p>\n\n\n<div class=\"wp-block-image\">\n<figure class=\"aligncenter\"><img loading=\"lazy\" decoding=\"async\" width=\"500\" height=\"500\" src=\"https:\/\/finelife.tv\/fr\/wp-content\/uploads\/2019\/08\/img-src-22finelife.tvimage.jpg-alt-22oriental-fashion-show-robe22.jpg\" alt=\"oriental fasjion shoxw 2\" class=\"wp-image-5197\" srcset=\"https:\/\/finelife.tv\/fr\/wp-content\/uploads\/2019\/08\/img-src-22finelife.tvimage.jpg-alt-22oriental-fashion-show-robe22.jpg 500w, https:\/\/finelife.tv\/fr\/wp-content\/uploads\/2019\/08\/img-src-22finelife.tvimage.jpg-alt-22oriental-fashion-show-robe22-150x150.jpg 150w, https:\/\/finelife.tv\/fr\/wp-content\/uploads\/2019\/08\/img-src-22finelife.tvimage.jpg-alt-22oriental-fashion-show-robe22-300x300.jpg 300w\" sizes=\"auto, (max-width: 500px) 100vw, 500px\" \/><\/figure>\n<\/div>\n\n\n<p><\/p>\n\n\n<div class=\"wp-block-image\">\n<figure class=\"aligncenter\"><img loading=\"lazy\" decoding=\"async\" width=\"509\" height=\"474\" src=\"https:\/\/finelife.tv\/fr\/wp-content\/uploads\/2019\/08\/img-src-22finelife.tvimage.jpg-alt-22oriental-fashion-show-robe-haute-couture-noire22.jpg\" alt=\"l'oriental fashion show 2\" class=\"wp-image-5192\" srcset=\"https:\/\/finelife.tv\/fr\/wp-content\/uploads\/2019\/08\/img-src-22finelife.tvimage.jpg-alt-22oriental-fashion-show-robe-haute-couture-noire22.jpg 509w, https:\/\/finelife.tv\/fr\/wp-content\/uploads\/2019\/08\/img-src-22finelife.tvimage.jpg-alt-22oriental-fashion-show-robe-haute-couture-noire22-300x279.jpg 300w\" sizes=\"auto, (max-width: 509px) 100vw, 509px\" \/><\/figure>\n<\/div>\n\n\n<p><\/p>\n\n\n\n<p><strong>L&rsquo;Oriental Fashion Show f\u00eate ses 30 ans au Ritz<\/strong><br><a href=\"http:\/\/ http:\/\/www.orientalfashionshow.com\"> http:\/\/www.orientalfashionshow.com<\/a><\/p>\n\n\n\n<p>Related article<\/p>\n\n\n\n<p><strong>Dany Atrache femme des ann\u00e9es 80<\/strong><br> <a href=\"https:\/\/finelife.tv\/fr\/2018\/09\/05\/dany-atrache-femmes-des-annees-80\/\">https:\/\/finelife.tv\/fr\/2018\/09\/05\/dany-atrache-femmes-des-annees-80\/<\/a><\/p>\n\n\n\n<p><strong><a href=\"https:\/\/finelife.tv\/fr\/2025\/02\/04\/mode-inclover-collection-couture-tamyr\/\">Mode Inclover collection couture Tamyr<\/a><\/strong><\/p>\n","protected":false},"excerpt":{"rendered":"<p>L&rsquo;Oriental Fashion Show f\u00eate ses 30 ans au Ritz  lors de l&rsquo;\u00e9dition automne hiver 2019 de la PFW haute couture. On y croise grands noms et jeunes pousses.<\/p>\n","protected":false},"author":1,"featured_media":0,"comment_status":"closed","ping_status":"open","sticky":false,"template":"","format":"standard","meta":{"footnotes":""},"categories":[4],"tags":[2075,96,1729,2073,148,2067,2069,2074,2072,1703,2076],"class_list":["post-5248","post","type-post","status-publish","format-standard","hentry","category-blog","tag-fw","tag-haute-couture","tag-haute-couture-fashion-week","tag-kazakhstan-fashion","tag-mode","tag-mode-oriental-fashion-show-fashion","tag-oriental-fashion-design","tag-oriental-fashion-designers","tag-oriental-fashion-show-algerie-fashion","tag-pfw-2019","tag-pfw-automne-hiver-2019"],"yoast_head":"<!-- This site is optimized with the Yoast SEO plugin v27.5 - https:\/\/yoast.com\/product\/yoast-seo-wordpress\/ -->\n<title>L&#039;Oriental Fashion Show f\u00eate ses 30 ans - FineLife.tv<\/title>\n<meta name=\"description\" content=\"L&#039;Oriental Fashion Show f\u00eate ses 30 ans au Ritz lors de l&#039;\u00e9dition automne hiver 2019 de la PFW haute couture. On y croise grands noms et jeunes pousses.\" \/>\n<meta name=\"robots\" content=\"index, follow, max-snippet:-1, max-image-preview:large, max-video-preview:-1\" \/>\n<link rel=\"canonical\" href=\"https:\/\/finelife.tv\/fr\/2019\/08\/24\/loriental-fashion-show-fete-ses-30-ans\/\" \/>\n<meta property=\"og:locale\" content=\"fr_FR\" \/>\n<meta property=\"og:type\" content=\"article\" \/>\n<meta property=\"og:title\" content=\"L&#039;Oriental Fashion Show f\u00eate ses 30 ans - FineLife.tv\" \/>\n<meta property=\"og:description\" content=\"L&#039;Oriental Fashion Show f\u00eate ses 30 ans au Ritz lors de l&#039;\u00e9dition automne hiver 2019 de la PFW haute couture. On y croise grands noms et jeunes pousses.\" \/>\n<meta property=\"og:url\" content=\"https:\/\/finelife.tv\/fr\/2019\/08\/24\/loriental-fashion-show-fete-ses-30-ans\/\" \/>\n<meta property=\"og:site_name\" content=\"FineLife.tv\" \/>\n<meta property=\"article:published_time\" content=\"2019-08-24T15:27:19+00:00\" \/>\n<meta property=\"article:modified_time\" content=\"2025-02-04T11:32:19+00:00\" \/>\n<meta property=\"og:image\" content=\"http:\/\/finelife.tv\/fr\/wp-content\/uploads\/2019\/08\/img-src-22finelife.tvimage.jpg-alt-22l-oriental-fashion-show-fete-ses-30-ans22.jpg\" \/>\n<meta name=\"author\" content=\"Leonore\" \/>\n<meta name=\"twitter:card\" content=\"summary_large_image\" \/>\n<meta name=\"twitter:creator\" content=\"@finelifetv\" \/>\n<meta name=\"twitter:site\" content=\"@finelifetv\" \/>\n<meta name=\"twitter:label1\" content=\"\u00c9crit par\" \/>\n\t<meta name=\"twitter:data1\" content=\"Leonore\" \/>\n\t<meta name=\"twitter:label2\" content=\"Dur\u00e9e de lecture estim\u00e9e\" \/>\n\t<meta name=\"twitter:data2\" content=\"3 minutes\" \/>\n<script type=\"application\/ld+json\" class=\"yoast-schema-graph\">{\"@context\":\"https:\\\/\\\/schema.org\",\"@graph\":[{\"@type\":\"Article\",\"@id\":\"https:\\\/\\\/finelife.tv\\\/fr\\\/2019\\\/08\\\/24\\\/loriental-fashion-show-fete-ses-30-ans\\\/#article\",\"isPartOf\":{\"@id\":\"https:\\\/\\\/finelife.tv\\\/fr\\\/2019\\\/08\\\/24\\\/loriental-fashion-show-fete-ses-30-ans\\\/\"},\"author\":{\"name\":\"Leonore\",\"@id\":\"https:\\\/\\\/finelife.tv\\\/fr\\\/#\\\/schema\\\/person\\\/e3d980b0c0b3dc5af01c3455893c8c52\"},\"headline\":\"L&rsquo;Oriental Fashion Show f\u00eate ses 30 ans\",\"datePublished\":\"2019-08-24T15:27:19+00:00\",\"dateModified\":\"2025-02-04T11:32:19+00:00\",\"mainEntityOfPage\":{\"@id\":\"https:\\\/\\\/finelife.tv\\\/fr\\\/2019\\\/08\\\/24\\\/loriental-fashion-show-fete-ses-30-ans\\\/\"},\"wordCount\":298,\"image\":{\"@id\":\"https:\\\/\\\/finelife.tv\\\/fr\\\/2019\\\/08\\\/24\\\/loriental-fashion-show-fete-ses-30-ans\\\/#primaryimage\"},\"thumbnailUrl\":\"http:\\\/\\\/finelife.tv\\\/fr\\\/wp-content\\\/uploads\\\/2019\\\/08\\\/img-src-22finelife.tvimage.jpg-alt-22l-oriental-fashion-show-fete-ses-30-ans22.jpg\",\"keywords\":[\"FW\",\"haute couture\",\"Haute Couture Fashion Week\",\"Kazakhstan fashion\",\"mode\",\"mode; oriental fashion show; fashion\",\"oriental fashion design\",\"oriental fashion designers\",\"oriental fashion show. Alg\u00e9rie fashion\",\"PFW 2019\",\"pfw automne hiver 2019\"],\"articleSection\":[\"Blog\"],\"inLanguage\":\"fr-FR\"},{\"@type\":\"WebPage\",\"@id\":\"https:\\\/\\\/finelife.tv\\\/fr\\\/2019\\\/08\\\/24\\\/loriental-fashion-show-fete-ses-30-ans\\\/\",\"url\":\"https:\\\/\\\/finelife.tv\\\/fr\\\/2019\\\/08\\\/24\\\/loriental-fashion-show-fete-ses-30-ans\\\/\",\"name\":\"L'Oriental Fashion Show f\u00eate ses 30 ans - FineLife.tv\",\"isPartOf\":{\"@id\":\"https:\\\/\\\/finelife.tv\\\/fr\\\/#website\"},\"primaryImageOfPage\":{\"@id\":\"https:\\\/\\\/finelife.tv\\\/fr\\\/2019\\\/08\\\/24\\\/loriental-fashion-show-fete-ses-30-ans\\\/#primaryimage\"},\"image\":{\"@id\":\"https:\\\/\\\/finelife.tv\\\/fr\\\/2019\\\/08\\\/24\\\/loriental-fashion-show-fete-ses-30-ans\\\/#primaryimage\"},\"thumbnailUrl\":\"http:\\\/\\\/finelife.tv\\\/fr\\\/wp-content\\\/uploads\\\/2019\\\/08\\\/img-src-22finelife.tvimage.jpg-alt-22l-oriental-fashion-show-fete-ses-30-ans22.jpg\",\"datePublished\":\"2019-08-24T15:27:19+00:00\",\"dateModified\":\"2025-02-04T11:32:19+00:00\",\"author\":{\"@id\":\"https:\\\/\\\/finelife.tv\\\/fr\\\/#\\\/schema\\\/person\\\/e3d980b0c0b3dc5af01c3455893c8c52\"},\"description\":\"L'Oriental Fashion Show f\u00eate ses 30 ans au Ritz lors de l'\u00e9dition automne hiver 2019 de la PFW haute couture. On y croise grands noms et jeunes pousses.\",\"breadcrumb\":{\"@id\":\"https:\\\/\\\/finelife.tv\\\/fr\\\/2019\\\/08\\\/24\\\/loriental-fashion-show-fete-ses-30-ans\\\/#breadcrumb\"},\"inLanguage\":\"fr-FR\",\"potentialAction\":[{\"@type\":\"ReadAction\",\"target\":[\"https:\\\/\\\/finelife.tv\\\/fr\\\/2019\\\/08\\\/24\\\/loriental-fashion-show-fete-ses-30-ans\\\/\"]}]},{\"@type\":\"ImageObject\",\"inLanguage\":\"fr-FR\",\"@id\":\"https:\\\/\\\/finelife.tv\\\/fr\\\/2019\\\/08\\\/24\\\/loriental-fashion-show-fete-ses-30-ans\\\/#primaryimage\",\"url\":\"http:\\\/\\\/finelife.tv\\\/fr\\\/wp-content\\\/uploads\\\/2019\\\/08\\\/img-src-22finelife.tvimage.jpg-alt-22l-oriental-fashion-show-fete-ses-30-ans22.jpg\",\"contentUrl\":\"http:\\\/\\\/finelife.tv\\\/fr\\\/wp-content\\\/uploads\\\/2019\\\/08\\\/img-src-22finelife.tvimage.jpg-alt-22l-oriental-fashion-show-fete-ses-30-ans22.jpg\"},{\"@type\":\"BreadcrumbList\",\"@id\":\"https:\\\/\\\/finelife.tv\\\/fr\\\/2019\\\/08\\\/24\\\/loriental-fashion-show-fete-ses-30-ans\\\/#breadcrumb\",\"itemListElement\":[{\"@type\":\"ListItem\",\"position\":1,\"name\":\"Accueil\",\"item\":\"https:\\\/\\\/finelife.tv\\\/fr\\\/\"},{\"@type\":\"ListItem\",\"position\":2,\"name\":\"L&rsquo;Oriental Fashion Show f\u00eate ses 30 ans\"}]},{\"@type\":\"WebSite\",\"@id\":\"https:\\\/\\\/finelife.tv\\\/fr\\\/#website\",\"url\":\"https:\\\/\\\/finelife.tv\\\/fr\\\/\",\"name\":\"FineLife.tv\",\"description\":\"Quand l&#039;Art de vivre croise l&#039;Art de penser\",\"potentialAction\":[{\"@type\":\"SearchAction\",\"target\":{\"@type\":\"EntryPoint\",\"urlTemplate\":\"https:\\\/\\\/finelife.tv\\\/fr\\\/?s={search_term_string}\"},\"query-input\":{\"@type\":\"PropertyValueSpecification\",\"valueRequired\":true,\"valueName\":\"search_term_string\"}}],\"inLanguage\":\"fr-FR\"},{\"@type\":\"Person\",\"@id\":\"https:\\\/\\\/finelife.tv\\\/fr\\\/#\\\/schema\\\/person\\\/e3d980b0c0b3dc5af01c3455893c8c52\",\"name\":\"Leonore\",\"image\":{\"@type\":\"ImageObject\",\"inLanguage\":\"fr-FR\",\"@id\":\"https:\\\/\\\/secure.gravatar.com\\\/avatar\\\/9a2e5073417479f910ffdeee54da5ccf4f91eab62746ce0ae0e81124a9491a79?s=96&d=mm&r=g\",\"url\":\"https:\\\/\\\/secure.gravatar.com\\\/avatar\\\/9a2e5073417479f910ffdeee54da5ccf4f91eab62746ce0ae0e81124a9491a79?s=96&d=mm&r=g\",\"contentUrl\":\"https:\\\/\\\/secure.gravatar.com\\\/avatar\\\/9a2e5073417479f910ffdeee54da5ccf4f91eab62746ce0ae0e81124a9491a79?s=96&d=mm&r=g\",\"caption\":\"Leonore\"}}]}<\/script>\n<!-- \/ Yoast SEO plugin. -->","yoast_head_json":{"title":"L'Oriental Fashion Show f\u00eate ses 30 ans - FineLife.tv","description":"L'Oriental Fashion Show f\u00eate ses 30 ans au Ritz lors de l'\u00e9dition automne hiver 2019 de la PFW haute couture. On y croise grands noms et jeunes pousses.","robots":{"index":"index","follow":"follow","max-snippet":"max-snippet:-1","max-image-preview":"max-image-preview:large","max-video-preview":"max-video-preview:-1"},"canonical":"https:\/\/finelife.tv\/fr\/2019\/08\/24\/loriental-fashion-show-fete-ses-30-ans\/","og_locale":"fr_FR","og_type":"article","og_title":"L'Oriental Fashion Show f\u00eate ses 30 ans - FineLife.tv","og_description":"L'Oriental Fashion Show f\u00eate ses 30 ans au Ritz lors de l'\u00e9dition automne hiver 2019 de la PFW haute couture. On y croise grands noms et jeunes pousses.","og_url":"https:\/\/finelife.tv\/fr\/2019\/08\/24\/loriental-fashion-show-fete-ses-30-ans\/","og_site_name":"FineLife.tv","article_published_time":"2019-08-24T15:27:19+00:00","article_modified_time":"2025-02-04T11:32:19+00:00","og_image":[{"url":"http:\/\/finelife.tv\/fr\/wp-content\/uploads\/2019\/08\/img-src-22finelife.tvimage.jpg-alt-22l-oriental-fashion-show-fete-ses-30-ans22.jpg","type":"","width":"","height":""}],"author":"Leonore","twitter_card":"summary_large_image","twitter_creator":"@finelifetv","twitter_site":"@finelifetv","twitter_misc":{"\u00c9crit par":"Leonore","Dur\u00e9e de lecture estim\u00e9e":"3 minutes"},"schema":{"@context":"https:\/\/schema.org","@graph":[{"@type":"Article","@id":"https:\/\/finelife.tv\/fr\/2019\/08\/24\/loriental-fashion-show-fete-ses-30-ans\/#article","isPartOf":{"@id":"https:\/\/finelife.tv\/fr\/2019\/08\/24\/loriental-fashion-show-fete-ses-30-ans\/"},"author":{"name":"Leonore","@id":"https:\/\/finelife.tv\/fr\/#\/schema\/person\/e3d980b0c0b3dc5af01c3455893c8c52"},"headline":"L&rsquo;Oriental Fashion Show f\u00eate ses 30 ans","datePublished":"2019-08-24T15:27:19+00:00","dateModified":"2025-02-04T11:32:19+00:00","mainEntityOfPage":{"@id":"https:\/\/finelife.tv\/fr\/2019\/08\/24\/loriental-fashion-show-fete-ses-30-ans\/"},"wordCount":298,"image":{"@id":"https:\/\/finelife.tv\/fr\/2019\/08\/24\/loriental-fashion-show-fete-ses-30-ans\/#primaryimage"},"thumbnailUrl":"http:\/\/finelife.tv\/fr\/wp-content\/uploads\/2019\/08\/img-src-22finelife.tvimage.jpg-alt-22l-oriental-fashion-show-fete-ses-30-ans22.jpg","keywords":["FW","haute couture","Haute Couture Fashion Week","Kazakhstan fashion","mode","mode; oriental fashion show; fashion","oriental fashion design","oriental fashion designers","oriental fashion show. Alg\u00e9rie fashion","PFW 2019","pfw automne hiver 2019"],"articleSection":["Blog"],"inLanguage":"fr-FR"},{"@type":"WebPage","@id":"https:\/\/finelife.tv\/fr\/2019\/08\/24\/loriental-fashion-show-fete-ses-30-ans\/","url":"https:\/\/finelife.tv\/fr\/2019\/08\/24\/loriental-fashion-show-fete-ses-30-ans\/","name":"L'Oriental Fashion Show f\u00eate ses 30 ans - FineLife.tv","isPartOf":{"@id":"https:\/\/finelife.tv\/fr\/#website"},"primaryImageOfPage":{"@id":"https:\/\/finelife.tv\/fr\/2019\/08\/24\/loriental-fashion-show-fete-ses-30-ans\/#primaryimage"},"image":{"@id":"https:\/\/finelife.tv\/fr\/2019\/08\/24\/loriental-fashion-show-fete-ses-30-ans\/#primaryimage"},"thumbnailUrl":"http:\/\/finelife.tv\/fr\/wp-content\/uploads\/2019\/08\/img-src-22finelife.tvimage.jpg-alt-22l-oriental-fashion-show-fete-ses-30-ans22.jpg","datePublished":"2019-08-24T15:27:19+00:00","dateModified":"2025-02-04T11:32:19+00:00","author":{"@id":"https:\/\/finelife.tv\/fr\/#\/schema\/person\/e3d980b0c0b3dc5af01c3455893c8c52"},"description":"L'Oriental Fashion Show f\u00eate ses 30 ans au Ritz lors de l'\u00e9dition automne hiver 2019 de la PFW haute couture. On y croise grands noms et jeunes pousses.","breadcrumb":{"@id":"https:\/\/finelife.tv\/fr\/2019\/08\/24\/loriental-fashion-show-fete-ses-30-ans\/#breadcrumb"},"inLanguage":"fr-FR","potentialAction":[{"@type":"ReadAction","target":["https:\/\/finelife.tv\/fr\/2019\/08\/24\/loriental-fashion-show-fete-ses-30-ans\/"]}]},{"@type":"ImageObject","inLanguage":"fr-FR","@id":"https:\/\/finelife.tv\/fr\/2019\/08\/24\/loriental-fashion-show-fete-ses-30-ans\/#primaryimage","url":"http:\/\/finelife.tv\/fr\/wp-content\/uploads\/2019\/08\/img-src-22finelife.tvimage.jpg-alt-22l-oriental-fashion-show-fete-ses-30-ans22.jpg","contentUrl":"http:\/\/finelife.tv\/fr\/wp-content\/uploads\/2019\/08\/img-src-22finelife.tvimage.jpg-alt-22l-oriental-fashion-show-fete-ses-30-ans22.jpg"},{"@type":"BreadcrumbList","@id":"https:\/\/finelife.tv\/fr\/2019\/08\/24\/loriental-fashion-show-fete-ses-30-ans\/#breadcrumb","itemListElement":[{"@type":"ListItem","position":1,"name":"Accueil","item":"https:\/\/finelife.tv\/fr\/"},{"@type":"ListItem","position":2,"name":"L&rsquo;Oriental Fashion Show f\u00eate ses 30 ans"}]},{"@type":"WebSite","@id":"https:\/\/finelife.tv\/fr\/#website","url":"https:\/\/finelife.tv\/fr\/","name":"FineLife.tv","description":"Quand l&#039;Art de vivre croise l&#039;Art de penser","potentialAction":[{"@type":"SearchAction","target":{"@type":"EntryPoint","urlTemplate":"https:\/\/finelife.tv\/fr\/?s={search_term_string}"},"query-input":{"@type":"PropertyValueSpecification","valueRequired":true,"valueName":"search_term_string"}}],"inLanguage":"fr-FR"},{"@type":"Person","@id":"https:\/\/finelife.tv\/fr\/#\/schema\/person\/e3d980b0c0b3dc5af01c3455893c8c52","name":"Leonore","image":{"@type":"ImageObject","inLanguage":"fr-FR","@id":"https:\/\/secure.gravatar.com\/avatar\/9a2e5073417479f910ffdeee54da5ccf4f91eab62746ce0ae0e81124a9491a79?s=96&d=mm&r=g","url":"https:\/\/secure.gravatar.com\/avatar\/9a2e5073417479f910ffdeee54da5ccf4f91eab62746ce0ae0e81124a9491a79?s=96&d=mm&r=g","contentUrl":"https:\/\/secure.gravatar.com\/avatar\/9a2e5073417479f910ffdeee54da5ccf4f91eab62746ce0ae0e81124a9491a79?s=96&d=mm&r=g","caption":"Leonore"}}]}},"_links":{"self":[{"href":"https:\/\/finelife.tv\/fr\/wp-json\/wp\/v2\/posts\/5248","targetHints":{"allow":["GET"]}}],"collection":[{"href":"https:\/\/finelife.tv\/fr\/wp-json\/wp\/v2\/posts"}],"about":[{"href":"https:\/\/finelife.tv\/fr\/wp-json\/wp\/v2\/types\/post"}],"author":[{"embeddable":true,"href":"https:\/\/finelife.tv\/fr\/wp-json\/wp\/v2\/users\/1"}],"replies":[{"embeddable":true,"href":"https:\/\/finelife.tv\/fr\/wp-json\/wp\/v2\/comments?post=5248"}],"version-history":[{"count":9,"href":"https:\/\/finelife.tv\/fr\/wp-json\/wp\/v2\/posts\/5248\/revisions"}],"predecessor-version":[{"id":21756,"href":"https:\/\/finelife.tv\/fr\/wp-json\/wp\/v2\/posts\/5248\/revisions\/21756"}],"wp:attachment":[{"href":"https:\/\/finelife.tv\/fr\/wp-json\/wp\/v2\/media?parent=5248"}],"wp:term":[{"taxonomy":"category","embeddable":true,"href":"https:\/\/finelife.tv\/fr\/wp-json\/wp\/v2\/categories?post=5248"},{"taxonomy":"post_tag","embeddable":true,"href":"https:\/\/finelife.tv\/fr\/wp-json\/wp\/v2\/tags?post=5248"}],"curies":[{"name":"wp","href":"https:\/\/api.w.org\/{rel}","templated":true}]}}