{"id":5936,"date":"2020-06-29T13:56:58","date_gmt":"2020-06-29T11:56:58","guid":{"rendered":"http:\/\/finelife.tv\/fr\/?p=5936"},"modified":"2026-03-04T11:38:54","modified_gmt":"2026-03-04T10:38:54","slug":"harpers-bazaar-premier-magazine-de-mode-le-mad-chic","status":"publish","type":"post","link":"https:\/\/finelife.tv\/fr\/2020\/06\/29\/harpers-bazaar-premier-magazine-de-mode-le-mad-chic\/","title":{"rendered":"Harper&rsquo;s Bazaar, premier magazine de mode : le MAD chic"},"content":{"rendered":"\n<figure class=\"wp-block-gallery has-nested-images columns-default is-cropped wp-block-gallery-1 is-layout-flex wp-block-gallery-is-layout-flex\">\n<figure class=\"wp-block-image size-large\"><img loading=\"lazy\" decoding=\"async\" width=\"1024\" height=\"1001\" data-id=\"6204\" src=\"https:\/\/finelife.tv\/fr\/wp-content\/uploads\/2020\/08\/img-src-22http-finelife.tvimage.jpg-alt-22Harper-s-Bazaar-premier-magazine-de-mode-le-MAD-chic22-1024x1001.jpg\" alt=\"Harper's Bazaar, premier magazine de mode : le MAD chic\" class=\"wp-image-6204\" srcset=\"https:\/\/finelife.tv\/fr\/wp-content\/uploads\/2020\/08\/img-src-22http-finelife.tvimage.jpg-alt-22Harper-s-Bazaar-premier-magazine-de-mode-le-MAD-chic22-1024x1001.jpg 1024w, https:\/\/finelife.tv\/fr\/wp-content\/uploads\/2020\/08\/img-src-22http-finelife.tvimage.jpg-alt-22Harper-s-Bazaar-premier-magazine-de-mode-le-MAD-chic22-300x293.jpg 300w, https:\/\/finelife.tv\/fr\/wp-content\/uploads\/2020\/08\/img-src-22http-finelife.tvimage.jpg-alt-22Harper-s-Bazaar-premier-magazine-de-mode-le-MAD-chic22-768x751.jpg 768w, https:\/\/finelife.tv\/fr\/wp-content\/uploads\/2020\/08\/img-src-22http-finelife.tvimage.jpg-alt-22Harper-s-Bazaar-premier-magazine-de-mode-le-MAD-chic22.jpg 1536w\" sizes=\"auto, (max-width: 1024px) 100vw, 1024px\" \/><\/figure>\n<\/figure>\n\n\n<p>Vogue? Non ! Esquire? Non !<br \/>Pour la r\u00e9ouverture de ses espaces modes, le MAD c\u00e9l\u00e8bre le Harper&rsquo;s Bazaar.<br \/>Le magazine de mode mythique -le plus ancien journal de cette cat\u00e9gorie encore \u00ab\u00a0vivant\u00a0\u00bb- est peu connu du public Hexagonal. L&rsquo;explication r\u00e9side peut-\u00eatre dans le fait que ses 44 \u00e9ditions ne comptent pas de version fran\u00e7aise.<br \/>Alors pourquoi ce choix du Harper&rsquo; s Bazaar ?<br \/>Robe surr\u00e9elles Vionnet ou Balenciaga, New Look Dior, futurisme Courr\u00e8ges, \u00e9pure Jil Sander &#8230; le magazine survole et analyse 150 ans de mode. Un patrimoine qui correspond \u00e0 l&rsquo;approche mus\u00e9ale du MAD riche de 152 800 pi\u00e8ces int\u00e9grant costumes, accessoires et textiles. Par ailleurs, le MAD ne pouvait rester insensible \u00e0 un support qui a invent\u00e9 des formes visuelles \u00ab\u00a0signatures\u00a0\u00bb du si\u00e8cle dernier.<\/p>\n<p><img loading=\"lazy\" decoding=\"async\" class=\" wp-image-5900 aligncenter\" src=\"https:\/\/finelife.tv\/fr\/wp-content\/uploads\/2020\/03\/img-src-22http-finelife.tvimage.jpg-alt-22Harper-s-Bazaar-premier-magazine-de-mode-le-MAD-chic-galerie22-225x300.jpg\" alt=\"Harper's Bazaar, premier magazine de mode : le MAD chic galerie\" width=\"295\" height=\"393\" srcset=\"https:\/\/finelife.tv\/fr\/wp-content\/uploads\/2020\/03\/img-src-22http-finelife.tvimage.jpg-alt-22Harper-s-Bazaar-premier-magazine-de-mode-le-MAD-chic-galerie22-225x300.jpg 225w, https:\/\/finelife.tv\/fr\/wp-content\/uploads\/2020\/03\/img-src-22http-finelife.tvimage.jpg-alt-22Harper-s-Bazaar-premier-magazine-de-mode-le-MAD-chic-galerie22-768x1024.jpg 768w, https:\/\/finelife.tv\/fr\/wp-content\/uploads\/2020\/03\/img-src-22http-finelife.tvimage.jpg-alt-22Harper-s-Bazaar-premier-magazine-de-mode-le-MAD-chic-galerie22-1152x1536.jpg 1152w, https:\/\/finelife.tv\/fr\/wp-content\/uploads\/2020\/03\/img-src-22http-finelife.tvimage.jpg-alt-22Harper-s-Bazaar-premier-magazine-de-mode-le-MAD-chic-galerie22-1536x2048.jpg 1536w, https:\/\/finelife.tv\/fr\/wp-content\/uploads\/2020\/03\/img-src-22http-finelife.tvimage.jpg-alt-22Harper-s-Bazaar-premier-magazine-de-mode-le-MAD-chic-galerie22-scaled.jpg 1920w\" sizes=\"auto, (max-width: 295px) 100vw, 295px\" \/><\/p>\n<p>L&rsquo;exposition Harper&rsquo;s Bazaar, premier magazine de mode : le MAD chic se d\u00e9roule sur deux niveaux de pierres brutes parfois apparentes \u00e9clair\u00e9s par une lumi\u00e8re qui drape les \u0153uvres.<br \/>Pr\u00e8s de 60 pi\u00e8ces de haute couture et pr\u00eat-\u00e0-porter compl\u00e9t\u00e9es par des pr\u00eats dialoguent avec leur publication originale en tr\u00e8s grand format. Patrons, croquis compl\u00e8tent cette construction de l&rsquo;image.<\/p>\n<p><strong><span style=\"color: #ff6600;\">La sc\u00e9nographie chronologique suit 150 ans de mode et de graphisme<\/span><\/strong><\/p>\n<p>\u00c0 l&rsquo;entr\u00e9e, les anc\u00eatres des magazines actuels.<br \/>Des gravures anciennes en r\u00e9sonance avec une grande tapisserie puis des formats almanach. \u00c0 l&rsquo;origine les gazettes de mode avaient ce format, l&rsquo;\u00e9paisseur d&rsquo;un livre et \u00e9taient bourr\u00e9s d&rsquo;illustrations.<\/p>\n<p><img loading=\"lazy\" decoding=\"async\" class=\" wp-image-5897 aligncenter\" src=\"https:\/\/finelife.tv\/fr\/wp-content\/uploads\/2020\/03\/img-src-22http-finelife.tvimage.jpg-alt-22Harper-s-Bazaar-premier-magazine-de-mode-le-MAD-chic-tapisserie22-300x225.jpg\" alt=\"Harper's Bazaar, premier magazine de mode : le MAD chic tapissesrie\" width=\"347\" height=\"260\" srcset=\"https:\/\/finelife.tv\/fr\/wp-content\/uploads\/2020\/03\/img-src-22http-finelife.tvimage.jpg-alt-22Harper-s-Bazaar-premier-magazine-de-mode-le-MAD-chic-tapisserie22-300x225.jpg 300w, https:\/\/finelife.tv\/fr\/wp-content\/uploads\/2020\/03\/img-src-22http-finelife.tvimage.jpg-alt-22Harper-s-Bazaar-premier-magazine-de-mode-le-MAD-chic-tapisserie22-1024x768.jpg 1024w, https:\/\/finelife.tv\/fr\/wp-content\/uploads\/2020\/03\/img-src-22http-finelife.tvimage.jpg-alt-22Harper-s-Bazaar-premier-magazine-de-mode-le-MAD-chic-tapisserie22-768x576.jpg 768w, https:\/\/finelife.tv\/fr\/wp-content\/uploads\/2020\/03\/img-src-22http-finelife.tvimage.jpg-alt-22Harper-s-Bazaar-premier-magazine-de-mode-le-MAD-chic-tapisserie22-1536x1152.jpg 1536w, https:\/\/finelife.tv\/fr\/wp-content\/uploads\/2020\/03\/img-src-22http-finelife.tvimage.jpg-alt-22Harper-s-Bazaar-premier-magazine-de-mode-le-MAD-chic-tapisserie22-2048x1536.jpg 2048w\" sizes=\"auto, (max-width: 347px) 100vw, 347px\" \/><\/p>\n<p><img loading=\"lazy\" decoding=\"async\" class=\"size-medium wp-image-5895 aligncenter\" src=\"https:\/\/finelife.tv\/fr\/wp-content\/uploads\/2020\/03\/img-src-22http-finelife.tvimage.jpg-alt-22Harper-s-Bazaar-premier-magazine-de-mode-le-MAD-chic-gravures22-289x300.jpg\" alt=\"Harper's Bazaar, premier magazine de mode : le MAD chic illustrations\" width=\"289\" height=\"300\" srcset=\"https:\/\/finelife.tv\/fr\/wp-content\/uploads\/2020\/03\/img-src-22http-finelife.tvimage.jpg-alt-22Harper-s-Bazaar-premier-magazine-de-mode-le-MAD-chic-gravures22-289x300.jpg 289w, https:\/\/finelife.tv\/fr\/wp-content\/uploads\/2020\/03\/img-src-22http-finelife.tvimage.jpg-alt-22Harper-s-Bazaar-premier-magazine-de-mode-le-MAD-chic-gravures22.jpg 468w\" sizes=\"auto, (max-width: 289px) 100vw, 289px\" \/><\/p>\n<p><span style=\"color: #ff0000;\">1867<\/span> : d\u00e9but de r\u00e8gne de Mari-Louise Booth la premi\u00e8re r\u00e9dactrice en chef : mannequins habill\u00e9es de robes du couturier fran\u00e7ais Charles-Fr\u00e9d\u00e9rick Worth Cover, exemplaires d&rsquo;\u00e9poque avec leurs illustrations, leurs articles d&rsquo;\u00e9crivains et leur focus artistiques.<\/p>\n<p><img loading=\"lazy\" decoding=\"async\" class=\" wp-image-5896 aligncenter\" src=\"https:\/\/finelife.tv\/fr\/wp-content\/uploads\/2020\/03\/img-src-22http-finelife.tvimage.jpg-alt-22Harper-s-Bazaar-premier-magazine-de-mode-le-MAD-chic-robes-worth22jpg-237x300.jpg\" alt=\"Harper's Bazaar, premier magazine de mode : le MAD chic robe worth\" width=\"254\" height=\"322\" srcset=\"https:\/\/finelife.tv\/fr\/wp-content\/uploads\/2020\/03\/img-src-22http-finelife.tvimage.jpg-alt-22Harper-s-Bazaar-premier-magazine-de-mode-le-MAD-chic-robes-worth22jpg-237x300.jpg 237w, https:\/\/finelife.tv\/fr\/wp-content\/uploads\/2020\/03\/img-src-22http-finelife.tvimage.jpg-alt-22Harper-s-Bazaar-premier-magazine-de-mode-le-MAD-chic-robes-worth22jpg-809x1024.jpg 809w, https:\/\/finelife.tv\/fr\/wp-content\/uploads\/2020\/03\/img-src-22http-finelife.tvimage.jpg-alt-22Harper-s-Bazaar-premier-magazine-de-mode-le-MAD-chic-robes-worth22jpg-768x972.jpg 768w, https:\/\/finelife.tv\/fr\/wp-content\/uploads\/2020\/03\/img-src-22http-finelife.tvimage.jpg-alt-22Harper-s-Bazaar-premier-magazine-de-mode-le-MAD-chic-robes-worth22jpg-1213x1536.jpg 1213w, https:\/\/finelife.tv\/fr\/wp-content\/uploads\/2020\/03\/img-src-22http-finelife.tvimage.jpg-alt-22Harper-s-Bazaar-premier-magazine-de-mode-le-MAD-chic-robes-worth22jpg.jpg 1617w\" sizes=\"auto, (max-width: 254px) 100vw, 254px\" \/><\/p>\n<p><span style=\"color: #ff0000;\">1913<\/span> : rachat par William Randolph et changement d&rsquo;orientation. Le magazine \u00e9rudit penche vers le glamour avec l&rsquo;apparition des couleurs, C\u2019est la grande p\u00e9riode des arabesques d\u2019Ert\u00e9 (Romain de Tirtoff), proche de Poiret, de l&rsquo;orientalisme et des ballet russes.<\/p>\n<p><img loading=\"lazy\" decoding=\"async\" class=\"size-medium wp-image-5913 aligncenter\" src=\"https:\/\/finelife.tv\/fr\/wp-content\/uploads\/2020\/03\/img-src-22http-finelife.tvimage.jpg-alt-22Harper-s-Bazaar-premier-magazine-de-mode-le-MAD-chic-lanvin22-225x300.jpg\" alt=\"Harper's Bazaar, premier magazine de mode : le MAD chic robe lanvin\" width=\"225\" height=\"300\" srcset=\"https:\/\/finelife.tv\/fr\/wp-content\/uploads\/2020\/03\/img-src-22http-finelife.tvimage.jpg-alt-22Harper-s-Bazaar-premier-magazine-de-mode-le-MAD-chic-lanvin22-225x300.jpg 225w, https:\/\/finelife.tv\/fr\/wp-content\/uploads\/2020\/03\/img-src-22http-finelife.tvimage.jpg-alt-22Harper-s-Bazaar-premier-magazine-de-mode-le-MAD-chic-lanvin22-768x1024.jpg 768w, https:\/\/finelife.tv\/fr\/wp-content\/uploads\/2020\/03\/img-src-22http-finelife.tvimage.jpg-alt-22Harper-s-Bazaar-premier-magazine-de-mode-le-MAD-chic-lanvin22-1152x1536.jpg 1152w, https:\/\/finelife.tv\/fr\/wp-content\/uploads\/2020\/03\/img-src-22http-finelife.tvimage.jpg-alt-22Harper-s-Bazaar-premier-magazine-de-mode-le-MAD-chic-lanvin22-1536x2048.jpg 1536w, https:\/\/finelife.tv\/fr\/wp-content\/uploads\/2020\/03\/img-src-22http-finelife.tvimage.jpg-alt-22Harper-s-Bazaar-premier-magazine-de-mode-le-MAD-chic-lanvin22-scaled.jpg 1920w\" sizes=\"auto, (max-width: 225px) 100vw, 225px\" \/><\/p>\n<p>Dans une vitrine, des cr\u00e9ations de Schiaparelli et de Vionnet qui vont s&rsquo;inscrire dans la m\u00e9moire collective.<\/p>\n<p><span style=\"color: #ff0000;\">Ann\u00e9es 30<\/span> : une \u00ab\u00a0Sainte trinit\u00e9\u00a0\u00bb guide le magazine sur les chemins du chic avant gardiste. Cette dream team jet setteuse fait appel \u00e0 Man Ray comme \u00e0 Louise Dahl-Wolfe.<\/p>\n<p><img loading=\"lazy\" decoding=\"async\" class=\"size-medium wp-image-5901 aligncenter\" src=\"https:\/\/finelife.tv\/fr\/wp-content\/uploads\/2020\/03\/img-src-22http-finelife.tvimage.jpg-alt-22Harper-s-Bazaar-premier-magazine-de-mode-le-MAD-chic-bikini22-300x225.jpg\" alt=\"Harper's Bazaar, premier magazine de mode : le MAD chic bikini\" width=\"300\" height=\"225\" srcset=\"https:\/\/finelife.tv\/fr\/wp-content\/uploads\/2020\/03\/img-src-22http-finelife.tvimage.jpg-alt-22Harper-s-Bazaar-premier-magazine-de-mode-le-MAD-chic-bikini22-300x225.jpg 300w, https:\/\/finelife.tv\/fr\/wp-content\/uploads\/2020\/03\/img-src-22http-finelife.tvimage.jpg-alt-22Harper-s-Bazaar-premier-magazine-de-mode-le-MAD-chic-bikini22-1024x768.jpg 1024w, https:\/\/finelife.tv\/fr\/wp-content\/uploads\/2020\/03\/img-src-22http-finelife.tvimage.jpg-alt-22Harper-s-Bazaar-premier-magazine-de-mode-le-MAD-chic-bikini22-768x576.jpg 768w, https:\/\/finelife.tv\/fr\/wp-content\/uploads\/2020\/03\/img-src-22http-finelife.tvimage.jpg-alt-22Harper-s-Bazaar-premier-magazine-de-mode-le-MAD-chic-bikini22.jpg 1080w\" sizes=\"auto, (max-width: 300px) 100vw, 300px\" \/><br \/>Le Harper \u00b4s Bazaar conna\u00eetra l&rsquo;\u00e9pure en noir et blanc comme les couleurs, les paysages mer\/ soleil pour exalter la peau bronz\u00e9e des bikinis. Indice de la lib\u00e9ration des corps pour la chroniqueuse vedette Diana Vreeland \u00ab\u00a0Le bikini est l&rsquo;invention la plus importante depuis la bombe atomique\u00a0\u00bb. La peau \u00e0 la mode est la peau tr\u00e8s h\u00e2l\u00e9e. Beaucoup de femme en paient aujourd&rsquo;hui les cons\u00e9quences.<\/p>\n<p><img loading=\"lazy\" decoding=\"async\" class=\" wp-image-5899 aligncenter\" src=\"https:\/\/finelife.tv\/fr\/wp-content\/uploads\/2020\/03\/img-src-22http-finelife.tvimage.jpg-alt-22Harper-s-Bazaar-premier-magazine-de-mode-le-MAD-chic-paris-opening22-269x300.jpg\" alt=\"Harper's Bazaar, premier magazine de mode : le MAD chic paris opening\" width=\"308\" height=\"343\" srcset=\"https:\/\/finelife.tv\/fr\/wp-content\/uploads\/2020\/03\/img-src-22http-finelife.tvimage.jpg-alt-22Harper-s-Bazaar-premier-magazine-de-mode-le-MAD-chic-paris-opening22-269x300.jpg 269w, https:\/\/finelife.tv\/fr\/wp-content\/uploads\/2020\/03\/img-src-22http-finelife.tvimage.jpg-alt-22Harper-s-Bazaar-premier-magazine-de-mode-le-MAD-chic-paris-opening22-918x1024.jpg 918w, https:\/\/finelife.tv\/fr\/wp-content\/uploads\/2020\/03\/img-src-22http-finelife.tvimage.jpg-alt-22Harper-s-Bazaar-premier-magazine-de-mode-le-MAD-chic-paris-opening22-768x857.jpg 768w, https:\/\/finelife.tv\/fr\/wp-content\/uploads\/2020\/03\/img-src-22http-finelife.tvimage.jpg-alt-22Harper-s-Bazaar-premier-magazine-de-mode-le-MAD-chic-paris-opening22-1377x1536.jpg 1377w, https:\/\/finelife.tv\/fr\/wp-content\/uploads\/2020\/03\/img-src-22http-finelife.tvimage.jpg-alt-22Harper-s-Bazaar-premier-magazine-de-mode-le-MAD-chic-paris-opening22.jpg 1835w\" sizes=\"auto, (max-width: 308px) 100vw, 308px\" \/><\/p>\n<p>La r\u00e9daction s&rsquo;\u00e9mancipe de l&rsquo;Europe tout en encensant la vie parisienne. Coll\u00e9e sur un pan de pierre, une affiche g\u00e9ante du Harper montre une serrure avec une l\u00e9gende \u00ab\u00a0Paris opening\u00a0\u00bb.<\/p>\n<p>Le parcours sc\u00e9nographique est ponctu\u00e9 d&rsquo;extrait de films. \u00ab\u00a0Dr\u00f4le de Frimousse\u00a0\u00bb avec Audrey Hepburn \u00e9voque les mani\u00e8res originales de cette dr\u00f4le d&rsquo;\u00e9quipe.<\/p>\n<p><span style=\"color: #ff0000;\">Ann\u00e9es 40<\/span> : Dior ! Il n&rsquo;est plus question de mode mais de style \u00e9crit Carmel Snow, la r\u00e9dactrice en chef. C&rsquo;est l&rsquo;arriv\u00e9e du New Look parisien. Derri\u00e8re une vitrine on admire une r\u00e9plique de la robe \u00ab\u00a0Ch\u00e9rie\u00a0\u00bb.<br \/>On s&rsquo;arr\u00eate devant les clich\u00e9s cultes de Richard Avedon pr\u00e9figurant l&rsquo;\u00e8re des photographes stars. Paris est une f\u00eate o\u00f9 les fonds flous subliment les mod\u00e8les en robes du soir.<\/p>\n<p><img loading=\"lazy\" decoding=\"async\" class=\"size-medium wp-image-5903 aligncenter\" src=\"https:\/\/finelife.tv\/fr\/wp-content\/uploads\/2020\/03\/img-src-22http-finelife.tvimage.jpg-alt-22Harper-s-Bazaar-premier-magazine-de-mode-le-MAD-chic-robe-dior22-225x300.jpg\" alt=\"Harper's Bazaar, premier magazine de mode : le MAD chic robe dior\" width=\"225\" height=\"300\" srcset=\"https:\/\/finelife.tv\/fr\/wp-content\/uploads\/2020\/03\/img-src-22http-finelife.tvimage.jpg-alt-22Harper-s-Bazaar-premier-magazine-de-mode-le-MAD-chic-robe-dior22-225x300.jpg 225w, https:\/\/finelife.tv\/fr\/wp-content\/uploads\/2020\/03\/img-src-22http-finelife.tvimage.jpg-alt-22Harper-s-Bazaar-premier-magazine-de-mode-le-MAD-chic-robe-dior22-768x1024.jpg 768w, https:\/\/finelife.tv\/fr\/wp-content\/uploads\/2020\/03\/img-src-22http-finelife.tvimage.jpg-alt-22Harper-s-Bazaar-premier-magazine-de-mode-le-MAD-chic-robe-dior22.jpg 810w\" sizes=\"auto, (max-width: 225px) 100vw, 225px\" \/><\/p>\n<p><img loading=\"lazy\" decoding=\"async\" class=\"size-medium wp-image-5908 aligncenter\" src=\"https:\/\/finelife.tv\/fr\/wp-content\/uploads\/2020\/03\/img-src-22http-finelife.tvimage.jpg-alt-22Harper-s-Bazaar-premier-magazine-de-mode-le-MAD-chic-avedon22-229x300.jpg\" alt=\"Harper's Bazaar, premier magazine de mode : le MAD chic avedon\" width=\"229\" height=\"300\" srcset=\"https:\/\/finelife.tv\/fr\/wp-content\/uploads\/2020\/03\/img-src-22http-finelife.tvimage.jpg-alt-22Harper-s-Bazaar-premier-magazine-de-mode-le-MAD-chic-avedon22-229x300.jpg 229w, https:\/\/finelife.tv\/fr\/wp-content\/uploads\/2020\/03\/img-src-22http-finelife.tvimage.jpg-alt-22Harper-s-Bazaar-premier-magazine-de-mode-le-MAD-chic-avedon22-782x1024.jpg 782w, https:\/\/finelife.tv\/fr\/wp-content\/uploads\/2020\/03\/img-src-22http-finelife.tvimage.jpg-alt-22Harper-s-Bazaar-premier-magazine-de-mode-le-MAD-chic-avedon22-768x1006.jpg 768w, https:\/\/finelife.tv\/fr\/wp-content\/uploads\/2020\/03\/img-src-22http-finelife.tvimage.jpg-alt-22Harper-s-Bazaar-premier-magazine-de-mode-le-MAD-chic-avedon22-1173x1536.jpg 1173w, https:\/\/finelife.tv\/fr\/wp-content\/uploads\/2020\/03\/img-src-22http-finelife.tvimage.jpg-alt-22Harper-s-Bazaar-premier-magazine-de-mode-le-MAD-chic-avedon22-1564x2048.jpg 1564w, https:\/\/finelife.tv\/fr\/wp-content\/uploads\/2020\/03\/img-src-22http-finelife.tvimage.jpg-alt-22Harper-s-Bazaar-premier-magazine-de-mode-le-MAD-chic-avedon22-scaled.jpg 1955w\" sizes=\"auto, (max-width: 229px) 100vw, 229px\" \/><\/p>\n<p><span style=\"color: #ff0000;\">Ann\u00e9es 50<\/span> : p\u00e9riode \u00a0\u00bb compliqu\u00e9e\u00a0\u00bb, l&rsquo;existentialisme &#8211; textes de Simone de Beauvoir- et premi\u00e8res illustrations de Warhol avant qu&rsquo;il ne soit invit\u00e9 comme artiste.<\/p>\n<p><img loading=\"lazy\" decoding=\"async\" class=\" wp-image-5906 aligncenter\" src=\"https:\/\/finelife.tv\/fr\/wp-content\/uploads\/2020\/03\/img-src-22http-finelife.tvimage.jpg-alt-22Harper-s-Bazaar-premier-magazine-de-mode-le-MAD-chic-vitrine-exposition22-300x114.jpg\" alt=\"Harper's Bazaar, premier magazine de mode : le MAD chic vitrine\" width=\"350\" height=\"133\" srcset=\"https:\/\/finelife.tv\/fr\/wp-content\/uploads\/2020\/03\/img-src-22http-finelife.tvimage.jpg-alt-22Harper-s-Bazaar-premier-magazine-de-mode-le-MAD-chic-vitrine-exposition22-300x114.jpg 300w, https:\/\/finelife.tv\/fr\/wp-content\/uploads\/2020\/03\/img-src-22http-finelife.tvimage.jpg-alt-22Harper-s-Bazaar-premier-magazine-de-mode-le-MAD-chic-vitrine-exposition22-1024x389.jpg 1024w, https:\/\/finelife.tv\/fr\/wp-content\/uploads\/2020\/03\/img-src-22http-finelife.tvimage.jpg-alt-22Harper-s-Bazaar-premier-magazine-de-mode-le-MAD-chic-vitrine-exposition22-768x292.jpg 768w, https:\/\/finelife.tv\/fr\/wp-content\/uploads\/2020\/03\/img-src-22http-finelife.tvimage.jpg-alt-22Harper-s-Bazaar-premier-magazine-de-mode-le-MAD-chic-vitrine-exposition22-1536x583.jpg 1536w, https:\/\/finelife.tv\/fr\/wp-content\/uploads\/2020\/03\/img-src-22http-finelife.tvimage.jpg-alt-22Harper-s-Bazaar-premier-magazine-de-mode-le-MAD-chic-vitrine-exposition22-2048x777.jpg 2048w\" sizes=\"auto, (max-width: 350px) 100vw, 350px\" \/><\/p>\n<p><span style=\"color: #ff0000;\">Ann\u00e9es 60-70<\/span> : le tourbillon ! Hiro -qui succ\u00e8de \u00e0 Avedon- joue sur l&rsquo;art cin\u00e9tique collant avec l&rsquo;esth\u00e9tique fashion psych\u00e9dlique des hyppies. C&rsquo;est le moment de la r\u00e9volution futuriste Courr\u00e8ges et du num\u00e9ro historique Pop and Op.<br \/>Derri\u00e8re la Cover g\u00e9ante embl\u00e9matique on d\u00e9couvre trois robes de m\u00e9tal pr\u00e9sentes dans le film \u00ab\u00a0Qui \u00eates-vous, Polly Maggoo ?\u00a0\u00bb Dans l&rsquo;extrait, le mannequin est bless\u00e9 par le m\u00e9tal. Elle saigne dans une presque indiff\u00e9rence. Flash sur la cruaut\u00e9 du monde de la monde et un monde de l&rsquo;art artificiel.<\/p>\n<p><img loading=\"lazy\" decoding=\"async\" class=\" wp-image-5910 aligncenter\" src=\"https:\/\/finelife.tv\/fr\/wp-content\/uploads\/2020\/03\/img-src-22http-finelife.tvimage.jpg-alt-22Harper-s-Bazaar-premier-magazine-de-mode-le-MAD-chic-polly-maggoo22-225x300.jpg\" alt=\"Harper's Bazaar, premier magazine de mode : le MAD chic annees 70\" width=\"229\" height=\"305\" srcset=\"https:\/\/finelife.tv\/fr\/wp-content\/uploads\/2020\/03\/img-src-22http-finelife.tvimage.jpg-alt-22Harper-s-Bazaar-premier-magazine-de-mode-le-MAD-chic-polly-maggoo22-225x300.jpg 225w, https:\/\/finelife.tv\/fr\/wp-content\/uploads\/2020\/03\/img-src-22http-finelife.tvimage.jpg-alt-22Harper-s-Bazaar-premier-magazine-de-mode-le-MAD-chic-polly-maggoo22-768x1024.jpg 768w, https:\/\/finelife.tv\/fr\/wp-content\/uploads\/2020\/03\/img-src-22http-finelife.tvimage.jpg-alt-22Harper-s-Bazaar-premier-magazine-de-mode-le-MAD-chic-polly-maggoo22.jpg 810w\" sizes=\"auto, (max-width: 229px) 100vw, 229px\" \/><\/p>\n<p><span style=\"color: #ff0000;\">Ann\u00e9es 80<\/span> : ann\u00e9es fric et people. Les couverture de celebs -les \u00ab\u00a0rich and famous\u00a0\u00bb- remplacent celles du visage d&rsquo;un model. Les couturiers comme les mannequins deviennent des stars. Ainsi, en 1983, le MET consacre une r\u00e9trospective \u00e0 Yves Saint Laurent.<\/p>\n<p><span style=\"color: #ff0000;\">Ann\u00e9es 90<\/span> : retour au clacissisme des ann\u00e9es 40. Avec Fabien Baron, le directeur artistique, la nouvelle r\u00e9dactrice en, chef Liz Tilberis, s&rsquo;aligne sur le minimalisme de l&rsquo;\u00e9poque : couleurs et graphisme sont all\u00e9g\u00e9s.<br \/>La vitrine du photographe Peter Lindbergh, qui a imprim\u00e9 sa marque au Harper&rsquo;s Bazaar, montre des mannequins dans des situations d\u00e9cal\u00e9es proches du reportage. On savoure la photo culte de Kate Moss en salopette telle une okie victime de la crise de 1929. Parall\u00e8lement les pi\u00e8ces d\u2019Helmut Lang et de Jil Sander refl\u00e8tent l\u2019\u00e9nergie du New York des ninethies.<\/p>\n<p><img loading=\"lazy\" decoding=\"async\" class=\"size-medium wp-image-5909 aligncenter\" src=\"https:\/\/finelife.tv\/fr\/wp-content\/uploads\/2020\/03\/img-src-22http-finelife.tvimage.jpg-alt-22Harper-s-Bazaar-premier-magazine-de-mode-le-MAD-chic-lindbergh22-300x300.jpg\" alt=\"Harper's Bazaar, premier magazine de mode : le MAD chic lindbergh\" width=\"300\" height=\"300\" srcset=\"https:\/\/finelife.tv\/fr\/wp-content\/uploads\/2020\/03\/img-src-22http-finelife.tvimage.jpg-alt-22Harper-s-Bazaar-premier-magazine-de-mode-le-MAD-chic-lindbergh22-300x300.jpg 300w, https:\/\/finelife.tv\/fr\/wp-content\/uploads\/2020\/03\/img-src-22http-finelife.tvimage.jpg-alt-22Harper-s-Bazaar-premier-magazine-de-mode-le-MAD-chic-lindbergh22-1024x1024.jpg 1024w, https:\/\/finelife.tv\/fr\/wp-content\/uploads\/2020\/03\/img-src-22http-finelife.tvimage.jpg-alt-22Harper-s-Bazaar-premier-magazine-de-mode-le-MAD-chic-lindbergh22-150x150.jpg 150w, https:\/\/finelife.tv\/fr\/wp-content\/uploads\/2020\/03\/img-src-22http-finelife.tvimage.jpg-alt-22Harper-s-Bazaar-premier-magazine-de-mode-le-MAD-chic-lindbergh22-768x768.jpg 768w, https:\/\/finelife.tv\/fr\/wp-content\/uploads\/2020\/03\/img-src-22http-finelife.tvimage.jpg-alt-22Harper-s-Bazaar-premier-magazine-de-mode-le-MAD-chic-lindbergh22-1536x1536.jpg 1536w, https:\/\/finelife.tv\/fr\/wp-content\/uploads\/2020\/03\/img-src-22http-finelife.tvimage.jpg-alt-22Harper-s-Bazaar-premier-magazine-de-mode-le-MAD-chic-lindbergh22.jpg 2000w\" sizes=\"auto, (max-width: 300px) 100vw, 300px\" \/><\/p>\n<p><span style=\"color: #ff0000;\">Ann\u00e9es 2000<\/span> : Glenda Bailey et Fabien Baron ouvre le Harpers&rsquo; Bazzaar \u00e0 l&rsquo;imaginaire de Jean-Paul Goulde qui r\u00e9alise ce que l&rsquo;on a appel\u00e9 des Fashion stories. En shootant backstages et making of, le cr\u00e9ateur met le public au c\u0153ur de la mode.<br \/>La s\u00e9rie \u00ab\u00a0Haute couture fantaisy\u00a0\u00bb pr\u00e9sente Lacroix, Galliano, Valentino, Ungaro, Gauthier Versace, McQueen et Karl Lagerfeld. L&rsquo;exposition met en avant un clich\u00e9 du Kaiser jouant avec Linda Evangelista.<br \/>En 2009, une autre campagne c\u00e9l\u00e8bre, \u00ab\u00a0Wild Things\u00a0\u00bb, sc\u00e9narise la course de Naomi Campbell et d&rsquo;une panth\u00e8re.<\/p>\n<p><img loading=\"lazy\" decoding=\"async\" class=\"size-medium wp-image-5905 aligncenter\" src=\"https:\/\/finelife.tv\/fr\/wp-content\/uploads\/2020\/03\/img-src-22http-finelife.tvimage.jpg-alt-22Harper-s-Bazaar-premier-magazine-de-mode-le-MAD-chic-annees-200022-225x300.jpg\" alt=\"Harper's Bazaar, premier magazine de mode : le MAD chic annees 2000\" width=\"225\" height=\"300\" srcset=\"https:\/\/finelife.tv\/fr\/wp-content\/uploads\/2020\/03\/img-src-22http-finelife.tvimage.jpg-alt-22Harper-s-Bazaar-premier-magazine-de-mode-le-MAD-chic-annees-200022-225x300.jpg 225w, https:\/\/finelife.tv\/fr\/wp-content\/uploads\/2020\/03\/img-src-22http-finelife.tvimage.jpg-alt-22Harper-s-Bazaar-premier-magazine-de-mode-le-MAD-chic-annees-200022-768x1024.jpg 768w, https:\/\/finelife.tv\/fr\/wp-content\/uploads\/2020\/03\/img-src-22http-finelife.tvimage.jpg-alt-22Harper-s-Bazaar-premier-magazine-de-mode-le-MAD-chic-annees-200022-1152x1536.jpg 1152w, https:\/\/finelife.tv\/fr\/wp-content\/uploads\/2020\/03\/img-src-22http-finelife.tvimage.jpg-alt-22Harper-s-Bazaar-premier-magazine-de-mode-le-MAD-chic-annees-200022-1536x2048.jpg 1536w, https:\/\/finelife.tv\/fr\/wp-content\/uploads\/2020\/03\/img-src-22http-finelife.tvimage.jpg-alt-22Harper-s-Bazaar-premier-magazine-de-mode-le-MAD-chic-annees-200022-scaled.jpg 1920w\" sizes=\"auto, (max-width: 225px) 100vw, 225px\" \/><\/p>\n<p><strong><span style=\"color: #ff6600;\">\u00c9quipe de choc chic<\/span><\/strong><\/p>\n<p>Certes, parler du Harper&rsquo; s Bazaar c&rsquo;est \u00e9voquer les photographes stars comme Avedon, Hiro ou Lindberg shootant les top-models dans des cadres issus de leurs univers propres et chor\u00e9graphi\u00e9s par les directeur artistiques du titre.<br \/>Le parti pris de l&rsquo;exposition \u00e9vite toutefois de se focaliser sur les clich\u00e9s de mode.<br \/>Les commissaires, Marianne Legaillard et \u00c9ruc Pujalet-Pla\u00e0, ont cherch\u00e9 \u00e0 faire ressortir l&rsquo;ADN du titre : le graphisme et la personnalit\u00e9 du staff visionnaire qui a toujours voulu coller \u00e0 l&rsquo;esprit de l&rsquo;\u00e9poque voir \u00e0 l&rsquo;influencer.<\/p>\n<p>L&rsquo;exposition s&rsquo;attarde ainsi sur la premi\u00e8re r\u00e9dactrice en chef recrut\u00e9e par les fr\u00e8res Harper qui voulaient compl\u00e9ter leurs titres par un magazine f\u00e9minin.<br \/>Marie-Louise Booth est suffragette, lib\u00e9rale, abolitionniste et \u00e9rudite. Cette francophile assigne au journal d&rsquo;instruire en restant attrayant.<\/p>\n<p><strong><span style=\"color: #ff6600;\">Cap tenu<\/span><\/strong><\/p>\n<p>Au XX e si\u00e8cle, le journal s&rsquo;ouvre aux avant-gardes artistiques fran\u00e7aises -Picasso, Matisse &#8211; comme \u00e0 l&rsquo;\u00e9cole am\u00e9ricaine repr\u00e9sent\u00e9e par Jackson Pollock. Parall\u00e8lement, il int\u00e8gre \u00e9crivains et po\u00e8tes : Colette, Cocteau, Jean Gen\u00eat, Andr\u00e9 Malraux, Charles Dickens, Carson McCullers, Truman Capote, Simone de Beauvoir, Fran\u00e7oise Sagan, Virgibia Woolf, Patricia Highsmith &#8230;<\/p>\n<p>Deuxi\u00e8me grand temps fondateur : 1938. La Trinit\u00e9 -selon le nom attribu\u00e9 par Richard Avedon \u00e0 la nouvelle \u00e9quipe- se pose sur le Harper&rsquo;s.<br \/>Carmel Snow, la r\u00e9daction en chef, la chroniqueuse de mode Diana Vreeland &#8211; que Carmel Snow recrute en la voyant danser- et Alexey Brodovitch, directeur artistique, dont le style et l&rsquo;enseignement continuent de faire \u00e9cole. L&rsquo;\u00e9quipe capte tout comme une \u00e9ponge et impose des silhouettes : le style \u00a0\u00bb sport wear chic, le jean comme l&rsquo;\u00e9l\u00e9gance Dior.<\/p>\n<p>On retrouve l\u00e0 toute l&rsquo;ambigu\u00eft\u00e9 de la presse f\u00e9minine. Influencer = quitte \u00e0 imposer des st\u00e9r\u00e9otypes de silhouette ou de beaut\u00e9 tout en s&rsquo;en d\u00e9fendant &#8211; et informer le public sur l&rsquo;\u00e9poque en favorisant l&rsquo;\u00e9volution des m\u0153urs et des attitudes donc une certaine \u00e9mancipation.<\/p>\n<p><img loading=\"lazy\" decoding=\"async\" class=\" wp-image-5902 aligncenter\" src=\"https:\/\/finelife.tv\/fr\/wp-content\/uploads\/2020\/03\/img-src-22http-finelife.tvimage.jpg-alt-22Harper-s-Bazaar-premier-magazine-de-mode-le-MAD-chic-entr\u00e9e22-300x300.jpg\" alt=\"Harper's Bazaar, premier magazine de mode : le MAD chic entr\u00e9e\" width=\"289\" height=\"289\" srcset=\"https:\/\/finelife.tv\/fr\/wp-content\/uploads\/2020\/03\/img-src-22http-finelife.tvimage.jpg-alt-22Harper-s-Bazaar-premier-magazine-de-mode-le-MAD-chic-entr\u00e9e22-300x300.jpg 300w, https:\/\/finelife.tv\/fr\/wp-content\/uploads\/2020\/03\/img-src-22http-finelife.tvimage.jpg-alt-22Harper-s-Bazaar-premier-magazine-de-mode-le-MAD-chic-entr\u00e9e22-1024x1024.jpg 1024w, https:\/\/finelife.tv\/fr\/wp-content\/uploads\/2020\/03\/img-src-22http-finelife.tvimage.jpg-alt-22Harper-s-Bazaar-premier-magazine-de-mode-le-MAD-chic-entr\u00e9e22-150x150.jpg 150w, https:\/\/finelife.tv\/fr\/wp-content\/uploads\/2020\/03\/img-src-22http-finelife.tvimage.jpg-alt-22Harper-s-Bazaar-premier-magazine-de-mode-le-MAD-chic-entr\u00e9e22-768x768.jpg 768w, https:\/\/finelife.tv\/fr\/wp-content\/uploads\/2020\/03\/img-src-22http-finelife.tvimage.jpg-alt-22Harper-s-Bazaar-premier-magazine-de-mode-le-MAD-chic-entr\u00e9e22-1536x1536.jpg 1536w, https:\/\/finelife.tv\/fr\/wp-content\/uploads\/2020\/03\/img-src-22http-finelife.tvimage.jpg-alt-22Harper-s-Bazaar-premier-magazine-de-mode-le-MAD-chic-entr\u00e9e22-2048x2048.jpg 2048w\" sizes=\"auto, (max-width: 289px) 100vw, 289px\" \/><\/p>\n<p>Harper&rsquo;s Bazaar, premier magazine de mode : le MAD chic !<br \/><strong>Harper&rsquo;s Bazaar, premier magazine de mode<\/strong><br \/>Mus\u00e9e des Arts D\u00e9coratifs<br \/><a href=\"https:\/\/madparis.fr\/\">https:\/\/madparis.fr\/<\/a><\/p>\n<p><em><strong>Related articles<\/strong><\/em><\/p>\n<p><strong>Cit\u00e9 de la dentelle et de la mode de Calais : exposition Olivier Theyskens<\/strong><br \/><a href=\"https:\/\/finelife.tv\/fr\/2019\/07\/23\/cite-de-la-dentelle-et-de-la-mode-de-calais-exposition-olivier-theyskens\/\">https:\/\/finelife.tv\/fr\/2019\/07\/23\/cite-de-la-dentelle-et-de-la-mode-de-calais-exposition-olivier-theyskens\/<\/a><\/p>\n<p><strong>Constance Guisset : actio au Mus\u00e9e des Arts D\u00e9coratifs<\/strong><br \/><a href=\"https:\/\/finelife.tv\/fr\/2018\/02\/03\/constance-guisset-actio-musee-arts-decoratifs\/\">https:\/\/finelife.tv\/fr\/2018\/02\/03\/constance-guisset-actio-musee-arts-decoratifs\/<\/a><\/p>","protected":false},"excerpt":{"rendered":"<p>Harper&rsquo;s Bazaar, premier magazine de mode : le MAD chic propose une exposition sur 150 ans de fashion, photo, graphisme et un focus sur les personnalit\u00e9s du mag.<\/p>\n","protected":false},"author":1,"featured_media":0,"comment_status":"open","ping_status":"open","sticky":false,"template":"","format":"standard","meta":{"footnotes":""},"categories":[4],"tags":[2336,2341,68,2330,2339,2327,2334,2335,1299,133,2325,2324,2337,148,918,2321,454,668,2386,168,2328,2329,2332,2331,2338,2340],"class_list":["post-5936","post","type-post","status-publish","format-standard","hentry","category-blog","tag-claudia-schiffer","tag-exosition-paris","tag-exposition","tag-femme","tag-graphisme","tag-histoire-mode","tag-jean-paul-goulde","tag-karl-lagarfeld","tag-lifestyle","tag-luxe","tag-mad","tag-magazine-mode","tag-mannequins","tag-mode","tag-musee","tag-musee-des-arts-decoratifs","tag-musee-paris","tag-musees-paris","tag-peter-lindbergh","tag-photographie","tag-presse","tag-presse-feminine","tag-richard-avedon","tag-societe","tag-top-model","tag-typographie"],"yoast_head":"<!-- This site is optimized with the Yoast SEO plugin v27.5 - https:\/\/yoast.com\/product\/yoast-seo-wordpress\/ -->\n<title>Harper&#039;s Bazaar, premier magazine de mode : le MAD chic - FineLife.tv<\/title>\n<meta name=\"description\" content=\"Harper&#039;s Bazaar, premier magazine de mode : le MAD chic Le mus\u00e9e des arts d\u00e9coratifs propose une exposition sur 150 ans de fashion, photo, graphisme et un focus sur les personnalit\u00e9s du magazine\" \/>\n<meta name=\"robots\" content=\"index, follow, max-snippet:-1, max-image-preview:large, max-video-preview:-1\" \/>\n<link rel=\"canonical\" href=\"https:\/\/finelife.tv\/fr\/2020\/06\/29\/harpers-bazaar-premier-magazine-de-mode-le-mad-chic\/\" \/>\n<meta property=\"og:locale\" content=\"fr_FR\" \/>\n<meta property=\"og:type\" content=\"article\" \/>\n<meta property=\"og:title\" content=\"Harper&#039;s Bazaar, premier magazine de mode : le MAD chic - FineLife.tv\" \/>\n<meta property=\"og:description\" content=\"Harper&#039;s Bazaar, premier magazine de mode : le MAD chic Le mus\u00e9e des arts d\u00e9coratifs propose une exposition sur 150 ans de fashion, photo, graphisme et un focus sur les personnalit\u00e9s du magazine\" \/>\n<meta property=\"og:url\" content=\"https:\/\/finelife.tv\/fr\/2020\/06\/29\/harpers-bazaar-premier-magazine-de-mode-le-mad-chic\/\" \/>\n<meta property=\"og:site_name\" content=\"FineLife.tv\" \/>\n<meta property=\"article:published_time\" content=\"2020-06-29T11:56:58+00:00\" \/>\n<meta property=\"article:modified_time\" content=\"2026-03-04T10:38:54+00:00\" \/>\n<meta property=\"og:image\" content=\"https:\/\/finelife.tv\/fr\/wp-content\/uploads\/2020\/08\/img-src-22http-finelife.tvimage.jpg-alt-22Harper-s-Bazaar-premier-magazine-de-mode-le-MAD-chic22.jpg\" \/>\n\t<meta property=\"og:image:width\" content=\"1536\" \/>\n\t<meta property=\"og:image:height\" content=\"1502\" \/>\n\t<meta property=\"og:image:type\" content=\"image\/jpeg\" \/>\n<meta name=\"author\" content=\"Leonore\" \/>\n<meta name=\"twitter:card\" content=\"summary_large_image\" \/>\n<meta name=\"twitter:creator\" content=\"@finelifetv\" \/>\n<meta name=\"twitter:site\" content=\"@finelifetv\" \/>\n<meta name=\"twitter:label1\" content=\"\u00c9crit par\" \/>\n\t<meta name=\"twitter:data1\" content=\"Leonore\" \/>\n\t<meta name=\"twitter:label2\" content=\"Dur\u00e9e de lecture estim\u00e9e\" \/>\n\t<meta name=\"twitter:data2\" content=\"10 minutes\" \/>\n<script type=\"application\/ld+json\" class=\"yoast-schema-graph\">{\"@context\":\"https:\\\/\\\/schema.org\",\"@graph\":[{\"@type\":\"Article\",\"@id\":\"https:\\\/\\\/finelife.tv\\\/fr\\\/2020\\\/06\\\/29\\\/harpers-bazaar-premier-magazine-de-mode-le-mad-chic\\\/#article\",\"isPartOf\":{\"@id\":\"https:\\\/\\\/finelife.tv\\\/fr\\\/2020\\\/06\\\/29\\\/harpers-bazaar-premier-magazine-de-mode-le-mad-chic\\\/\"},\"author\":{\"name\":\"Leonore\",\"@id\":\"https:\\\/\\\/finelife.tv\\\/fr\\\/#\\\/schema\\\/person\\\/e3d980b0c0b3dc5af01c3455893c8c52\"},\"headline\":\"Harper&rsquo;s Bazaar, premier magazine de mode : le MAD chic\",\"datePublished\":\"2020-06-29T11:56:58+00:00\",\"dateModified\":\"2026-03-04T10:38:54+00:00\",\"mainEntityOfPage\":{\"@id\":\"https:\\\/\\\/finelife.tv\\\/fr\\\/2020\\\/06\\\/29\\\/harpers-bazaar-premier-magazine-de-mode-le-mad-chic\\\/\"},\"wordCount\":1398,\"commentCount\":2,\"image\":{\"@id\":\"https:\\\/\\\/finelife.tv\\\/fr\\\/2020\\\/06\\\/29\\\/harpers-bazaar-premier-magazine-de-mode-le-mad-chic\\\/#primaryimage\"},\"thumbnailUrl\":\"https:\\\/\\\/finelife.tv\\\/fr\\\/wp-content\\\/uploads\\\/2020\\\/08\\\/img-src-22http-finelife.tvimage.jpg-alt-22Harper-s-Bazaar-premier-magazine-de-mode-le-MAD-chic22-1024x1001.jpg\",\"keywords\":[\"Claudia schiffer\",\"exosition paris\",\"exposition\",\"femme\",\"graphisme\",\"histoire mode\",\"jean-Paul Goulde\",\"Karl Lagarfeld\",\"lifestyle\",\"luxe\",\"MAD\",\"magazine mode\",\"mannequins\",\"mode\",\"mus\u00e9e\",\"musee des arts decoratifs\",\"musee paris\",\"mus\u00e9es paris\",\"Peter Lindbergh\",\"photographie\",\"presse\",\"presse f\u00e9minine\",\"richard Avedon\",\"societe\",\"top model\",\"typographie\"],\"articleSection\":[\"Blog\"],\"inLanguage\":\"fr-FR\",\"potentialAction\":[{\"@type\":\"CommentAction\",\"name\":\"Comment\",\"target\":[\"https:\\\/\\\/finelife.tv\\\/fr\\\/2020\\\/06\\\/29\\\/harpers-bazaar-premier-magazine-de-mode-le-mad-chic\\\/#respond\"]}]},{\"@type\":\"WebPage\",\"@id\":\"https:\\\/\\\/finelife.tv\\\/fr\\\/2020\\\/06\\\/29\\\/harpers-bazaar-premier-magazine-de-mode-le-mad-chic\\\/\",\"url\":\"https:\\\/\\\/finelife.tv\\\/fr\\\/2020\\\/06\\\/29\\\/harpers-bazaar-premier-magazine-de-mode-le-mad-chic\\\/\",\"name\":\"Harper's Bazaar, premier magazine de mode : le MAD chic - FineLife.tv\",\"isPartOf\":{\"@id\":\"https:\\\/\\\/finelife.tv\\\/fr\\\/#website\"},\"primaryImageOfPage\":{\"@id\":\"https:\\\/\\\/finelife.tv\\\/fr\\\/2020\\\/06\\\/29\\\/harpers-bazaar-premier-magazine-de-mode-le-mad-chic\\\/#primaryimage\"},\"image\":{\"@id\":\"https:\\\/\\\/finelife.tv\\\/fr\\\/2020\\\/06\\\/29\\\/harpers-bazaar-premier-magazine-de-mode-le-mad-chic\\\/#primaryimage\"},\"thumbnailUrl\":\"https:\\\/\\\/finelife.tv\\\/fr\\\/wp-content\\\/uploads\\\/2020\\\/08\\\/img-src-22http-finelife.tvimage.jpg-alt-22Harper-s-Bazaar-premier-magazine-de-mode-le-MAD-chic22-1024x1001.jpg\",\"datePublished\":\"2020-06-29T11:56:58+00:00\",\"dateModified\":\"2026-03-04T10:38:54+00:00\",\"author\":{\"@id\":\"https:\\\/\\\/finelife.tv\\\/fr\\\/#\\\/schema\\\/person\\\/e3d980b0c0b3dc5af01c3455893c8c52\"},\"description\":\"Harper's Bazaar, premier magazine de mode : le MAD chic Le mus\u00e9e des arts d\u00e9coratifs propose une exposition sur 150 ans de fashion, photo, graphisme et un focus sur les personnalit\u00e9s du magazine\",\"breadcrumb\":{\"@id\":\"https:\\\/\\\/finelife.tv\\\/fr\\\/2020\\\/06\\\/29\\\/harpers-bazaar-premier-magazine-de-mode-le-mad-chic\\\/#breadcrumb\"},\"inLanguage\":\"fr-FR\",\"potentialAction\":[{\"@type\":\"ReadAction\",\"target\":[\"https:\\\/\\\/finelife.tv\\\/fr\\\/2020\\\/06\\\/29\\\/harpers-bazaar-premier-magazine-de-mode-le-mad-chic\\\/\"]}]},{\"@type\":\"ImageObject\",\"inLanguage\":\"fr-FR\",\"@id\":\"https:\\\/\\\/finelife.tv\\\/fr\\\/2020\\\/06\\\/29\\\/harpers-bazaar-premier-magazine-de-mode-le-mad-chic\\\/#primaryimage\",\"url\":\"https:\\\/\\\/finelife.tv\\\/fr\\\/wp-content\\\/uploads\\\/2020\\\/08\\\/img-src-22http-finelife.tvimage.jpg-alt-22Harper-s-Bazaar-premier-magazine-de-mode-le-MAD-chic22.jpg\",\"contentUrl\":\"https:\\\/\\\/finelife.tv\\\/fr\\\/wp-content\\\/uploads\\\/2020\\\/08\\\/img-src-22http-finelife.tvimage.jpg-alt-22Harper-s-Bazaar-premier-magazine-de-mode-le-MAD-chic22.jpg\",\"width\":1536,\"height\":1502,\"caption\":\"Harper's Bazaar, premier magazine de mode : le MAD chic\"},{\"@type\":\"BreadcrumbList\",\"@id\":\"https:\\\/\\\/finelife.tv\\\/fr\\\/2020\\\/06\\\/29\\\/harpers-bazaar-premier-magazine-de-mode-le-mad-chic\\\/#breadcrumb\",\"itemListElement\":[{\"@type\":\"ListItem\",\"position\":1,\"name\":\"Accueil\",\"item\":\"https:\\\/\\\/finelife.tv\\\/fr\\\/\"},{\"@type\":\"ListItem\",\"position\":2,\"name\":\"Harper&rsquo;s Bazaar, premier magazine de mode : le MAD chic\"}]},{\"@type\":\"WebSite\",\"@id\":\"https:\\\/\\\/finelife.tv\\\/fr\\\/#website\",\"url\":\"https:\\\/\\\/finelife.tv\\\/fr\\\/\",\"name\":\"FineLife.tv\",\"description\":\"Quand l&#039;Art de vivre croise l&#039;Art de penser\",\"potentialAction\":[{\"@type\":\"SearchAction\",\"target\":{\"@type\":\"EntryPoint\",\"urlTemplate\":\"https:\\\/\\\/finelife.tv\\\/fr\\\/?s={search_term_string}\"},\"query-input\":{\"@type\":\"PropertyValueSpecification\",\"valueRequired\":true,\"valueName\":\"search_term_string\"}}],\"inLanguage\":\"fr-FR\"},{\"@type\":\"Person\",\"@id\":\"https:\\\/\\\/finelife.tv\\\/fr\\\/#\\\/schema\\\/person\\\/e3d980b0c0b3dc5af01c3455893c8c52\",\"name\":\"Leonore\",\"image\":{\"@type\":\"ImageObject\",\"inLanguage\":\"fr-FR\",\"@id\":\"https:\\\/\\\/secure.gravatar.com\\\/avatar\\\/9a2e5073417479f910ffdeee54da5ccf4f91eab62746ce0ae0e81124a9491a79?s=96&d=mm&r=g\",\"url\":\"https:\\\/\\\/secure.gravatar.com\\\/avatar\\\/9a2e5073417479f910ffdeee54da5ccf4f91eab62746ce0ae0e81124a9491a79?s=96&d=mm&r=g\",\"contentUrl\":\"https:\\\/\\\/secure.gravatar.com\\\/avatar\\\/9a2e5073417479f910ffdeee54da5ccf4f91eab62746ce0ae0e81124a9491a79?s=96&d=mm&r=g\",\"caption\":\"Leonore\"}}]}<\/script>\n<!-- \/ Yoast SEO plugin. -->","yoast_head_json":{"title":"Harper's Bazaar, premier magazine de mode : le MAD chic - FineLife.tv","description":"Harper's Bazaar, premier magazine de mode : le MAD chic Le mus\u00e9e des arts d\u00e9coratifs propose une exposition sur 150 ans de fashion, photo, graphisme et un focus sur les personnalit\u00e9s du magazine","robots":{"index":"index","follow":"follow","max-snippet":"max-snippet:-1","max-image-preview":"max-image-preview:large","max-video-preview":"max-video-preview:-1"},"canonical":"https:\/\/finelife.tv\/fr\/2020\/06\/29\/harpers-bazaar-premier-magazine-de-mode-le-mad-chic\/","og_locale":"fr_FR","og_type":"article","og_title":"Harper's Bazaar, premier magazine de mode : le MAD chic - FineLife.tv","og_description":"Harper's Bazaar, premier magazine de mode : le MAD chic Le mus\u00e9e des arts d\u00e9coratifs propose une exposition sur 150 ans de fashion, photo, graphisme et un focus sur les personnalit\u00e9s du magazine","og_url":"https:\/\/finelife.tv\/fr\/2020\/06\/29\/harpers-bazaar-premier-magazine-de-mode-le-mad-chic\/","og_site_name":"FineLife.tv","article_published_time":"2020-06-29T11:56:58+00:00","article_modified_time":"2026-03-04T10:38:54+00:00","og_image":[{"width":1536,"height":1502,"url":"https:\/\/finelife.tv\/fr\/wp-content\/uploads\/2020\/08\/img-src-22http-finelife.tvimage.jpg-alt-22Harper-s-Bazaar-premier-magazine-de-mode-le-MAD-chic22.jpg","type":"image\/jpeg"}],"author":"Leonore","twitter_card":"summary_large_image","twitter_creator":"@finelifetv","twitter_site":"@finelifetv","twitter_misc":{"\u00c9crit par":"Leonore","Dur\u00e9e de lecture estim\u00e9e":"10 minutes"},"schema":{"@context":"https:\/\/schema.org","@graph":[{"@type":"Article","@id":"https:\/\/finelife.tv\/fr\/2020\/06\/29\/harpers-bazaar-premier-magazine-de-mode-le-mad-chic\/#article","isPartOf":{"@id":"https:\/\/finelife.tv\/fr\/2020\/06\/29\/harpers-bazaar-premier-magazine-de-mode-le-mad-chic\/"},"author":{"name":"Leonore","@id":"https:\/\/finelife.tv\/fr\/#\/schema\/person\/e3d980b0c0b3dc5af01c3455893c8c52"},"headline":"Harper&rsquo;s Bazaar, premier magazine de mode : le MAD chic","datePublished":"2020-06-29T11:56:58+00:00","dateModified":"2026-03-04T10:38:54+00:00","mainEntityOfPage":{"@id":"https:\/\/finelife.tv\/fr\/2020\/06\/29\/harpers-bazaar-premier-magazine-de-mode-le-mad-chic\/"},"wordCount":1398,"commentCount":2,"image":{"@id":"https:\/\/finelife.tv\/fr\/2020\/06\/29\/harpers-bazaar-premier-magazine-de-mode-le-mad-chic\/#primaryimage"},"thumbnailUrl":"https:\/\/finelife.tv\/fr\/wp-content\/uploads\/2020\/08\/img-src-22http-finelife.tvimage.jpg-alt-22Harper-s-Bazaar-premier-magazine-de-mode-le-MAD-chic22-1024x1001.jpg","keywords":["Claudia schiffer","exosition paris","exposition","femme","graphisme","histoire mode","jean-Paul Goulde","Karl Lagarfeld","lifestyle","luxe","MAD","magazine mode","mannequins","mode","mus\u00e9e","musee des arts decoratifs","musee paris","mus\u00e9es paris","Peter Lindbergh","photographie","presse","presse f\u00e9minine","richard Avedon","societe","top model","typographie"],"articleSection":["Blog"],"inLanguage":"fr-FR","potentialAction":[{"@type":"CommentAction","name":"Comment","target":["https:\/\/finelife.tv\/fr\/2020\/06\/29\/harpers-bazaar-premier-magazine-de-mode-le-mad-chic\/#respond"]}]},{"@type":"WebPage","@id":"https:\/\/finelife.tv\/fr\/2020\/06\/29\/harpers-bazaar-premier-magazine-de-mode-le-mad-chic\/","url":"https:\/\/finelife.tv\/fr\/2020\/06\/29\/harpers-bazaar-premier-magazine-de-mode-le-mad-chic\/","name":"Harper's Bazaar, premier magazine de mode : le MAD chic - FineLife.tv","isPartOf":{"@id":"https:\/\/finelife.tv\/fr\/#website"},"primaryImageOfPage":{"@id":"https:\/\/finelife.tv\/fr\/2020\/06\/29\/harpers-bazaar-premier-magazine-de-mode-le-mad-chic\/#primaryimage"},"image":{"@id":"https:\/\/finelife.tv\/fr\/2020\/06\/29\/harpers-bazaar-premier-magazine-de-mode-le-mad-chic\/#primaryimage"},"thumbnailUrl":"https:\/\/finelife.tv\/fr\/wp-content\/uploads\/2020\/08\/img-src-22http-finelife.tvimage.jpg-alt-22Harper-s-Bazaar-premier-magazine-de-mode-le-MAD-chic22-1024x1001.jpg","datePublished":"2020-06-29T11:56:58+00:00","dateModified":"2026-03-04T10:38:54+00:00","author":{"@id":"https:\/\/finelife.tv\/fr\/#\/schema\/person\/e3d980b0c0b3dc5af01c3455893c8c52"},"description":"Harper's Bazaar, premier magazine de mode : le MAD chic Le mus\u00e9e des arts d\u00e9coratifs propose une exposition sur 150 ans de fashion, photo, graphisme et un focus sur les personnalit\u00e9s du magazine","breadcrumb":{"@id":"https:\/\/finelife.tv\/fr\/2020\/06\/29\/harpers-bazaar-premier-magazine-de-mode-le-mad-chic\/#breadcrumb"},"inLanguage":"fr-FR","potentialAction":[{"@type":"ReadAction","target":["https:\/\/finelife.tv\/fr\/2020\/06\/29\/harpers-bazaar-premier-magazine-de-mode-le-mad-chic\/"]}]},{"@type":"ImageObject","inLanguage":"fr-FR","@id":"https:\/\/finelife.tv\/fr\/2020\/06\/29\/harpers-bazaar-premier-magazine-de-mode-le-mad-chic\/#primaryimage","url":"https:\/\/finelife.tv\/fr\/wp-content\/uploads\/2020\/08\/img-src-22http-finelife.tvimage.jpg-alt-22Harper-s-Bazaar-premier-magazine-de-mode-le-MAD-chic22.jpg","contentUrl":"https:\/\/finelife.tv\/fr\/wp-content\/uploads\/2020\/08\/img-src-22http-finelife.tvimage.jpg-alt-22Harper-s-Bazaar-premier-magazine-de-mode-le-MAD-chic22.jpg","width":1536,"height":1502,"caption":"Harper's Bazaar, premier magazine de mode : le MAD chic"},{"@type":"BreadcrumbList","@id":"https:\/\/finelife.tv\/fr\/2020\/06\/29\/harpers-bazaar-premier-magazine-de-mode-le-mad-chic\/#breadcrumb","itemListElement":[{"@type":"ListItem","position":1,"name":"Accueil","item":"https:\/\/finelife.tv\/fr\/"},{"@type":"ListItem","position":2,"name":"Harper&rsquo;s Bazaar, premier magazine de mode : le MAD chic"}]},{"@type":"WebSite","@id":"https:\/\/finelife.tv\/fr\/#website","url":"https:\/\/finelife.tv\/fr\/","name":"FineLife.tv","description":"Quand l&#039;Art de vivre croise l&#039;Art de penser","potentialAction":[{"@type":"SearchAction","target":{"@type":"EntryPoint","urlTemplate":"https:\/\/finelife.tv\/fr\/?s={search_term_string}"},"query-input":{"@type":"PropertyValueSpecification","valueRequired":true,"valueName":"search_term_string"}}],"inLanguage":"fr-FR"},{"@type":"Person","@id":"https:\/\/finelife.tv\/fr\/#\/schema\/person\/e3d980b0c0b3dc5af01c3455893c8c52","name":"Leonore","image":{"@type":"ImageObject","inLanguage":"fr-FR","@id":"https:\/\/secure.gravatar.com\/avatar\/9a2e5073417479f910ffdeee54da5ccf4f91eab62746ce0ae0e81124a9491a79?s=96&d=mm&r=g","url":"https:\/\/secure.gravatar.com\/avatar\/9a2e5073417479f910ffdeee54da5ccf4f91eab62746ce0ae0e81124a9491a79?s=96&d=mm&r=g","contentUrl":"https:\/\/secure.gravatar.com\/avatar\/9a2e5073417479f910ffdeee54da5ccf4f91eab62746ce0ae0e81124a9491a79?s=96&d=mm&r=g","caption":"Leonore"}}]}},"_links":{"self":[{"href":"https:\/\/finelife.tv\/fr\/wp-json\/wp\/v2\/posts\/5936","targetHints":{"allow":["GET"]}}],"collection":[{"href":"https:\/\/finelife.tv\/fr\/wp-json\/wp\/v2\/posts"}],"about":[{"href":"https:\/\/finelife.tv\/fr\/wp-json\/wp\/v2\/types\/post"}],"author":[{"embeddable":true,"href":"https:\/\/finelife.tv\/fr\/wp-json\/wp\/v2\/users\/1"}],"replies":[{"embeddable":true,"href":"https:\/\/finelife.tv\/fr\/wp-json\/wp\/v2\/comments?post=5936"}],"version-history":[{"count":23,"href":"https:\/\/finelife.tv\/fr\/wp-json\/wp\/v2\/posts\/5936\/revisions"}],"predecessor-version":[{"id":24470,"href":"https:\/\/finelife.tv\/fr\/wp-json\/wp\/v2\/posts\/5936\/revisions\/24470"}],"wp:attachment":[{"href":"https:\/\/finelife.tv\/fr\/wp-json\/wp\/v2\/media?parent=5936"}],"wp:term":[{"taxonomy":"category","embeddable":true,"href":"https:\/\/finelife.tv\/fr\/wp-json\/wp\/v2\/categories?post=5936"},{"taxonomy":"post_tag","embeddable":true,"href":"https:\/\/finelife.tv\/fr\/wp-json\/wp\/v2\/tags?post=5936"}],"curies":[{"name":"wp","href":"https:\/\/api.w.org\/{rel}","templated":true}]}}