{"id":5957,"date":"2020-07-10T17:28:43","date_gmt":"2020-07-10T15:28:43","guid":{"rendered":"http:\/\/finelife.tv\/fr\/?p=5957"},"modified":"2025-08-09T19:32:39","modified_gmt":"2025-08-09T17:32:39","slug":"hans-hartung-mam-abstraction-jubilation","status":"publish","type":"post","link":"https:\/\/finelife.tv\/fr\/2020\/07\/10\/hans-hartung-mam-abstraction-jubilation\/","title":{"rendered":"Hans Hartung &#8211; MAM : abstraction jubilation"},"content":{"rendered":"\n<figure class=\"wp-block-gallery has-nested-images columns-default is-cropped wp-block-gallery-1 is-layout-flex wp-block-gallery-is-layout-flex\">\n<figure class=\"wp-block-image size-large\"><img loading=\"lazy\" decoding=\"async\" width=\"557\" height=\"361\" data-id=\"6203\" src=\"https:\/\/finelife.tv\/fr\/wp-content\/uploads\/2020\/08\/img-src-22http-finelife.tvimage.jpg-alt-22Hans-Hartung-MAM-abstraction-jubilation22.jpg\" alt=\"Hans Hartung - MAM : abstraction jubilation\" class=\"wp-image-6203\" srcset=\"https:\/\/finelife.tv\/fr\/wp-content\/uploads\/2020\/08\/img-src-22http-finelife.tvimage.jpg-alt-22Hans-Hartung-MAM-abstraction-jubilation22.jpg 557w, https:\/\/finelife.tv\/fr\/wp-content\/uploads\/2020\/08\/img-src-22http-finelife.tvimage.jpg-alt-22Hans-Hartung-MAM-abstraction-jubilation22-300x194.jpg 300w\" sizes=\"auto, (max-width: 557px) 100vw, 557px\" \/><\/figure>\n<\/figure>\n\n\n<p>Hans Hartung &#8211; MAM : abstraction jubilation pourrait \u00eatre un bon titre pour l&rsquo;exposition.<br \/>D\u00e8s l&rsquo;entr\u00e9e, menton bravache, regarde direct, l&rsquo;autoportrait est \u00e0 l&rsquo; image de l&rsquo;artiste : un d\u00e9fi.<\/p>\n<p><img loading=\"lazy\" decoding=\"async\" class=\"size-medium wp-image-5958 aligncenter\" src=\"https:\/\/finelife.tv\/fr\/wp-content\/uploads\/2020\/07\/img-src-22http-finelife.tvimage.jpg-alt-22Hans-Hartung-MAM-abstraction-jubilation-autoportrait22-225x300.jpg\" alt=\"Hans Hartung - MAM : abstraction jubilation portrait\" width=\"225\" height=\"300\" srcset=\"https:\/\/finelife.tv\/fr\/wp-content\/uploads\/2020\/07\/img-src-22http-finelife.tvimage.jpg-alt-22Hans-Hartung-MAM-abstraction-jubilation-autoportrait22-225x300.jpg 225w, https:\/\/finelife.tv\/fr\/wp-content\/uploads\/2020\/07\/img-src-22http-finelife.tvimage.jpg-alt-22Hans-Hartung-MAM-abstraction-jubilation-autoportrait22-768x1024.jpg 768w, https:\/\/finelife.tv\/fr\/wp-content\/uploads\/2020\/07\/img-src-22http-finelife.tvimage.jpg-alt-22Hans-Hartung-MAM-abstraction-jubilation-autoportrait22.jpg 810w\" sizes=\"auto, (max-width: 225px) 100vw, 225px\" \/><\/p>\n<p>Inspir\u00e9 par la force et l&rsquo;\u00e9nergie des signes de Rembrandt, celui qu&rsquo;on encense comme un grand pr\u00e9curseur de l&rsquo;abstraction casse son image en pleine gloire et pr\u00e9figure, au d\u00e9but des ann\u00e9es 60, le Street Art \u00e0 coup de spray, a\u00e9rosol, pistolet de carrossier.<\/p>\n<p>Le mus\u00e9e d&rsquo;Art moderne consacre une r\u00e9trospective \u00e0 cet aventurier du geste qui pose des paysages \u00e0 l&rsquo;abstraction atmosph\u00e9rique sur des supports battus, griff\u00e9s par une panoplie d&rsquo;instruments choisis dans son atelier-cabinet de torture pour toiles &amp; co. Un brin sadique Hans Hartung ?<\/p>\n<p>Le MAM a choisi 350 \u0153uvres environ et des documents en abondance (catalogues, \u00e9preuves, journal d&rsquo;atelier, correspondance avec critiques et artistes &#8230;)<\/p>\n<p><img loading=\"lazy\" decoding=\"async\" class=\"size-medium wp-image-5959 aligncenter\" src=\"https:\/\/finelife.tv\/fr\/wp-content\/uploads\/2020\/07\/img-src-22http-finelife.tvimage.jpg-alt-22Hans-Hartung-MAM-abstraction-jubilation-document-exposition22-300x225.jpg\" alt=\"Hans Hartung - MAM : abstraction jubilation archive\" width=\"300\" height=\"225\" srcset=\"https:\/\/finelife.tv\/fr\/wp-content\/uploads\/2020\/07\/img-src-22http-finelife.tvimage.jpg-alt-22Hans-Hartung-MAM-abstraction-jubilation-document-exposition22-300x225.jpg 300w, https:\/\/finelife.tv\/fr\/wp-content\/uploads\/2020\/07\/img-src-22http-finelife.tvimage.jpg-alt-22Hans-Hartung-MAM-abstraction-jubilation-document-exposition22-1024x768.jpg 1024w, https:\/\/finelife.tv\/fr\/wp-content\/uploads\/2020\/07\/img-src-22http-finelife.tvimage.jpg-alt-22Hans-Hartung-MAM-abstraction-jubilation-document-exposition22-768x576.jpg 768w, https:\/\/finelife.tv\/fr\/wp-content\/uploads\/2020\/07\/img-src-22http-finelife.tvimage.jpg-alt-22Hans-Hartung-MAM-abstraction-jubilation-document-exposition22.jpg 1080w\" sizes=\"auto, (max-width: 300px) 100vw, 300px\" \/><\/p>\n<p>La sc\u00e9nographie toute en courbes ondule comme pour suivre les p\u00e9r\u00e9grinations artistiques de l&rsquo;artiste autour de quatre th\u00e9matiques chronologiques et en \u00e9cho avec l&rsquo;histoire.<\/p>\n<p><strong>Mais au fait qui est Hans Hartung ?<\/strong><\/p>\n<p>Celui qui sera l&rsquo;un des c<span style=\"color: #ff6600;\">hefs de file de l&rsquo;art abstrait nait en 1904 \u00e0 Leipzig<\/span> o\u00f9 il suit des \u00e9tudes de philosophie et d&rsquo;histoire de l&rsquo;art tout en se passionnant pour la photo, les sciences. Deux domaines qui marqueront fortement son \u0153uvre. L&rsquo;exposition montre de nombreux clich\u00e9s s\u00e9lectionn\u00e9s parmi les 15 000 en stock. <span style=\"color: #ff9900;\">Hans Hartung n&rsquo;\u00e9tait pas un \u00e9conome du clic. Il avait, comme en peinture, la gestuelle g\u00e9n\u00e9reuse et ma\u00eetris\u00e9e. L&rsquo;exposition isole ainsi son travail d&rsquo;une journ\u00e9e -le 29 mars 1977- : une succession en jaune et noire de 14 \u0153uvres sur cartons<\/span> ! Prolixe HH !<\/p>\n<p><img loading=\"lazy\" decoding=\"async\" class=\"size-medium wp-image-5964 aligncenter\" src=\"https:\/\/finelife.tv\/fr\/wp-content\/uploads\/2020\/07\/img-src-22http-finelife.tvimage.jpg-alt-22Hans-Hartung-MAM-abstraction-jubilation-sans-titre-194022-227x300.jpg\" alt=\"Hans Hartung - MAM : abstraction jubilation sans titre 1940\" width=\"227\" height=\"300\" srcset=\"https:\/\/finelife.tv\/fr\/wp-content\/uploads\/2020\/07\/img-src-22http-finelife.tvimage.jpg-alt-22Hans-Hartung-MAM-abstraction-jubilation-sans-titre-194022-227x300.jpg 227w, https:\/\/finelife.tv\/fr\/wp-content\/uploads\/2020\/07\/img-src-22http-finelife.tvimage.jpg-alt-22Hans-Hartung-MAM-abstraction-jubilation-sans-titre-194022.jpg 700w\" sizes=\"auto, (max-width: 227px) 100vw, 227px\" \/><\/p>\n<p><img loading=\"lazy\" decoding=\"async\" class=\"size-medium wp-image-5963 aligncenter\" src=\"https:\/\/finelife.tv\/fr\/wp-content\/uploads\/2020\/07\/img-src-22http-finelife.tvimage.jpg-alt-22Hans-Hartung-MAM-abstraction-jubilation-huileT193422-215x300.jpg\" alt=\"Hans Hartung - MAM : abstraction jubilation huile T93422\" width=\"215\" height=\"300\" srcset=\"https:\/\/finelife.tv\/fr\/wp-content\/uploads\/2020\/07\/img-src-22http-finelife.tvimage.jpg-alt-22Hans-Hartung-MAM-abstraction-jubilation-huileT193422-215x300.jpg 215w, https:\/\/finelife.tv\/fr\/wp-content\/uploads\/2020\/07\/img-src-22http-finelife.tvimage.jpg-alt-22Hans-Hartung-MAM-abstraction-jubilation-huileT193422.jpg 586w\" sizes=\"auto, (max-width: 215px) 100vw, 215px\" \/><\/p>\n<p><span style=\"color: #ff9900;\">En 1922, les premi\u00e8res aquarelles<\/span> marquent le d\u00e9but une carri\u00e8re de pr\u00e8s de 70 ans. La d\u00e9cennie suivante il prend les distances avec le cubisme et le surr\u00e9alisme et forme son vocabulaire.<\/p>\n<p>En 1939 il \u00e9pouse la peintre norv\u00e9gienne Anna Eva Bergman dont il divorcera avant de reconduire leur union en 1952. Son c\u00f4t\u00e9 s\u00e9riel ?<\/p>\n<p>Opposant au r\u00e9gime nazi, il fuit l&rsquo;Allemagne et s&rsquo;engage comme brancardier dans la L\u00e9gion \u00e9trang\u00e8re o\u00f9 il est bless\u00e9 puis amput\u00e9 d&rsquo;une jambe. Cela ne l&#8217;emp\u00eache pas de rebondir \u00e0 la Lib\u00e9ration. Hans Hartung est un grand r\u00e9silient.<\/p>\n<p>Son talent explose comme son \u00e9nergie. Ainsi en <span style=\"color: #ff9900;\">1960 il re\u00e7oit le Grand Prix de peinture de la Biennale de Venise.<\/span> Les manifestations prestigieuses se succ\u00e8dent. Hans Hartung change alors d&rsquo;orientation et explore de nouveaux horizons graphiques. Frondeur toujours !<\/p>\n<p><span style=\"color: #ff6600;\">Il meurt le 7 d\u00e9cembre 1989.<\/span><br \/><span style=\"color: #ff6600;\">Son dernier tableau 11989-Rio date du 16 novembre.<\/span><br \/><span style=\"color: #ff6600;\">L&rsquo;exploration de la peinture a \u00e9t\u00e9 fougueuse, \u00e9clatante et ultime<\/span>.<\/p>\n<p><strong>Transversalit\u00e9s<\/strong><\/p>\n<p>L&rsquo;exposition du MAM est ponctu\u00e9e de transversalit\u00e9s : la c\u00e9ramique, l&rsquo;\u0153uvre grav\u00e9, les ateliers (passionn\u00e9 d&rsquo;architecture Hans Hartung a con\u00e7u ses ateliers successifs \u00e0 Minorque, Paris, Antibes) et la photo \u00c0 c\u00f4t\u00e9 des portraits, les exp\u00e9rimentations sur le ciel, les nuages, l&rsquo;eau, les branches &#8230; t\u00e9moignent d&rsquo;un int\u00e9r\u00eat surprenant pour la nature m\u00eame \u00e0 travers le prisme techno.<\/p>\n<p><img loading=\"lazy\" decoding=\"async\" class=\"size-medium wp-image-5962 aligncenter\" src=\"https:\/\/finelife.tv\/fr\/wp-content\/uploads\/2020\/07\/img-src-22http-finelife.tvimage.jpg-alt-22Hans-Hartung-MAM-abstraction-jubilation-photos22-300x225.jpg\" alt=\"Hans Hartung - MAM : abstraction jubilation photo\" width=\"300\" height=\"225\" srcset=\"https:\/\/finelife.tv\/fr\/wp-content\/uploads\/2020\/07\/img-src-22http-finelife.tvimage.jpg-alt-22Hans-Hartung-MAM-abstraction-jubilation-photos22-300x225.jpg 300w, https:\/\/finelife.tv\/fr\/wp-content\/uploads\/2020\/07\/img-src-22http-finelife.tvimage.jpg-alt-22Hans-Hartung-MAM-abstraction-jubilation-photos22-1024x768.jpg 1024w, https:\/\/finelife.tv\/fr\/wp-content\/uploads\/2020\/07\/img-src-22http-finelife.tvimage.jpg-alt-22Hans-Hartung-MAM-abstraction-jubilation-photos22-768x576.jpg 768w, https:\/\/finelife.tv\/fr\/wp-content\/uploads\/2020\/07\/img-src-22http-finelife.tvimage.jpg-alt-22Hans-Hartung-MAM-abstraction-jubilation-photos22.jpg 1080w\" sizes=\"auto, (max-width: 300px) 100vw, 300px\" \/><\/p>\n<p><img loading=\"lazy\" decoding=\"async\" class=\"size-medium wp-image-5960 aligncenter\" src=\"https:\/\/finelife.tv\/fr\/wp-content\/uploads\/2020\/07\/img-src-22http-finelife.tvimage.jpg-alt-22Hans-Hartung-MAM-abstraction-jubilation-affiches22-300x225.jpg\" alt=\"Hans Hartung - MAM : abstraction jubilation affiche\" width=\"300\" height=\"225\" srcset=\"https:\/\/finelife.tv\/fr\/wp-content\/uploads\/2020\/07\/img-src-22http-finelife.tvimage.jpg-alt-22Hans-Hartung-MAM-abstraction-jubilation-affiches22-300x225.jpg 300w, https:\/\/finelife.tv\/fr\/wp-content\/uploads\/2020\/07\/img-src-22http-finelife.tvimage.jpg-alt-22Hans-Hartung-MAM-abstraction-jubilation-affiches22-1024x768.jpg 1024w, https:\/\/finelife.tv\/fr\/wp-content\/uploads\/2020\/07\/img-src-22http-finelife.tvimage.jpg-alt-22Hans-Hartung-MAM-abstraction-jubilation-affiches22-768x576.jpg 768w, https:\/\/finelife.tv\/fr\/wp-content\/uploads\/2020\/07\/img-src-22http-finelife.tvimage.jpg-alt-22Hans-Hartung-MAM-abstraction-jubilation-affiches22.jpg 1080w\" sizes=\"auto, (max-width: 300px) 100vw, 300px\" \/><\/p>\n<p><strong>Les \u00ab\u00a04 p\u00e9riodes Hartungiennes\u00a0\u00bb<\/strong><\/p>\n<p>Les quatre temps sc\u00e9nographiques correspondant aux 4 p\u00e9riodes \u00ab\u00a0hartungiennes\u00a0\u00bb d&rsquo;une qu\u00eate du geste et de sa \u00ab\u00a0fabrique\u00a0\u00bb.<\/p>\n<p><img loading=\"lazy\" decoding=\"async\" class=\"size-medium wp-image-5973 aligncenter\" src=\"https:\/\/finelife.tv\/fr\/wp-content\/uploads\/2020\/07\/img-src-22http-finelife.tvimage.jpg-alt-22Hans-Hartung-MAM-abstraction-jubilation-photos-petits-formats22-300x225.jpg\" alt=\"Hans Hartung - MAM : abstraction jubilation photos petis formats\" width=\"300\" height=\"225\" srcset=\"https:\/\/finelife.tv\/fr\/wp-content\/uploads\/2020\/07\/img-src-22http-finelife.tvimage.jpg-alt-22Hans-Hartung-MAM-abstraction-jubilation-photos-petits-formats22-300x225.jpg 300w, https:\/\/finelife.tv\/fr\/wp-content\/uploads\/2020\/07\/img-src-22http-finelife.tvimage.jpg-alt-22Hans-Hartung-MAM-abstraction-jubilation-photos-petits-formats22-1024x768.jpg 1024w, https:\/\/finelife.tv\/fr\/wp-content\/uploads\/2020\/07\/img-src-22http-finelife.tvimage.jpg-alt-22Hans-Hartung-MAM-abstraction-jubilation-photos-petits-formats22-768x576.jpg 768w, https:\/\/finelife.tv\/fr\/wp-content\/uploads\/2020\/07\/img-src-22http-finelife.tvimage.jpg-alt-22Hans-Hartung-MAM-abstraction-jubilation-photos-petits-formats22.jpg 1080w\" sizes=\"auto, (max-width: 300px) 100vw, 300px\" \/><\/p>\n<p>\u00ab\u00a0\u00c0 la recherche de l&rsquo;abstraction\u00a0\u00bb couvre les ann\u00e9es 20 et 30. Hartung est tr\u00e8s t\u00f4t touch\u00e9 par l&rsquo;expressionnisme allemand mais aussi par Rembrandt et Goya dont il \u00ab\u00a0interpr\u00e8te\u00a0\u00bb les portraits notamment en cerclant les traits de noirs et en ouvrant d&rsquo;immenses yeux \u00e9carquill\u00e9s.<\/p>\n<p>Il initie la<span style=\"color: #ff6600;\"> m\u00e9thode qui va caract\u00e9riser son travail jusqu&rsquo;en 1960 : le report d&rsquo;apr\u00e8s la technique du carreau<\/span>. Les aquarelles abstraite des ann\u00e9es 20 m\u00ealent les t\u00e2ches de couleurs (tachisme) -qui semblent se rendre visitent- aux traits et courbures calligraphiques.<\/p>\n<p><img loading=\"lazy\" decoding=\"async\" class=\"size-medium wp-image-5969 aligncenter\" src=\"https:\/\/finelife.tv\/fr\/wp-content\/uploads\/2020\/07\/img-src-22http-finelife.tvimage.jpg-alt-22Hans-Hartung-MAM-abstraction-jubilation-serie22-300x201.jpg\" alt=\"Hans Hartung - MAM : abstraction jubilation serie\" width=\"300\" height=\"201\" srcset=\"https:\/\/finelife.tv\/fr\/wp-content\/uploads\/2020\/07\/img-src-22http-finelife.tvimage.jpg-alt-22Hans-Hartung-MAM-abstraction-jubilation-serie22-300x201.jpg 300w, https:\/\/finelife.tv\/fr\/wp-content\/uploads\/2020\/07\/img-src-22http-finelife.tvimage.jpg-alt-22Hans-Hartung-MAM-abstraction-jubilation-serie22-768x513.jpg 768w, https:\/\/finelife.tv\/fr\/wp-content\/uploads\/2020\/07\/img-src-22http-finelife.tvimage.jpg-alt-22Hans-Hartung-MAM-abstraction-jubilation-serie22.jpg 775w\" sizes=\"auto, (max-width: 300px) 100vw, 300px\" \/><\/p>\n<p><img loading=\"lazy\" decoding=\"async\" class=\"size-medium wp-image-5970 aligncenter\" src=\"https:\/\/finelife.tv\/fr\/wp-content\/uploads\/2020\/07\/img-src-22http-finelife.tvimage.jpg-alt-22Hans-Hartung-MAM-abstraction-jubilation-photos-atelier-ensemble-de-toiles22-300x225.jpg\" alt=\"Hans Hartung - MAM : abstraction jubilation ateliers ensemble oeuvres\" width=\"300\" height=\"225\" srcset=\"https:\/\/finelife.tv\/fr\/wp-content\/uploads\/2020\/07\/img-src-22http-finelife.tvimage.jpg-alt-22Hans-Hartung-MAM-abstraction-jubilation-photos-atelier-ensemble-de-toiles22-300x225.jpg 300w, https:\/\/finelife.tv\/fr\/wp-content\/uploads\/2020\/07\/img-src-22http-finelife.tvimage.jpg-alt-22Hans-Hartung-MAM-abstraction-jubilation-photos-atelier-ensemble-de-toiles22-1024x768.jpg 1024w, https:\/\/finelife.tv\/fr\/wp-content\/uploads\/2020\/07\/img-src-22http-finelife.tvimage.jpg-alt-22Hans-Hartung-MAM-abstraction-jubilation-photos-atelier-ensemble-de-toiles22-768x576.jpg 768w, https:\/\/finelife.tv\/fr\/wp-content\/uploads\/2020\/07\/img-src-22http-finelife.tvimage.jpg-alt-22Hans-Hartung-MAM-abstraction-jubilation-photos-atelier-ensemble-de-toiles22.jpg 1080w\" sizes=\"auto, (max-width: 300px) 100vw, 300px\" \/><\/p>\n<p><img loading=\"lazy\" decoding=\"async\" class=\"size-medium wp-image-5974 aligncenter\" src=\"https:\/\/finelife.tv\/fr\/wp-content\/uploads\/2020\/07\/img-src-22http-finelife.tvimage.jpg-alt-22Hans-Hartung-MAM-abstraction-jubilation-toiles-stellaires22-300x225.jpg\" alt=\"Hans Hartung - MAM : abstraction jubilation toiles stellaires\" width=\"300\" height=\"225\" srcset=\"https:\/\/finelife.tv\/fr\/wp-content\/uploads\/2020\/07\/img-src-22http-finelife.tvimage.jpg-alt-22Hans-Hartung-MAM-abstraction-jubilation-toiles-stellaires22-300x225.jpg 300w, https:\/\/finelife.tv\/fr\/wp-content\/uploads\/2020\/07\/img-src-22http-finelife.tvimage.jpg-alt-22Hans-Hartung-MAM-abstraction-jubilation-toiles-stellaires22-1024x768.jpg 1024w, https:\/\/finelife.tv\/fr\/wp-content\/uploads\/2020\/07\/img-src-22http-finelife.tvimage.jpg-alt-22Hans-Hartung-MAM-abstraction-jubilation-toiles-stellaires22-768x576.jpg 768w, https:\/\/finelife.tv\/fr\/wp-content\/uploads\/2020\/07\/img-src-22http-finelife.tvimage.jpg-alt-22Hans-Hartung-MAM-abstraction-jubilation-toiles-stellaires22.jpg 1080w\" sizes=\"auto, (max-width: 300px) 100vw, 300px\" \/><\/p>\n<p>Ses fondamentaux vont s&rsquo;affirmer dans les ann\u00e9es 30 parall\u00e8lement \u00e0 l&rsquo;affranchissement de toute \u00e9cole. <span style=\"color: #ff6600;\">Hartung travaille, approfondit les guirlandes graphiques, grilles ou barreaux qui mettent en tension les toiles d&rsquo;aplats color\u00e9s. Dans cette invention de l&rsquo;abstraction Hartung est seul avec un souci de ma\u00eetrise math\u00e9matique. Le geste \u00ab\u00a0lyrique\u00a0\u00bb, la pouss\u00e9e vitale. \u00e9motionnelle est soigneusement pr\u00e9par\u00e9e<\/span>.<\/p>\n<p>\u00ab\u00a0Le discours pictural sur la m\u00e9thode\u00a0\u00bb s&rsquo;\u00e9tend sur les deux d\u00e9cennies suivantes.<br \/>Apr\u00e8s la guerre, l&rsquo;abstraction dite lyrique commence \u00e0 irriguer le monde de l&rsquo;art. Hans Hartung est en bonne place, il fait figure d&rsquo;initiateur. Un initiateur qui poursuit ses recherches meurtri par l&rsquo;exil et l&rsquo;amputation. <span style=\"color: #ff6600;\">Des blessures qui donnent \u00e0 ses \u0153uvres une profondeur humaine au-del\u00e0 de la l&rsquo;\u00e9l\u00e9gance esth\u00e9tique et du caract\u00e8re novateur de l&rsquo;\u0153uvre<\/span>.<\/p>\n<p><img loading=\"lazy\" decoding=\"async\" class=\"size-medium wp-image-5971 aligncenter\" src=\"https:\/\/finelife.tv\/fr\/wp-content\/uploads\/2020\/07\/img-src-22http-finelife.tvimage.jpg-alt-22Hans-Hartung-MAM-abstraction-jubilation-calligraphie-taches22-206x300.jpg\" alt=\"Hans Hartung - MAM : abstraction jubilation calligraphie\" width=\"206\" height=\"300\" srcset=\"https:\/\/finelife.tv\/fr\/wp-content\/uploads\/2020\/07\/img-src-22http-finelife.tvimage.jpg-alt-22Hans-Hartung-MAM-abstraction-jubilation-calligraphie-taches22-206x300.jpg 206w, https:\/\/finelife.tv\/fr\/wp-content\/uploads\/2020\/07\/img-src-22http-finelife.tvimage.jpg-alt-22Hans-Hartung-MAM-abstraction-jubilation-calligraphie-taches22.jpg 371w\" sizes=\"auto, (max-width: 206px) 100vw, 206px\" \/><\/p>\n<p>L&rsquo;activit\u00e9 s\u00e9rielle comme la production s&rsquo;acc\u00e9l\u00e8re, Des centaines d&rsquo;\u0153uvre sont r\u00e9alis\u00e9es \u00e0 l\u00b4encre au milieu des ann\u00e9es 50. On peut parler de laboratoire d&rsquo;images. Les formats s&rsquo;agrandissent, la calligraphie s&rsquo;incruste sur des fonds color\u00e9s.<br \/><span style=\"color: #ff6600;\">\u00c0 la fin des ann\u00e9es 50 l&rsquo;artiste travaille principalement sur papier selon une gestualit\u00e9 rapide qui annonce les grattages des ann\u00e9es 60.<\/span><\/p>\n<p><strong><span style=\"color: #000000;\">\u00ab\u00a0Des gestes et des outils : la pulv\u00e9risation\u00a0\u00bb rompt avec les \u00e9tapes pr\u00e9c\u00e9dentes.<\/span><\/strong><\/p>\n<p>La gloire des ann\u00e9es 60 s&rsquo;accompagne en effet de ruptures et d&rsquo;inventions majeures.<\/p>\n<p>Hans Hartung s&rsquo;adapte \u00e0 son handicap en s&rsquo;entourant d&rsquo;assistants et en peignant directement sur la toile. Fin donc de la p\u00e9riode fondatrice du report mais pas du <span style=\"color: #ff9900;\">questionnement sur la reproduction, sur l&rsquo;original et la \u00ab\u00a0copie\u00a0\u00bb qui migre de support en support.<\/span><\/p>\n<p><img loading=\"lazy\" decoding=\"async\" class=\"size-medium wp-image-5967 aligncenter\" src=\"https:\/\/finelife.tv\/fr\/wp-content\/uploads\/2020\/07\/img-src-22http-finelife.tvimage.jpg-alt-22Hans-Hartung-MAM-abstraction-jubilation-scenographie-2r22-300x225.jpg\" alt=\"Hans Hartung - MAM : abstraction jubilation scenographie 2\" width=\"300\" height=\"225\" srcset=\"https:\/\/finelife.tv\/fr\/wp-content\/uploads\/2020\/07\/img-src-22http-finelife.tvimage.jpg-alt-22Hans-Hartung-MAM-abstraction-jubilation-scenographie-2r22-300x225.jpg 300w, https:\/\/finelife.tv\/fr\/wp-content\/uploads\/2020\/07\/img-src-22http-finelife.tvimage.jpg-alt-22Hans-Hartung-MAM-abstraction-jubilation-scenographie-2r22-1024x768.jpg 1024w, https:\/\/finelife.tv\/fr\/wp-content\/uploads\/2020\/07\/img-src-22http-finelife.tvimage.jpg-alt-22Hans-Hartung-MAM-abstraction-jubilation-scenographie-2r22-768x576.jpg 768w, https:\/\/finelife.tv\/fr\/wp-content\/uploads\/2020\/07\/img-src-22http-finelife.tvimage.jpg-alt-22Hans-Hartung-MAM-abstraction-jubilation-scenographie-2r22.jpg 1080w\" sizes=\"auto, (max-width: 300px) 100vw, 300px\" \/><\/p>\n<p><img loading=\"lazy\" decoding=\"async\" class=\"size-medium wp-image-5966 aligncenter\" src=\"https:\/\/finelife.tv\/fr\/wp-content\/uploads\/2020\/07\/img-src-22http-finelife.tvimage.jpg-alt-22Hans-Hartung-MAM-abstraction-jubilation-scenographie-122-300x225.jpg\" alt=\"Hans Hartung - MAM : abstraction jubilation scenographie\" width=\"300\" height=\"225\" srcset=\"https:\/\/finelife.tv\/fr\/wp-content\/uploads\/2020\/07\/img-src-22http-finelife.tvimage.jpg-alt-22Hans-Hartung-MAM-abstraction-jubilation-scenographie-122-300x225.jpg 300w, https:\/\/finelife.tv\/fr\/wp-content\/uploads\/2020\/07\/img-src-22http-finelife.tvimage.jpg-alt-22Hans-Hartung-MAM-abstraction-jubilation-scenographie-122-1024x768.jpg 1024w, https:\/\/finelife.tv\/fr\/wp-content\/uploads\/2020\/07\/img-src-22http-finelife.tvimage.jpg-alt-22Hans-Hartung-MAM-abstraction-jubilation-scenographie-122-768x576.jpg 768w, https:\/\/finelife.tv\/fr\/wp-content\/uploads\/2020\/07\/img-src-22http-finelife.tvimage.jpg-alt-22Hans-Hartung-MAM-abstraction-jubilation-scenographie-122.jpg 1080w\" sizes=\"auto, (max-width: 300px) 100vw, 300px\" \/><\/p>\n<p>Le contact direct passe par la pulv\u00e9risation.<br \/>La pulv\u00e9risation, elle, passe par une s\u00e9rie d&rsquo;outils : spray, a\u00e9rosols, pistolets de carrossier. Hartung est curieux des nouveaut\u00e9s techniques mais aussi bricoleur. <span style=\"color: #ff6600;\">Il imaginera plus tard une sorte de balayette faite de pinceaux multiples ou encore un balais dont les branches de genets &#8211; du jardin- fouetteront les cartons baryt\u00e9. Tout est bon pour gagner de l&rsquo;amplitude, pour lib\u00e9rer le geste d&rsquo;un corps malade.<\/span><\/p>\n<p><img loading=\"lazy\" decoding=\"async\" class=\"size-medium wp-image-5965 aligncenter\" src=\"https:\/\/finelife.tv\/fr\/wp-content\/uploads\/2020\/07\/img-src-22http-finelife.tvimage.jpg-alt-22Hans-Hartung-MAM-abstraction-jubilation-trois-toiles22-300x225.jpg\" alt=\"Hans Hartung - MAM : abstraction jubilation trois toiles\" width=\"300\" height=\"225\" srcset=\"https:\/\/finelife.tv\/fr\/wp-content\/uploads\/2020\/07\/img-src-22http-finelife.tvimage.jpg-alt-22Hans-Hartung-MAM-abstraction-jubilation-trois-toiles22-300x225.jpg 300w, https:\/\/finelife.tv\/fr\/wp-content\/uploads\/2020\/07\/img-src-22http-finelife.tvimage.jpg-alt-22Hans-Hartung-MAM-abstraction-jubilation-trois-toiles22-1024x768.jpg 1024w, https:\/\/finelife.tv\/fr\/wp-content\/uploads\/2020\/07\/img-src-22http-finelife.tvimage.jpg-alt-22Hans-Hartung-MAM-abstraction-jubilation-trois-toiles22-768x576.jpg 768w, https:\/\/finelife.tv\/fr\/wp-content\/uploads\/2020\/07\/img-src-22http-finelife.tvimage.jpg-alt-22Hans-Hartung-MAM-abstraction-jubilation-trois-toiles22.jpg 1080w\" sizes=\"auto, (max-width: 300px) 100vw, 300px\" \/><\/p>\n<p>La palette des couleurs se limite \u00e0 des tons froids o\u00f9 dominent le vert turquoise, le jaune citron le brun tr\u00e8s fonc\u00e9.<\/p>\n<p>La superposition des couches permet un travail de grattage, de frottage, d&rsquo;abrasion. <span style=\"color: #ff6600;\">Fascinant \u00e0 regarder, le r\u00e9sultat est un immersif support \u00e0 la m\u00e9ditation encore plus puissant dans les toiles de la derni\u00e8re p\u00e9riode.<\/span><\/p>\n<p><strong>Hans Hartung &#8211; MAM : abstraction jubilation<\/strong><\/p>\n<p><span style=\"color: #ff9900;\">\u00ab\u00a0Couleurs, grands formats : la jubilation de peindre\u00a0\u00bb<\/span><\/p>\n<p><img loading=\"lazy\" decoding=\"async\" class=\"size-medium wp-image-5972 aligncenter\" src=\"https:\/\/finelife.tv\/fr\/wp-content\/uploads\/2020\/07\/img-src-22http-finelife.tvimage.jpg-alt-22Hans-Hartung-MAM-abstraction-jubilation-grands-formats22-300x225.jpg\" alt=\"Hans Hartung - MAM : abstraction jubilation grands formats\" width=\"300\" height=\"225\" srcset=\"https:\/\/finelife.tv\/fr\/wp-content\/uploads\/2020\/07\/img-src-22http-finelife.tvimage.jpg-alt-22Hans-Hartung-MAM-abstraction-jubilation-grands-formats22-300x225.jpg 300w, https:\/\/finelife.tv\/fr\/wp-content\/uploads\/2020\/07\/img-src-22http-finelife.tvimage.jpg-alt-22Hans-Hartung-MAM-abstraction-jubilation-grands-formats22-1024x768.jpg 1024w, https:\/\/finelife.tv\/fr\/wp-content\/uploads\/2020\/07\/img-src-22http-finelife.tvimage.jpg-alt-22Hans-Hartung-MAM-abstraction-jubilation-grands-formats22-768x576.jpg 768w, https:\/\/finelife.tv\/fr\/wp-content\/uploads\/2020\/07\/img-src-22http-finelife.tvimage.jpg-alt-22Hans-Hartung-MAM-abstraction-jubilation-grands-formats22.jpg 1080w\" sizes=\"auto, (max-width: 300px) 100vw, 300px\" \/><\/p>\n<p>Au fil de l&rsquo;\u00e2ge, de la maladie, du deuil.de la proximit\u00e9 de la mort l&rsquo;\u0153uvre \u00e9volue bers des formats de plus en plus grands et parfois stellaires. A l&rsquo;Action painting succ\u00e8de une sorte de \u00ab\u00a0Big bang painting\u00a0\u00bb.<\/p>\n<p><span style=\"color: #ff6600;\">Dans les ann\u00e9es 70, les couleurs \u00e9clatent \u00e0 l&rsquo;image de l&rsquo;\u00e9poque pop psych\u00e9d\u00e9lique<\/span>.<\/p>\n<p>Les outils se diversifient pour aller plus vite au plus profond. \u00c0 c\u00f4t\u00e9 du balais de genets qui frappe la toile, la serpette et la tyrolienne ou le pulv\u00e9risateur \u00e0 vigne pulv\u00e9risent, grattent, abrasent.<\/p>\n<p><span style=\"color: #ff6600;\">\u00c0 Antibes, Hartung dispose d&rsquo;un atelier aux dimensions de PTE\/PME. Les assistants pr\u00e9parent les supports, les bains acrylique noir,photographient, classent, r\u00e9pertorient. Ils sont pour beaucoup dans la constitution de la Fondation Hans Hartung &#8211; Anna Eve Bergman.<\/span><\/p>\n<p>Plus la mort approche plus Hartung peint.<br \/>Philosopher est apprendre \u00e0 mourir.<br \/>Hartung ne pouvait ignorer l&rsquo;adage.<br \/>Peindre jusqu&rsquo;au bout \u00e9tait peut-\u00eatre une fronde, un d\u00e9fi pour pulv\u00e9riser de la vie jusqu&rsquo;\u00e0 l&rsquo;ultime.<\/p>\n<p>L\u00e9onore Cottrant<\/p>\n<p>Hans Hartung &#8211; MAM : abstraction jubilation<br \/><strong>Hans Hartung<\/strong><br \/>Mus\u00e9e d&rsquo;Art Moderne de Paris<br \/>11, avenue du Pr\u00e9sident-Wilson,<br \/>75016 Paris<br \/><a href=\"https:\/\/www.mam.paris.fr\/\">https:\/\/www.mam.paris.fr\/<\/a><\/p>\n<p>Cr\u00e9dits photos : FineLife Tv et Mus\u00e9e d&rsquo;Art Moderne<\/p>\n<p><strong><em>Related article<\/em><\/strong><\/p>\n<p><strong>M\u00e9dusa : bijoux d&rsquo;art et d&rsquo;humanit\u00e9 <\/strong><\/p>\n<p><strong><a href=\"https:\/\/finelife.tv\/fr\/2017\/06\/13\/les-bijoux-objets-dart-et-dhumanite\/\">https:\/\/finelife.tv\/fr\/2017\/06\/13\/les-bijoux-objets-dart-et-dhumanite\/<\/a><br \/><\/strong><\/p>\n<\/p>\n<p>Le 7 juin le MAM rouvre ses portes. Les visiteurs peuvent d\u00e9couvrir les 15 000 \u0153uvres des collections qui couvrent la sc\u00e8ne artistique contemporaine du XX\u00e8me et du XXI\u00e8me si\u00e8cles.<\/p>\n\n\n<p><strong><a href=\"https:\/\/finelife.tv\/fr\/2025\/04\/02\/art-frank-bowling-et-les-paysages\/\">Art Frank Bowling et les paysages<\/a><\/strong><\/p>\n\n\n\n<p><strong><a href=\"https:\/\/finelife.tv\/fr\/2025\/08\/09\/expo-lart-du-flou-a-lorangerie\/\">Expo l\u2019art du flou \u00e0 l\u2019Orangerie<\/a><\/strong><\/p>\n","protected":false},"excerpt":{"rendered":"<p>Hans Hartung &#8211; MAM : abstraction jubilation, focus sur le prodige de l&rsquo;abstraction et le pr\u00e9curseur du Street Art \u00e0 coup de spray, a\u00e9rosol, pistolet de carrossier.<\/p>\n","protected":false},"author":1,"featured_media":0,"comment_status":"open","ping_status":"open","sticky":false,"template":"","format":"standard","meta":{"footnotes":""},"categories":[4],"tags":[2384,2345,2354,22,448,533,2343,2385,2353,2298,150],"class_list":["post-5957","post","type-post","status-publish","format-standard","hentry","category-blog","tag-abstraction","tag-abstraction-lyrique","tag-action-painting","tag-art","tag-art-contemporain","tag-culture","tag-hans-hartung","tag-jackson-pollock","tag-mam","tag-mam-paris","tag-musee-dart-moderne-de-paris"],"yoast_head":"<!-- This site is optimized with the Yoast SEO plugin v27.5 - https:\/\/yoast.com\/product\/yoast-seo-wordpress\/ -->\n<title>Hans Hartung - MAM : abstraction jubilation - FineLife.tv<\/title>\n<meta name=\"description\" content=\"Hans Hartung - MAM : abstraction jubilation, Exposition focus sur le prodige de l&#039;abstraction qui fut pr\u00e9curseur du Street Art \u00e0 coup de spray, a\u00e9rosol, pistolet de carrossier.\" \/>\n<meta name=\"robots\" content=\"index, follow, max-snippet:-1, max-image-preview:large, max-video-preview:-1\" \/>\n<link rel=\"canonical\" href=\"https:\/\/finelife.tv\/fr\/2020\/07\/10\/hans-hartung-mam-abstraction-jubilation\/\" \/>\n<meta property=\"og:locale\" content=\"fr_FR\" \/>\n<meta property=\"og:type\" content=\"article\" \/>\n<meta property=\"og:title\" content=\"Hans Hartung - MAM : abstraction jubilation - FineLife.tv\" \/>\n<meta property=\"og:description\" content=\"Hans Hartung - MAM : abstraction jubilation, Exposition focus sur le prodige de l&#039;abstraction qui fut pr\u00e9curseur du Street Art \u00e0 coup de spray, a\u00e9rosol, pistolet de carrossier.\" \/>\n<meta property=\"og:url\" content=\"https:\/\/finelife.tv\/fr\/2020\/07\/10\/hans-hartung-mam-abstraction-jubilation\/\" \/>\n<meta property=\"og:site_name\" content=\"FineLife.tv\" \/>\n<meta property=\"article:published_time\" content=\"2020-07-10T15:28:43+00:00\" \/>\n<meta property=\"article:modified_time\" content=\"2025-08-09T17:32:39+00:00\" \/>\n<meta property=\"og:image\" content=\"http:\/\/finelife.tv\/fr\/wp-content\/uploads\/2020\/08\/img-src-22http-finelife.tvimage.jpg-alt-22Hans-Hartung-MAM-abstraction-jubilation22.jpg\" \/>\n<meta name=\"author\" content=\"Leonore\" \/>\n<meta name=\"twitter:card\" content=\"summary_large_image\" \/>\n<meta name=\"twitter:creator\" content=\"@finelifetv\" \/>\n<meta name=\"twitter:site\" content=\"@finelifetv\" \/>\n<meta name=\"twitter:label1\" content=\"\u00c9crit par\" \/>\n\t<meta name=\"twitter:data1\" content=\"Leonore\" \/>\n\t<meta name=\"twitter:label2\" content=\"Dur\u00e9e de lecture estim\u00e9e\" \/>\n\t<meta name=\"twitter:data2\" content=\"10 minutes\" \/>\n<script type=\"application\/ld+json\" class=\"yoast-schema-graph\">{\"@context\":\"https:\\\/\\\/schema.org\",\"@graph\":[{\"@type\":\"Article\",\"@id\":\"https:\\\/\\\/finelife.tv\\\/fr\\\/2020\\\/07\\\/10\\\/hans-hartung-mam-abstraction-jubilation\\\/#article\",\"isPartOf\":{\"@id\":\"https:\\\/\\\/finelife.tv\\\/fr\\\/2020\\\/07\\\/10\\\/hans-hartung-mam-abstraction-jubilation\\\/\"},\"author\":{\"name\":\"Leonore\",\"@id\":\"https:\\\/\\\/finelife.tv\\\/fr\\\/#\\\/schema\\\/person\\\/e3d980b0c0b3dc5af01c3455893c8c52\"},\"headline\":\"Hans Hartung &#8211; MAM : abstraction jubilation\",\"datePublished\":\"2020-07-10T15:28:43+00:00\",\"dateModified\":\"2025-08-09T17:32:39+00:00\",\"mainEntityOfPage\":{\"@id\":\"https:\\\/\\\/finelife.tv\\\/fr\\\/2020\\\/07\\\/10\\\/hans-hartung-mam-abstraction-jubilation\\\/\"},\"wordCount\":1372,\"commentCount\":3,\"image\":{\"@id\":\"https:\\\/\\\/finelife.tv\\\/fr\\\/2020\\\/07\\\/10\\\/hans-hartung-mam-abstraction-jubilation\\\/#primaryimage\"},\"thumbnailUrl\":\"http:\\\/\\\/finelife.tv\\\/fr\\\/wp-content\\\/uploads\\\/2020\\\/08\\\/img-src-22http-finelife.tvimage.jpg-alt-22Hans-Hartung-MAM-abstraction-jubilation22.jpg\",\"keywords\":[\"abstraction\",\"abstraction lyrique\",\"action painting\",\"art\",\"art contemporain\",\"culture\",\"hans hartung\",\"Jackson pollock\",\"MAM\",\"MAM paris\",\"musee d'art moderne de paris\"],\"articleSection\":[\"Blog\"],\"inLanguage\":\"fr-FR\",\"potentialAction\":[{\"@type\":\"CommentAction\",\"name\":\"Comment\",\"target\":[\"https:\\\/\\\/finelife.tv\\\/fr\\\/2020\\\/07\\\/10\\\/hans-hartung-mam-abstraction-jubilation\\\/#respond\"]}]},{\"@type\":\"WebPage\",\"@id\":\"https:\\\/\\\/finelife.tv\\\/fr\\\/2020\\\/07\\\/10\\\/hans-hartung-mam-abstraction-jubilation\\\/\",\"url\":\"https:\\\/\\\/finelife.tv\\\/fr\\\/2020\\\/07\\\/10\\\/hans-hartung-mam-abstraction-jubilation\\\/\",\"name\":\"Hans Hartung - MAM : abstraction jubilation - FineLife.tv\",\"isPartOf\":{\"@id\":\"https:\\\/\\\/finelife.tv\\\/fr\\\/#website\"},\"primaryImageOfPage\":{\"@id\":\"https:\\\/\\\/finelife.tv\\\/fr\\\/2020\\\/07\\\/10\\\/hans-hartung-mam-abstraction-jubilation\\\/#primaryimage\"},\"image\":{\"@id\":\"https:\\\/\\\/finelife.tv\\\/fr\\\/2020\\\/07\\\/10\\\/hans-hartung-mam-abstraction-jubilation\\\/#primaryimage\"},\"thumbnailUrl\":\"http:\\\/\\\/finelife.tv\\\/fr\\\/wp-content\\\/uploads\\\/2020\\\/08\\\/img-src-22http-finelife.tvimage.jpg-alt-22Hans-Hartung-MAM-abstraction-jubilation22.jpg\",\"datePublished\":\"2020-07-10T15:28:43+00:00\",\"dateModified\":\"2025-08-09T17:32:39+00:00\",\"author\":{\"@id\":\"https:\\\/\\\/finelife.tv\\\/fr\\\/#\\\/schema\\\/person\\\/e3d980b0c0b3dc5af01c3455893c8c52\"},\"description\":\"Hans Hartung - MAM : abstraction jubilation, Exposition focus sur le prodige de l'abstraction qui fut pr\u00e9curseur du Street Art \u00e0 coup de spray, a\u00e9rosol, pistolet de carrossier.\",\"breadcrumb\":{\"@id\":\"https:\\\/\\\/finelife.tv\\\/fr\\\/2020\\\/07\\\/10\\\/hans-hartung-mam-abstraction-jubilation\\\/#breadcrumb\"},\"inLanguage\":\"fr-FR\",\"potentialAction\":[{\"@type\":\"ReadAction\",\"target\":[\"https:\\\/\\\/finelife.tv\\\/fr\\\/2020\\\/07\\\/10\\\/hans-hartung-mam-abstraction-jubilation\\\/\"]}]},{\"@type\":\"ImageObject\",\"inLanguage\":\"fr-FR\",\"@id\":\"https:\\\/\\\/finelife.tv\\\/fr\\\/2020\\\/07\\\/10\\\/hans-hartung-mam-abstraction-jubilation\\\/#primaryimage\",\"url\":\"http:\\\/\\\/finelife.tv\\\/fr\\\/wp-content\\\/uploads\\\/2020\\\/08\\\/img-src-22http-finelife.tvimage.jpg-alt-22Hans-Hartung-MAM-abstraction-jubilation22.jpg\",\"contentUrl\":\"http:\\\/\\\/finelife.tv\\\/fr\\\/wp-content\\\/uploads\\\/2020\\\/08\\\/img-src-22http-finelife.tvimage.jpg-alt-22Hans-Hartung-MAM-abstraction-jubilation22.jpg\"},{\"@type\":\"BreadcrumbList\",\"@id\":\"https:\\\/\\\/finelife.tv\\\/fr\\\/2020\\\/07\\\/10\\\/hans-hartung-mam-abstraction-jubilation\\\/#breadcrumb\",\"itemListElement\":[{\"@type\":\"ListItem\",\"position\":1,\"name\":\"Accueil\",\"item\":\"https:\\\/\\\/finelife.tv\\\/fr\\\/\"},{\"@type\":\"ListItem\",\"position\":2,\"name\":\"Hans Hartung &#8211; MAM : abstraction jubilation\"}]},{\"@type\":\"WebSite\",\"@id\":\"https:\\\/\\\/finelife.tv\\\/fr\\\/#website\",\"url\":\"https:\\\/\\\/finelife.tv\\\/fr\\\/\",\"name\":\"FineLife.tv\",\"description\":\"Quand l&#039;Art de vivre croise l&#039;Art de penser\",\"potentialAction\":[{\"@type\":\"SearchAction\",\"target\":{\"@type\":\"EntryPoint\",\"urlTemplate\":\"https:\\\/\\\/finelife.tv\\\/fr\\\/?s={search_term_string}\"},\"query-input\":{\"@type\":\"PropertyValueSpecification\",\"valueRequired\":true,\"valueName\":\"search_term_string\"}}],\"inLanguage\":\"fr-FR\"},{\"@type\":\"Person\",\"@id\":\"https:\\\/\\\/finelife.tv\\\/fr\\\/#\\\/schema\\\/person\\\/e3d980b0c0b3dc5af01c3455893c8c52\",\"name\":\"Leonore\",\"image\":{\"@type\":\"ImageObject\",\"inLanguage\":\"fr-FR\",\"@id\":\"https:\\\/\\\/secure.gravatar.com\\\/avatar\\\/9a2e5073417479f910ffdeee54da5ccf4f91eab62746ce0ae0e81124a9491a79?s=96&d=mm&r=g\",\"url\":\"https:\\\/\\\/secure.gravatar.com\\\/avatar\\\/9a2e5073417479f910ffdeee54da5ccf4f91eab62746ce0ae0e81124a9491a79?s=96&d=mm&r=g\",\"contentUrl\":\"https:\\\/\\\/secure.gravatar.com\\\/avatar\\\/9a2e5073417479f910ffdeee54da5ccf4f91eab62746ce0ae0e81124a9491a79?s=96&d=mm&r=g\",\"caption\":\"Leonore\"}}]}<\/script>\n<!-- \/ Yoast SEO plugin. -->","yoast_head_json":{"title":"Hans Hartung - MAM : abstraction jubilation - FineLife.tv","description":"Hans Hartung - MAM : abstraction jubilation, Exposition focus sur le prodige de l'abstraction qui fut pr\u00e9curseur du Street Art \u00e0 coup de spray, a\u00e9rosol, pistolet de carrossier.","robots":{"index":"index","follow":"follow","max-snippet":"max-snippet:-1","max-image-preview":"max-image-preview:large","max-video-preview":"max-video-preview:-1"},"canonical":"https:\/\/finelife.tv\/fr\/2020\/07\/10\/hans-hartung-mam-abstraction-jubilation\/","og_locale":"fr_FR","og_type":"article","og_title":"Hans Hartung - MAM : abstraction jubilation - FineLife.tv","og_description":"Hans Hartung - MAM : abstraction jubilation, Exposition focus sur le prodige de l'abstraction qui fut pr\u00e9curseur du Street Art \u00e0 coup de spray, a\u00e9rosol, pistolet de carrossier.","og_url":"https:\/\/finelife.tv\/fr\/2020\/07\/10\/hans-hartung-mam-abstraction-jubilation\/","og_site_name":"FineLife.tv","article_published_time":"2020-07-10T15:28:43+00:00","article_modified_time":"2025-08-09T17:32:39+00:00","og_image":[{"url":"http:\/\/finelife.tv\/fr\/wp-content\/uploads\/2020\/08\/img-src-22http-finelife.tvimage.jpg-alt-22Hans-Hartung-MAM-abstraction-jubilation22.jpg","type":"","width":"","height":""}],"author":"Leonore","twitter_card":"summary_large_image","twitter_creator":"@finelifetv","twitter_site":"@finelifetv","twitter_misc":{"\u00c9crit par":"Leonore","Dur\u00e9e de lecture estim\u00e9e":"10 minutes"},"schema":{"@context":"https:\/\/schema.org","@graph":[{"@type":"Article","@id":"https:\/\/finelife.tv\/fr\/2020\/07\/10\/hans-hartung-mam-abstraction-jubilation\/#article","isPartOf":{"@id":"https:\/\/finelife.tv\/fr\/2020\/07\/10\/hans-hartung-mam-abstraction-jubilation\/"},"author":{"name":"Leonore","@id":"https:\/\/finelife.tv\/fr\/#\/schema\/person\/e3d980b0c0b3dc5af01c3455893c8c52"},"headline":"Hans Hartung &#8211; MAM : abstraction jubilation","datePublished":"2020-07-10T15:28:43+00:00","dateModified":"2025-08-09T17:32:39+00:00","mainEntityOfPage":{"@id":"https:\/\/finelife.tv\/fr\/2020\/07\/10\/hans-hartung-mam-abstraction-jubilation\/"},"wordCount":1372,"commentCount":3,"image":{"@id":"https:\/\/finelife.tv\/fr\/2020\/07\/10\/hans-hartung-mam-abstraction-jubilation\/#primaryimage"},"thumbnailUrl":"http:\/\/finelife.tv\/fr\/wp-content\/uploads\/2020\/08\/img-src-22http-finelife.tvimage.jpg-alt-22Hans-Hartung-MAM-abstraction-jubilation22.jpg","keywords":["abstraction","abstraction lyrique","action painting","art","art contemporain","culture","hans hartung","Jackson pollock","MAM","MAM paris","musee d'art moderne de paris"],"articleSection":["Blog"],"inLanguage":"fr-FR","potentialAction":[{"@type":"CommentAction","name":"Comment","target":["https:\/\/finelife.tv\/fr\/2020\/07\/10\/hans-hartung-mam-abstraction-jubilation\/#respond"]}]},{"@type":"WebPage","@id":"https:\/\/finelife.tv\/fr\/2020\/07\/10\/hans-hartung-mam-abstraction-jubilation\/","url":"https:\/\/finelife.tv\/fr\/2020\/07\/10\/hans-hartung-mam-abstraction-jubilation\/","name":"Hans Hartung - MAM : abstraction jubilation - FineLife.tv","isPartOf":{"@id":"https:\/\/finelife.tv\/fr\/#website"},"primaryImageOfPage":{"@id":"https:\/\/finelife.tv\/fr\/2020\/07\/10\/hans-hartung-mam-abstraction-jubilation\/#primaryimage"},"image":{"@id":"https:\/\/finelife.tv\/fr\/2020\/07\/10\/hans-hartung-mam-abstraction-jubilation\/#primaryimage"},"thumbnailUrl":"http:\/\/finelife.tv\/fr\/wp-content\/uploads\/2020\/08\/img-src-22http-finelife.tvimage.jpg-alt-22Hans-Hartung-MAM-abstraction-jubilation22.jpg","datePublished":"2020-07-10T15:28:43+00:00","dateModified":"2025-08-09T17:32:39+00:00","author":{"@id":"https:\/\/finelife.tv\/fr\/#\/schema\/person\/e3d980b0c0b3dc5af01c3455893c8c52"},"description":"Hans Hartung - MAM : abstraction jubilation, Exposition focus sur le prodige de l'abstraction qui fut pr\u00e9curseur du Street Art \u00e0 coup de spray, a\u00e9rosol, pistolet de carrossier.","breadcrumb":{"@id":"https:\/\/finelife.tv\/fr\/2020\/07\/10\/hans-hartung-mam-abstraction-jubilation\/#breadcrumb"},"inLanguage":"fr-FR","potentialAction":[{"@type":"ReadAction","target":["https:\/\/finelife.tv\/fr\/2020\/07\/10\/hans-hartung-mam-abstraction-jubilation\/"]}]},{"@type":"ImageObject","inLanguage":"fr-FR","@id":"https:\/\/finelife.tv\/fr\/2020\/07\/10\/hans-hartung-mam-abstraction-jubilation\/#primaryimage","url":"http:\/\/finelife.tv\/fr\/wp-content\/uploads\/2020\/08\/img-src-22http-finelife.tvimage.jpg-alt-22Hans-Hartung-MAM-abstraction-jubilation22.jpg","contentUrl":"http:\/\/finelife.tv\/fr\/wp-content\/uploads\/2020\/08\/img-src-22http-finelife.tvimage.jpg-alt-22Hans-Hartung-MAM-abstraction-jubilation22.jpg"},{"@type":"BreadcrumbList","@id":"https:\/\/finelife.tv\/fr\/2020\/07\/10\/hans-hartung-mam-abstraction-jubilation\/#breadcrumb","itemListElement":[{"@type":"ListItem","position":1,"name":"Accueil","item":"https:\/\/finelife.tv\/fr\/"},{"@type":"ListItem","position":2,"name":"Hans Hartung &#8211; MAM : abstraction jubilation"}]},{"@type":"WebSite","@id":"https:\/\/finelife.tv\/fr\/#website","url":"https:\/\/finelife.tv\/fr\/","name":"FineLife.tv","description":"Quand l&#039;Art de vivre croise l&#039;Art de penser","potentialAction":[{"@type":"SearchAction","target":{"@type":"EntryPoint","urlTemplate":"https:\/\/finelife.tv\/fr\/?s={search_term_string}"},"query-input":{"@type":"PropertyValueSpecification","valueRequired":true,"valueName":"search_term_string"}}],"inLanguage":"fr-FR"},{"@type":"Person","@id":"https:\/\/finelife.tv\/fr\/#\/schema\/person\/e3d980b0c0b3dc5af01c3455893c8c52","name":"Leonore","image":{"@type":"ImageObject","inLanguage":"fr-FR","@id":"https:\/\/secure.gravatar.com\/avatar\/9a2e5073417479f910ffdeee54da5ccf4f91eab62746ce0ae0e81124a9491a79?s=96&d=mm&r=g","url":"https:\/\/secure.gravatar.com\/avatar\/9a2e5073417479f910ffdeee54da5ccf4f91eab62746ce0ae0e81124a9491a79?s=96&d=mm&r=g","contentUrl":"https:\/\/secure.gravatar.com\/avatar\/9a2e5073417479f910ffdeee54da5ccf4f91eab62746ce0ae0e81124a9491a79?s=96&d=mm&r=g","caption":"Leonore"}}]}},"_links":{"self":[{"href":"https:\/\/finelife.tv\/fr\/wp-json\/wp\/v2\/posts\/5957","targetHints":{"allow":["GET"]}}],"collection":[{"href":"https:\/\/finelife.tv\/fr\/wp-json\/wp\/v2\/posts"}],"about":[{"href":"https:\/\/finelife.tv\/fr\/wp-json\/wp\/v2\/types\/post"}],"author":[{"embeddable":true,"href":"https:\/\/finelife.tv\/fr\/wp-json\/wp\/v2\/users\/1"}],"replies":[{"embeddable":true,"href":"https:\/\/finelife.tv\/fr\/wp-json\/wp\/v2\/comments?post=5957"}],"version-history":[{"count":26,"href":"https:\/\/finelife.tv\/fr\/wp-json\/wp\/v2\/posts\/5957\/revisions"}],"predecessor-version":[{"id":24194,"href":"https:\/\/finelife.tv\/fr\/wp-json\/wp\/v2\/posts\/5957\/revisions\/24194"}],"wp:attachment":[{"href":"https:\/\/finelife.tv\/fr\/wp-json\/wp\/v2\/media?parent=5957"}],"wp:term":[{"taxonomy":"category","embeddable":true,"href":"https:\/\/finelife.tv\/fr\/wp-json\/wp\/v2\/categories?post=5957"},{"taxonomy":"post_tag","embeddable":true,"href":"https:\/\/finelife.tv\/fr\/wp-json\/wp\/v2\/tags?post=5957"}],"curies":[{"name":"wp","href":"https:\/\/api.w.org\/{rel}","templated":true}]}}