{"id":6318,"date":"2020-08-26T16:51:10","date_gmt":"2020-08-26T14:51:10","guid":{"rendered":"http:\/\/finelife.tv\/fr\/?p=6318"},"modified":"2024-01-07T17:44:50","modified_gmt":"2024-01-07T16:44:50","slug":"voix-sans-issue-marlene-tissot-polar-de-la-resilience","status":"publish","type":"post","link":"https:\/\/finelife.tv\/fr\/2020\/08\/26\/voix-sans-issue-marlene-tissot-polar-de-la-resilience\/","title":{"rendered":"Voix sans issue Marlene Tissot : polar de la r\u00e9silience"},"content":{"rendered":"<div class=\"wp-block-image\">\n<figure class=\"aligncenter size-large\"><img loading=\"lazy\" decoding=\"async\" width=\"295\" height=\"450\" src=\"https:\/\/finelife.tv\/fr\/wp-content\/uploads\/2020\/08\/img-src-22http-finelife.tvimage.jpg-alt-22Voix-sans-issue-Marion-Tissot-polar-de-la-r\u00e9silience22.jpg\" alt=\"Voix sans issue Marion Tissot : polar de la r\u00e9silience \" class=\"wp-image-6307\" srcset=\"https:\/\/finelife.tv\/fr\/wp-content\/uploads\/2020\/08\/img-src-22http-finelife.tvimage.jpg-alt-22Voix-sans-issue-Marion-Tissot-polar-de-la-r\u00e9silience22.jpg 295w, https:\/\/finelife.tv\/fr\/wp-content\/uploads\/2020\/08\/img-src-22http-finelife.tvimage.jpg-alt-22Voix-sans-issue-Marion-Tissot-polar-de-la-r\u00e9silience22-197x300.jpg 197w\" sizes=\"auto, (max-width: 295px) 100vw, 295px\" \/><\/figure>\n<\/div>\n\n<p><strong>Voix sans issue Marlene Tissot : un polar de la r\u00e9silience qui touche par sa d\u00e9licatesse<\/strong><\/p>\n<p>\u00ab\u00a0<em>L&rsquo;important n&rsquo;est pas ce qu&rsquo;on a fait de moi mais ce que je fais moi-m\u00eame de ce qu&rsquo;on a fait de moi<\/em>\u00a0\u00bb Jean-Paul Sartre.<br \/>L&rsquo;\u00e9pitaphe sert de fil rasoir autant que r\u00e9parateur \u00e0 \u00ab\u00a0Voix sans issue\u00a0\u00bb, le deuxi\u00e8me opus de l&rsquo;\u00e9crivaine po\u00e9tesse Marl\u00e8ne Tissot,<\/p>\n<p>Qu&rsquo;a fait Mary de ce que son p\u00e8re incestueux qui lui trouait le ventre a fait d&rsquo;elle ?<br \/>Qu&rsquo;a fait Franck de ce que sa m\u00e8re ogresse qui le battait, l&rsquo;\u00e9touffait presque parmi les d\u00e9tritus de la poubelle a fait de lui ?<\/p>\n<p>La premi\u00e8re devenue coiffeuse, tient ses ciseaux comme des sabres et tente de mettre de l&rsquo;ordre dans la polyphonie de voix qui habitent sa t\u00eate.<br \/>Le deuxi\u00e8me a choisi d&rsquo;\u00eatre gardien de cimeti\u00e8re la nuit, ne lave ni son corps ni ce qui l&rsquo;entoure et compte les bi\u00e8res pour tenir, parfois, l&rsquo;alcoolisme \u00e0 distance.<br \/>Et qui est Ian, l&rsquo;homme sorti de nulle part qui venge Mary ?<\/p>\n<p>Ces cr\u00e9atures bris\u00e9es se rencontrent sur un malentendu. Elles se reconnaissent et s&rsquo;accordent sans se juger, sans rien demander.<\/p>\n<p>Pour Mary et Franck, entour\u00e9s de personnages \u00e0 la r\u00e9alit\u00e9 parfois objective parfois onirique, la r\u00e9silience prend le chemin d&rsquo;aventures \u00e0 la limite du roman policier, dans des lieux \u00e0 la g\u00e9ographie imaginaire ou labellis\u00e9e IGN ou presque.<\/p>\n<p>Marl\u00e8ne Tissot aborde le fl\u00e9au des maltraitances par le conte policier, l&rsquo;entrecroisement des degr\u00e9s de r\u00e9alit\u00e9 autour de crimes. Trois mains tirent les fils d&rsquo;un \u00e9cheveau po\u00e9tique qui m\u00e8ne vers la lumi\u00e8re.<\/p>\n<p>On est conquis par la d\u00e9licatesse, la subtilit\u00e9 de ce polar de la r\u00e9silience.<\/p>\n<p>Voix sans issue Marlene Tissot : polar de la r\u00e9silience<\/p>\n<p><strong>Voix sans issue<\/strong><br \/>Marlene Tissot<br \/>\u00c9ditions au diable vauvert<br \/><a href=\"https:\/\/audiable.com\/\">https:\/\/audiable.com\/<\/a><\/p>\n<p><strong>Related articles<\/strong><\/p>\n<p><strong>Les cent puits de Salaga roman de femmes, d&rsquo;esclavage, de colonisation<\/strong><br \/><a href=\"https:\/\/finelife.tv\/fr\/2020\/08\/08\/les-cent-puits-de-salaga-roman-de-femmes-desclavage-et-de-colonisation\/\">https:\/\/finelife.tv\/fr\/2020\/08\/08\/les-cent-puits-de-salaga-roman-de-femmes-desclavage-et-de-colonisation\/<\/a><\/p>\n<p><strong>Le vent l&#8217;emportera : polar \u00e9colo dans les fjords de Norv\u00e8ge<\/strong><br \/><a href=\"https:\/\/finelife.tv\/fr\/2018\/02\/19\/vent-lemportera-polar-ecolo-fjords-norvegiens\/\">https:\/\/finelife.tv\/fr\/2018\/02\/19\/vent-lemportera-polar-ecolo-fjords-norvegiens\/<\/a><\/p>\n\n\n<p><strong><a href=\"https:\/\/finelife.tv\/fr\/2023\/09\/29\/le-fils-du-pere-le-roman-proces-de-victor-del-arbol\/\">Le fils du p\u00e8re le roman proc\u00e8s de Victor del Arbol<\/a><\/strong><\/p>\n\n\n\n<p><strong><a href=\"https:\/\/finelife.tv\/fr\/2024\/01\/07\/livre-les-lecons-de-ian-mcewan\/\">Livre : les Le\u00e7ons de Ian McEwan<\/a><\/strong><\/p>\n","protected":false},"excerpt":{"rendered":"<p>Voix sans issue Marion Tissot : un polar de la r\u00e9silience qui touche par sa d\u00e9licatesse son approche sensible des maltraitances<\/p>\n","protected":false},"author":1,"featured_media":0,"comment_status":"open","ping_status":"open","sticky":false,"template":"","format":"standard","meta":{"footnotes":""},"categories":[4],"tags":[2541,130,1838,2543,2537,2544,2683,2545,2530,269,2542,2539],"class_list":["post-6318","post","type-post","status-publish","format-standard","hentry","category-blog","tag-editions-diable-vauvert","tag-litterature","tag-litterature-francaise","tag-livre-sur-maltraitance","tag-maltraitance","tag-maltraitance-sur-enfants","tag-marlene-tissot","tag-recit-sur-maltraitance","tag-resilience","tag-roman","tag-roman-sur-maltraitance","tag-voix-sans-issue"],"yoast_head":"<!-- This site is optimized with the Yoast SEO plugin v27.5 - https:\/\/yoast.com\/product\/yoast-seo-wordpress\/ -->\n<title>Voix sans issue Marlene Tissot : polar de la r\u00e9silience - FineLife.tv<\/title>\n<meta name=\"description\" content=\"Voix sans issue Marion Tissot : un polar de la r\u00e9silience qui touche par sa d\u00e9licatesse son approche sensible des maltraitances\" \/>\n<meta name=\"robots\" content=\"index, follow, max-snippet:-1, max-image-preview:large, max-video-preview:-1\" \/>\n<link rel=\"canonical\" href=\"https:\/\/finelife.tv\/fr\/2020\/08\/26\/voix-sans-issue-marlene-tissot-polar-de-la-resilience\/\" \/>\n<meta property=\"og:locale\" content=\"fr_FR\" \/>\n<meta property=\"og:type\" content=\"article\" \/>\n<meta property=\"og:title\" content=\"Voix sans issue Marlene Tissot : polar de la r\u00e9silience - FineLife.tv\" \/>\n<meta property=\"og:description\" content=\"Voix sans issue Marion Tissot : un polar de la r\u00e9silience qui touche par sa d\u00e9licatesse son approche sensible des maltraitances\" \/>\n<meta property=\"og:url\" content=\"https:\/\/finelife.tv\/fr\/2020\/08\/26\/voix-sans-issue-marlene-tissot-polar-de-la-resilience\/\" \/>\n<meta property=\"og:site_name\" content=\"FineLife.tv\" \/>\n<meta property=\"article:published_time\" content=\"2020-08-26T14:51:10+00:00\" \/>\n<meta property=\"article:modified_time\" content=\"2024-01-07T16:44:50+00:00\" \/>\n<meta name=\"author\" content=\"Leonore\" \/>\n<meta name=\"twitter:card\" content=\"summary_large_image\" \/>\n<meta name=\"twitter:creator\" content=\"@finelifetv\" \/>\n<meta name=\"twitter:site\" content=\"@finelifetv\" \/>\n<meta name=\"twitter:label1\" content=\"\u00c9crit par\" \/>\n\t<meta name=\"twitter:data1\" content=\"Leonore\" \/>\n\t<meta name=\"twitter:label2\" content=\"Dur\u00e9e de lecture estim\u00e9e\" \/>\n\t<meta name=\"twitter:data2\" content=\"2 minutes\" \/>\n<script type=\"application\/ld+json\" class=\"yoast-schema-graph\">{\"@context\":\"https:\\\/\\\/schema.org\",\"@graph\":[{\"@type\":\"Article\",\"@id\":\"https:\\\/\\\/finelife.tv\\\/fr\\\/2020\\\/08\\\/26\\\/voix-sans-issue-marlene-tissot-polar-de-la-resilience\\\/#article\",\"isPartOf\":{\"@id\":\"https:\\\/\\\/finelife.tv\\\/fr\\\/2020\\\/08\\\/26\\\/voix-sans-issue-marlene-tissot-polar-de-la-resilience\\\/\"},\"author\":{\"name\":\"Leonore\",\"@id\":\"https:\\\/\\\/finelife.tv\\\/fr\\\/#\\\/schema\\\/person\\\/e3d980b0c0b3dc5af01c3455893c8c52\"},\"headline\":\"Voix sans issue Marlene Tissot : polar de la r\u00e9silience\",\"datePublished\":\"2020-08-26T14:51:10+00:00\",\"dateModified\":\"2024-01-07T16:44:50+00:00\",\"mainEntityOfPage\":{\"@id\":\"https:\\\/\\\/finelife.tv\\\/fr\\\/2020\\\/08\\\/26\\\/voix-sans-issue-marlene-tissot-polar-de-la-resilience\\\/\"},\"wordCount\":402,\"commentCount\":3,\"keywords\":[\"\u00e9ditions diable vauvert\",\"litt\u00e9rature\",\"litt\u00e9rature fran\u00e7aise\",\"livre sur maltraitance\",\"maltraitance\",\"maltraitance sur enfants\",\"marlene tissot\",\"r\u00e9cit sur maltraitance\",\"r\u00e9silience\",\"roman\",\"roman sur maltrait\u00e0nce\",\"voix sans issue\"],\"articleSection\":[\"Blog\"],\"inLanguage\":\"fr-FR\",\"potentialAction\":[{\"@type\":\"CommentAction\",\"name\":\"Comment\",\"target\":[\"https:\\\/\\\/finelife.tv\\\/fr\\\/2020\\\/08\\\/26\\\/voix-sans-issue-marlene-tissot-polar-de-la-resilience\\\/#respond\"]}]},{\"@type\":\"WebPage\",\"@id\":\"https:\\\/\\\/finelife.tv\\\/fr\\\/2020\\\/08\\\/26\\\/voix-sans-issue-marlene-tissot-polar-de-la-resilience\\\/\",\"url\":\"https:\\\/\\\/finelife.tv\\\/fr\\\/2020\\\/08\\\/26\\\/voix-sans-issue-marlene-tissot-polar-de-la-resilience\\\/\",\"name\":\"Voix sans issue Marlene Tissot : polar de la r\u00e9silience - FineLife.tv\",\"isPartOf\":{\"@id\":\"https:\\\/\\\/finelife.tv\\\/fr\\\/#website\"},\"datePublished\":\"2020-08-26T14:51:10+00:00\",\"dateModified\":\"2024-01-07T16:44:50+00:00\",\"author\":{\"@id\":\"https:\\\/\\\/finelife.tv\\\/fr\\\/#\\\/schema\\\/person\\\/e3d980b0c0b3dc5af01c3455893c8c52\"},\"description\":\"Voix sans issue Marion Tissot : un polar de la r\u00e9silience qui touche par sa d\u00e9licatesse son approche sensible des maltraitances\",\"breadcrumb\":{\"@id\":\"https:\\\/\\\/finelife.tv\\\/fr\\\/2020\\\/08\\\/26\\\/voix-sans-issue-marlene-tissot-polar-de-la-resilience\\\/#breadcrumb\"},\"inLanguage\":\"fr-FR\",\"potentialAction\":[{\"@type\":\"ReadAction\",\"target\":[\"https:\\\/\\\/finelife.tv\\\/fr\\\/2020\\\/08\\\/26\\\/voix-sans-issue-marlene-tissot-polar-de-la-resilience\\\/\"]}]},{\"@type\":\"BreadcrumbList\",\"@id\":\"https:\\\/\\\/finelife.tv\\\/fr\\\/2020\\\/08\\\/26\\\/voix-sans-issue-marlene-tissot-polar-de-la-resilience\\\/#breadcrumb\",\"itemListElement\":[{\"@type\":\"ListItem\",\"position\":1,\"name\":\"Accueil\",\"item\":\"https:\\\/\\\/finelife.tv\\\/fr\\\/\"},{\"@type\":\"ListItem\",\"position\":2,\"name\":\"Voix sans issue Marlene Tissot : polar de la r\u00e9silience\"}]},{\"@type\":\"WebSite\",\"@id\":\"https:\\\/\\\/finelife.tv\\\/fr\\\/#website\",\"url\":\"https:\\\/\\\/finelife.tv\\\/fr\\\/\",\"name\":\"FineLife.tv\",\"description\":\"Quand l&#039;Art de vivre croise l&#039;Art de penser\",\"potentialAction\":[{\"@type\":\"SearchAction\",\"target\":{\"@type\":\"EntryPoint\",\"urlTemplate\":\"https:\\\/\\\/finelife.tv\\\/fr\\\/?s={search_term_string}\"},\"query-input\":{\"@type\":\"PropertyValueSpecification\",\"valueRequired\":true,\"valueName\":\"search_term_string\"}}],\"inLanguage\":\"fr-FR\"},{\"@type\":\"Person\",\"@id\":\"https:\\\/\\\/finelife.tv\\\/fr\\\/#\\\/schema\\\/person\\\/e3d980b0c0b3dc5af01c3455893c8c52\",\"name\":\"Leonore\",\"image\":{\"@type\":\"ImageObject\",\"inLanguage\":\"fr-FR\",\"@id\":\"https:\\\/\\\/secure.gravatar.com\\\/avatar\\\/9a2e5073417479f910ffdeee54da5ccf4f91eab62746ce0ae0e81124a9491a79?s=96&d=mm&r=g\",\"url\":\"https:\\\/\\\/secure.gravatar.com\\\/avatar\\\/9a2e5073417479f910ffdeee54da5ccf4f91eab62746ce0ae0e81124a9491a79?s=96&d=mm&r=g\",\"contentUrl\":\"https:\\\/\\\/secure.gravatar.com\\\/avatar\\\/9a2e5073417479f910ffdeee54da5ccf4f91eab62746ce0ae0e81124a9491a79?s=96&d=mm&r=g\",\"caption\":\"Leonore\"}}]}<\/script>\n<!-- \/ Yoast SEO plugin. -->","yoast_head_json":{"title":"Voix sans issue Marlene Tissot : polar de la r\u00e9silience - FineLife.tv","description":"Voix sans issue Marion Tissot : un polar de la r\u00e9silience qui touche par sa d\u00e9licatesse son approche sensible des maltraitances","robots":{"index":"index","follow":"follow","max-snippet":"max-snippet:-1","max-image-preview":"max-image-preview:large","max-video-preview":"max-video-preview:-1"},"canonical":"https:\/\/finelife.tv\/fr\/2020\/08\/26\/voix-sans-issue-marlene-tissot-polar-de-la-resilience\/","og_locale":"fr_FR","og_type":"article","og_title":"Voix sans issue Marlene Tissot : polar de la r\u00e9silience - FineLife.tv","og_description":"Voix sans issue Marion Tissot : un polar de la r\u00e9silience qui touche par sa d\u00e9licatesse son approche sensible des maltraitances","og_url":"https:\/\/finelife.tv\/fr\/2020\/08\/26\/voix-sans-issue-marlene-tissot-polar-de-la-resilience\/","og_site_name":"FineLife.tv","article_published_time":"2020-08-26T14:51:10+00:00","article_modified_time":"2024-01-07T16:44:50+00:00","author":"Leonore","twitter_card":"summary_large_image","twitter_creator":"@finelifetv","twitter_site":"@finelifetv","twitter_misc":{"\u00c9crit par":"Leonore","Dur\u00e9e de lecture estim\u00e9e":"2 minutes"},"schema":{"@context":"https:\/\/schema.org","@graph":[{"@type":"Article","@id":"https:\/\/finelife.tv\/fr\/2020\/08\/26\/voix-sans-issue-marlene-tissot-polar-de-la-resilience\/#article","isPartOf":{"@id":"https:\/\/finelife.tv\/fr\/2020\/08\/26\/voix-sans-issue-marlene-tissot-polar-de-la-resilience\/"},"author":{"name":"Leonore","@id":"https:\/\/finelife.tv\/fr\/#\/schema\/person\/e3d980b0c0b3dc5af01c3455893c8c52"},"headline":"Voix sans issue Marlene Tissot : polar de la r\u00e9silience","datePublished":"2020-08-26T14:51:10+00:00","dateModified":"2024-01-07T16:44:50+00:00","mainEntityOfPage":{"@id":"https:\/\/finelife.tv\/fr\/2020\/08\/26\/voix-sans-issue-marlene-tissot-polar-de-la-resilience\/"},"wordCount":402,"commentCount":3,"keywords":["\u00e9ditions diable vauvert","litt\u00e9rature","litt\u00e9rature fran\u00e7aise","livre sur maltraitance","maltraitance","maltraitance sur enfants","marlene tissot","r\u00e9cit sur maltraitance","r\u00e9silience","roman","roman sur maltrait\u00e0nce","voix sans issue"],"articleSection":["Blog"],"inLanguage":"fr-FR","potentialAction":[{"@type":"CommentAction","name":"Comment","target":["https:\/\/finelife.tv\/fr\/2020\/08\/26\/voix-sans-issue-marlene-tissot-polar-de-la-resilience\/#respond"]}]},{"@type":"WebPage","@id":"https:\/\/finelife.tv\/fr\/2020\/08\/26\/voix-sans-issue-marlene-tissot-polar-de-la-resilience\/","url":"https:\/\/finelife.tv\/fr\/2020\/08\/26\/voix-sans-issue-marlene-tissot-polar-de-la-resilience\/","name":"Voix sans issue Marlene Tissot : polar de la r\u00e9silience - FineLife.tv","isPartOf":{"@id":"https:\/\/finelife.tv\/fr\/#website"},"datePublished":"2020-08-26T14:51:10+00:00","dateModified":"2024-01-07T16:44:50+00:00","author":{"@id":"https:\/\/finelife.tv\/fr\/#\/schema\/person\/e3d980b0c0b3dc5af01c3455893c8c52"},"description":"Voix sans issue Marion Tissot : un polar de la r\u00e9silience qui touche par sa d\u00e9licatesse son approche sensible des maltraitances","breadcrumb":{"@id":"https:\/\/finelife.tv\/fr\/2020\/08\/26\/voix-sans-issue-marlene-tissot-polar-de-la-resilience\/#breadcrumb"},"inLanguage":"fr-FR","potentialAction":[{"@type":"ReadAction","target":["https:\/\/finelife.tv\/fr\/2020\/08\/26\/voix-sans-issue-marlene-tissot-polar-de-la-resilience\/"]}]},{"@type":"BreadcrumbList","@id":"https:\/\/finelife.tv\/fr\/2020\/08\/26\/voix-sans-issue-marlene-tissot-polar-de-la-resilience\/#breadcrumb","itemListElement":[{"@type":"ListItem","position":1,"name":"Accueil","item":"https:\/\/finelife.tv\/fr\/"},{"@type":"ListItem","position":2,"name":"Voix sans issue Marlene Tissot : polar de la r\u00e9silience"}]},{"@type":"WebSite","@id":"https:\/\/finelife.tv\/fr\/#website","url":"https:\/\/finelife.tv\/fr\/","name":"FineLife.tv","description":"Quand l&#039;Art de vivre croise l&#039;Art de penser","potentialAction":[{"@type":"SearchAction","target":{"@type":"EntryPoint","urlTemplate":"https:\/\/finelife.tv\/fr\/?s={search_term_string}"},"query-input":{"@type":"PropertyValueSpecification","valueRequired":true,"valueName":"search_term_string"}}],"inLanguage":"fr-FR"},{"@type":"Person","@id":"https:\/\/finelife.tv\/fr\/#\/schema\/person\/e3d980b0c0b3dc5af01c3455893c8c52","name":"Leonore","image":{"@type":"ImageObject","inLanguage":"fr-FR","@id":"https:\/\/secure.gravatar.com\/avatar\/9a2e5073417479f910ffdeee54da5ccf4f91eab62746ce0ae0e81124a9491a79?s=96&d=mm&r=g","url":"https:\/\/secure.gravatar.com\/avatar\/9a2e5073417479f910ffdeee54da5ccf4f91eab62746ce0ae0e81124a9491a79?s=96&d=mm&r=g","contentUrl":"https:\/\/secure.gravatar.com\/avatar\/9a2e5073417479f910ffdeee54da5ccf4f91eab62746ce0ae0e81124a9491a79?s=96&d=mm&r=g","caption":"Leonore"}}]}},"_links":{"self":[{"href":"https:\/\/finelife.tv\/fr\/wp-json\/wp\/v2\/posts\/6318","targetHints":{"allow":["GET"]}}],"collection":[{"href":"https:\/\/finelife.tv\/fr\/wp-json\/wp\/v2\/posts"}],"about":[{"href":"https:\/\/finelife.tv\/fr\/wp-json\/wp\/v2\/types\/post"}],"author":[{"embeddable":true,"href":"https:\/\/finelife.tv\/fr\/wp-json\/wp\/v2\/users\/1"}],"replies":[{"embeddable":true,"href":"https:\/\/finelife.tv\/fr\/wp-json\/wp\/v2\/comments?post=6318"}],"version-history":[{"count":10,"href":"https:\/\/finelife.tv\/fr\/wp-json\/wp\/v2\/posts\/6318\/revisions"}],"predecessor-version":[{"id":17241,"href":"https:\/\/finelife.tv\/fr\/wp-json\/wp\/v2\/posts\/6318\/revisions\/17241"}],"wp:attachment":[{"href":"https:\/\/finelife.tv\/fr\/wp-json\/wp\/v2\/media?parent=6318"}],"wp:term":[{"taxonomy":"category","embeddable":true,"href":"https:\/\/finelife.tv\/fr\/wp-json\/wp\/v2\/categories?post=6318"},{"taxonomy":"post_tag","embeddable":true,"href":"https:\/\/finelife.tv\/fr\/wp-json\/wp\/v2\/tags?post=6318"}],"curies":[{"name":"wp","href":"https:\/\/api.w.org\/{rel}","templated":true}]}}