{"id":6502,"date":"2020-09-26T18:13:52","date_gmt":"2020-09-26T16:13:52","guid":{"rendered":"http:\/\/finelife.tv\/fr\/?p=6502"},"modified":"2022-06-05T14:36:40","modified_gmt":"2022-06-05T12:36:40","slug":"ruines-josef-koudelka-odyssee-panoramique","status":"publish","type":"post","link":"https:\/\/finelife.tv\/fr\/2020\/09\/26\/ruines-josef-koudelka-odyssee-panoramique\/","title":{"rendered":"Ruines Josef Koudelka odyss\u00e9e panoramique"},"content":{"rendered":"\n<figure class=\"wp-block-gallery aligncenter has-nested-images columns-default is-cropped wp-block-gallery-1 is-layout-flex wp-block-gallery-is-layout-flex\">\n<figure class=\"wp-block-image size-large\"><img loading=\"lazy\" decoding=\"async\" width=\"1024\" height=\"768\" data-id=\"6518\" src=\"https:\/\/finelife.tv\/fr\/wp-content\/uploads\/2020\/09\/img-src-22http-finelife.tvimage.jpg-alt-22Josef-Koudelka-odyss\u00e9e-panoramique22-1024x768.jpg\" alt=\"Ruines Josef Koudelka odyss\u00e9e panoramique\" class=\"wp-image-6518\" srcset=\"https:\/\/finelife.tv\/fr\/wp-content\/uploads\/2020\/09\/img-src-22http-finelife.tvimage.jpg-alt-22Josef-Koudelka-odyss\u00e9e-panoramique22-1024x768.jpg 1024w, https:\/\/finelife.tv\/fr\/wp-content\/uploads\/2020\/09\/img-src-22http-finelife.tvimage.jpg-alt-22Josef-Koudelka-odyss\u00e9e-panoramique22-300x225.jpg 300w, https:\/\/finelife.tv\/fr\/wp-content\/uploads\/2020\/09\/img-src-22http-finelife.tvimage.jpg-alt-22Josef-Koudelka-odyss\u00e9e-panoramique22-768x576.jpg 768w, https:\/\/finelife.tv\/fr\/wp-content\/uploads\/2020\/09\/img-src-22http-finelife.tvimage.jpg-alt-22Josef-Koudelka-odyss\u00e9e-panoramique22-1536x1152.jpg 1536w, https:\/\/finelife.tv\/fr\/wp-content\/uploads\/2020\/09\/img-src-22http-finelife.tvimage.jpg-alt-22Josef-Koudelka-odyss\u00e9e-panoramique22-2048x1536.jpg 2048w\" sizes=\"auto, (max-width: 1024px) 100vw, 1024px\" \/><\/figure>\n<\/figure>\n\n\n<p><strong>Ruines Josef Koudelka odyss\u00e9e panoramique. La BnF pr\u00e9sente une exposition de 110 clich\u00e9s de sites arch\u00e9ologiques m\u00e9diterran\u00e9ens. Une oeuvre d&rsquo;une beaut\u00e9 stup\u00e9fiante qui interroge le temps, la condition humaine et la nature. Vous ne regarderez jamais plus les ruines comment avant !<\/strong><\/p>\n<p>Josef Koudelka a consacr\u00e9 30 ans de sa vie \u00e0 sillonner les sites arch\u00e9ologiques. Environ 200 pour la plupart en M\u00e9diterran\u00e9e, berceau de notre culture (1). Il en a tir\u00e9 une oeuvre, essentiellement en argentique, qui regroupe des milliers de clich\u00e9s issus de 20 pays. La BnF en a acquis 110 qu&rsquo;elle expose sous le titre \u00ab\u00a0Ruines\u00a0\u00bb.<\/p>\n<p>\u00c0 82 ans, le dernier g\u00e9ant de la photographie moderne, ami d&rsquo;Henri Cartier-Bresson, est fatigu\u00e9. Un peu. Alors il ne donne pas d&rsquo;interviews. Peut-\u00eatre pas pudeur aussi. Josef Koudelka ne ma\u00eetrise pas parfaitement le fran\u00e7ais. Connu pour sa \u00ab\u00a0couverture\u00a0\u00bb de l&rsquo;invasion de Prague par les chars sovi\u00e9tiques en 1968, il fuit ensuite le pays pour des raisons politiques et pour construire sa carri\u00e8re de photographe. Longtemps apatride, il r\u00e9side \u00e0 Londres et n&rsquo;acquiert la nationalit\u00e9 fran\u00e7aise qu&rsquo;en 1987.<\/p>\n<p><strong>Travail sur l&rsquo;intime<\/strong><\/p>\n<p>Pas d&rsquo;interview, pas de mots. Alors place au ressenti, \u00e0 l&rsquo;intime. On fl\u00e2ne et on se laisse impr\u00e9gner par les images. Doucement on glisse dans un entre-deux- monde port\u00e9 par une sc\u00e9nographie qui travaille le corps comme le regard. On se confronte aux grands formats suspendus, comme en apesanteur, au milieu de la salle. On se penche, on vacille presque, sur les tirages expos\u00e9s tels des bas reliefs. On colle le regard sur les photos qui veillent sur les murs comme des vigiles d&rsquo;un autre temps.<\/p>\n<p><strong>Des ruines qui happent comme le gouffre de l&rsquo;enfer<\/strong><\/p>\n<p>Les noirs des portes de Petra happent comme les bouches de l&rsquo;enfer.<br \/>D&rsquo;autres ressemblent \u00e0 des collages. Erreur. Josef Koudelka joue du trompe l&rsquo;oeil. Il prend sa photo \u00e0 l&rsquo;int\u00e9rieur d&rsquo;une ruine caverne dont les parois se d\u00e9coupent sur un noir aux profondeurs abyssales.<br \/>\u00ab\u00a0<em>Le noir et blanc donne \u00e0 la ruine une dimension ambivalente \u00e0 la fois fragile et r\u00e9sistante<\/em>\u00a0\u00bb estime H\u00e9lo\u00efse Con\u00e9sa, la commissaire de l&rsquo;exposition. \u00ab\u00a0<em>D&rsquo;autre part il assure une coh\u00e9rence formelle \u00e0 l&rsquo;oeuvre qui comprend des tirages en argentique des ann\u00e9es 90 et d&rsquo;autres plus r\u00e9cents en num\u00e9rique<\/em>\u00ab\u00a0.<br \/>La ma\u00eetrise du noir et blanc est telle que parfois sous cette bipolarit\u00e9 on devine la couleur d&rsquo;un tron\u00e7on de colonne, d&rsquo;un arbre, d&rsquo;une tunique de statue.<\/p>\n<p><strong>Une oeuvre min\u00e9rale, graphique proche de l&rsquo;art abstrait<\/strong><\/p>\n<p>Autre motto du photographe : le panoramique. Josef Koudelka utilise le panoramique d\u00e9tourn\u00e9 et souvent \u00ab\u00a0chavir\u00e9\u00a0\u00bb pour faire vivre une exp\u00e9rience du paysage. C&rsquo;est sa signature. \u00ab\u00a0<em>La carottage recentre sur l&rsquo;essentiel, les fragments s&rsquo;opposent \u00e0 une perception englobante<\/em>, les prises de vues a fleur de sol g\u00e9n\u00e8rent une vision organique de la nature\u00a0\u00bb poursuit H\u00e9lo\u00eese Con\u00e9sa qui parle \u00ab\u00a0<em>d&rsquo;odyss\u00e9e panoramique<\/em>\u00ab\u00a0.<br \/>De Myc\u00e8nes (Gr\u00e8ce) \u00e0 Thugga (Tunisie) en passant par Alzanoi (Turquie), l&rsquo;errance de Koudelka c\u00e9l\u00e8bre la min\u00e9ralit\u00e9. Ces paysages graphiques fr\u00f4lent l&rsquo;art abstrait. En rupture, l&rsquo;\u00e9trange photo d&rsquo;Amman (Jordanie) o\u00f9 trois doigts de pierre semblent agripper la ruine \u00e9voque les fac\u00e9ties surr\u00e9alistes.<\/p>\n<p><strong>Photographier le silence, faire parler la nature<\/strong><\/p>\n<p>Les pierres luisantes d&rsquo;eau, la mer en arri\u00e8re plan, la v\u00e9g\u00e9tation qui s&rsquo;insinue partout, des paysages de Koudelka s&rsquo;\u00e9chappent des bruits de pluie, de vagues, d&rsquo;insectes. S&rsquo;il photographie le silence du temps, l&rsquo;amoureux de Mare nostrum fait parler la nature.<\/p>\n<p>\u00ab\u00a0<em>Les bruissements sont ceux des ravages de la destruction. Les ruines ne sont ni intemporelles, ni romantiques, ni consolatrices<\/em>\u00a0\u00bb souligne H\u00e9lo\u00efse Con\u00e9sa. Et le silence ? \u00ab\u00a0<em>C&rsquo;est le silence apr\u00e8s la temp\u00eate. Il y a quelque chose qui rel\u00e8ve du d\u00e9sordre, L&rsquo;image floue de l&rsquo;ambigu\u00eft\u00e9 du chaos<\/em>\u00ab\u00a0.<\/p>\n<p>Si dans les ruines la nature reprend ses droits, affleure et triomphe entre les pav\u00e9s et les colonnades, que disent les paysages de la condition humaine <em>\u00ab\u00a0Ils parlent de sa fragilit\u00e9<\/em> \u00a0\u00bb d\u00e9code H\u00e9lo\u00efse Con\u00e9sa \u00ab\u00a0<em>Ils mettent l&rsquo;homme en garde contre sa b\u00eatise. Ils disent aussi l&rsquo;espoir par l&rsquo;art. Des d\u00e9combres sort l&rsquo;esp\u00e9rance<\/em>\u00ab\u00a0.<\/p>\n<p>L\u00e9onore Cottrant<\/p>\n<p>(1) N&rsquo;oublions pas pour autant notre culture Celte et Nordique.<\/p>\n<p>Ruines Josef Koudelka odyss\u00e9e panoramique<\/p>\n<p><strong>Ruines<\/strong><br \/>Exposition Josef Koudelka<br \/>BnF (Biblioth\u00e8que nationale de France)<br \/>Quai Fran\u00e7ois Mauriac 75013 Paris<br \/>15 septembre &#8211; 16 d\u00e9cembre 2020<\/p>\n<p><a href=\"https:\/\/www.bnf.fr\/fr\">https:\/\/www.bnf.fr\/fr<\/a><\/p>\n<p>M\u00e9c\u00e9nat Fondation Louis Roederer<br \/><a href=\"https:\/\/www.louis-roederer.com\/fr\/news\/the-foundation\">h<\/a><a href=\"https:\/\/www.louis-roederer.com\/fr\/news\/the-foundation\">ttps:\/\/www.louis-roederer.com\/fr\/news\/the-foundation<\/a><\/p>\n<p><em><strong>Related articles<\/strong><\/em><\/p>\n<p>\u00a0<\/p>\n<p><strong>La ruine de sa demeure Mathieu Pernot expose \u00e0 la Fondation HCB <\/strong><a href=\"_wp_link_placeholder\" data-wplink-edit=\"true\">https:\/\/finelife.tv\/fr\/2022\/05\/29\/la-ruine-de-sa-demeure-mathieu-pernot-expose-a-la-fondation-hcb\/<\/a><\/p>\n<p>\u00a0<\/p>\n<p>\u00a0<\/p>\n<p><strong>Paris Photo doc vintage et vid\u00e9os<\/strong><br \/><a href=\"https:\/\/finelife.tv\/fr\/2018\/01\/15\/paris-photo-2017-doc-vintage-videos\/\">https:\/\/finelife.tv\/fr\/2018\/01\/15\/paris-photo-2017-doc-vintage-videos\/<\/a><\/p>\n\n\n<figure class=\"wp-block-gallery aligncenter has-nested-images columns-default is-cropped wp-block-gallery-2 is-layout-flex wp-block-gallery-is-layout-flex\">\n<figure class=\"wp-block-image size-large\"><img loading=\"lazy\" decoding=\"async\" width=\"825\" height=\"327\" data-id=\"6526\" src=\"https:\/\/finelife.tv\/fr\/wp-content\/uploads\/2020\/09\/img-src-22http-finelife.tvimage.jpg-alt-22Josef-Koudelka-odyss\u00e9e-panoramique-ville-amman22.jpg\" alt=\"Ruines Josef Koudelka odyss\u00e9e panoramique ville amman\" class=\"wp-image-6526\" srcset=\"https:\/\/finelife.tv\/fr\/wp-content\/uploads\/2020\/09\/img-src-22http-finelife.tvimage.jpg-alt-22Josef-Koudelka-odyss\u00e9e-panoramique-ville-amman22.jpg 825w, https:\/\/finelife.tv\/fr\/wp-content\/uploads\/2020\/09\/img-src-22http-finelife.tvimage.jpg-alt-22Josef-Koudelka-odyss\u00e9e-panoramique-ville-amman22-300x119.jpg 300w, https:\/\/finelife.tv\/fr\/wp-content\/uploads\/2020\/09\/img-src-22http-finelife.tvimage.jpg-alt-22Josef-Koudelka-odyss\u00e9e-panoramique-ville-amman22-768x304.jpg 768w\" sizes=\"auto, (max-width: 825px) 100vw, 825px\" \/><\/figure>\n<\/figure>\n\n\n\n<figure class=\"wp-block-gallery aligncenter has-nested-images columns-default is-cropped wp-block-gallery-3 is-layout-flex wp-block-gallery-is-layout-flex\">\n<figure class=\"wp-block-image size-large\"><img loading=\"lazy\" decoding=\"async\" width=\"1024\" height=\"768\" data-id=\"6523\" src=\"https:\/\/finelife.tv\/fr\/wp-content\/uploads\/2020\/09\/img-src-22http-finelife.tvimage.jpg-alt-22Josef-Koudelka-odyss\u00e9e-panoramique-sites-archeologiques22-1024x768.jpg\" alt=\"Ruines Josef Koudelka odyss\u00e9e panoramique sites archeologiques\" class=\"wp-image-6523\" srcset=\"https:\/\/finelife.tv\/fr\/wp-content\/uploads\/2020\/09\/img-src-22http-finelife.tvimage.jpg-alt-22Josef-Koudelka-odyss\u00e9e-panoramique-sites-archeologiques22-1024x768.jpg 1024w, https:\/\/finelife.tv\/fr\/wp-content\/uploads\/2020\/09\/img-src-22http-finelife.tvimage.jpg-alt-22Josef-Koudelka-odyss\u00e9e-panoramique-sites-archeologiques22-300x225.jpg 300w, https:\/\/finelife.tv\/fr\/wp-content\/uploads\/2020\/09\/img-src-22http-finelife.tvimage.jpg-alt-22Josef-Koudelka-odyss\u00e9e-panoramique-sites-archeologiques22-768x576.jpg 768w, https:\/\/finelife.tv\/fr\/wp-content\/uploads\/2020\/09\/img-src-22http-finelife.tvimage.jpg-alt-22Josef-Koudelka-odyss\u00e9e-panoramique-sites-archeologiques22.jpg 1080w\" sizes=\"auto, (max-width: 1024px) 100vw, 1024px\" \/><\/figure>\n<\/figure>\n\n\n\n<figure class=\"wp-block-gallery aligncenter has-nested-images columns-default is-cropped wp-block-gallery-4 is-layout-flex wp-block-gallery-is-layout-flex\">\n<figure class=\"wp-block-image size-large\"><img loading=\"lazy\" decoding=\"async\" width=\"1024\" height=\"768\" data-id=\"6521\" src=\"https:\/\/finelife.tv\/fr\/wp-content\/uploads\/2020\/09\/img-src-22http-finelife.tvimage.jpg-alt-22Josef-Koudelka-odyss\u00e9e-panoramique-scenographie22-1024x768.jpg\" alt=\"Ruines Josef Koudelka odyss\u00e9e panoramique scenographie\" class=\"wp-image-6521\" srcset=\"https:\/\/finelife.tv\/fr\/wp-content\/uploads\/2020\/09\/img-src-22http-finelife.tvimage.jpg-alt-22Josef-Koudelka-odyss\u00e9e-panoramique-scenographie22-1024x768.jpg 1024w, https:\/\/finelife.tv\/fr\/wp-content\/uploads\/2020\/09\/img-src-22http-finelife.tvimage.jpg-alt-22Josef-Koudelka-odyss\u00e9e-panoramique-scenographie22-300x225.jpg 300w, https:\/\/finelife.tv\/fr\/wp-content\/uploads\/2020\/09\/img-src-22http-finelife.tvimage.jpg-alt-22Josef-Koudelka-odyss\u00e9e-panoramique-scenographie22-768x576.jpg 768w, https:\/\/finelife.tv\/fr\/wp-content\/uploads\/2020\/09\/img-src-22http-finelife.tvimage.jpg-alt-22Josef-Koudelka-odyss\u00e9e-panoramique-scenographie22-1536x1152.jpg 1536w, https:\/\/finelife.tv\/fr\/wp-content\/uploads\/2020\/09\/img-src-22http-finelife.tvimage.jpg-alt-22Josef-Koudelka-odyss\u00e9e-panoramique-scenographie22-2048x1536.jpg 2048w\" sizes=\"auto, (max-width: 1024px) 100vw, 1024px\" \/><\/figure>\n<\/figure>\n\n\n\n<figure class=\"wp-block-gallery aligncenter has-nested-images columns-default is-cropped wp-block-gallery-5 is-layout-flex wp-block-gallery-is-layout-flex\">\n<figure class=\"wp-block-image size-large\"><img loading=\"lazy\" decoding=\"async\" width=\"1024\" height=\"768\" data-id=\"6520\" src=\"https:\/\/finelife.tv\/fr\/wp-content\/uploads\/2020\/09\/img-src-22http-finelife.tvimage.jpg-alt-22Josef-Koudelka-odyss\u00e9e-panoramique-paysage-mineral22-1024x768.jpg\" alt=\"Ruines Josef Koudelka odyss\u00e9e panoramique paysage mineral\" class=\"wp-image-6520\" srcset=\"https:\/\/finelife.tv\/fr\/wp-content\/uploads\/2020\/09\/img-src-22http-finelife.tvimage.jpg-alt-22Josef-Koudelka-odyss\u00e9e-panoramique-paysage-mineral22-1024x768.jpg 1024w, https:\/\/finelife.tv\/fr\/wp-content\/uploads\/2020\/09\/img-src-22http-finelife.tvimage.jpg-alt-22Josef-Koudelka-odyss\u00e9e-panoramique-paysage-mineral22-300x225.jpg 300w, https:\/\/finelife.tv\/fr\/wp-content\/uploads\/2020\/09\/img-src-22http-finelife.tvimage.jpg-alt-22Josef-Koudelka-odyss\u00e9e-panoramique-paysage-mineral22-768x576.jpg 768w, https:\/\/finelife.tv\/fr\/wp-content\/uploads\/2020\/09\/img-src-22http-finelife.tvimage.jpg-alt-22Josef-Koudelka-odyss\u00e9e-panoramique-paysage-mineral22.jpg 1080w\" sizes=\"auto, (max-width: 1024px) 100vw, 1024px\" \/><\/figure>\n<\/figure>\n\n\n\n<figure class=\"wp-block-gallery aligncenter has-nested-images columns-default is-cropped wp-block-gallery-6 is-layout-flex wp-block-gallery-is-layout-flex\">\n<figure class=\"wp-block-image size-large\"><img loading=\"lazy\" decoding=\"async\" width=\"1024\" height=\"768\" data-id=\"6519\" src=\"https:\/\/finelife.tv\/fr\/wp-content\/uploads\/2020\/09\/img-src-22http-finelife.tvimage.jpg-alt-22Josef-Koudelka-odyss\u00e9e-panoramique-grand-format22-1024x768.jpg\" alt=\"Ruines Josef Koudelka odyss\u00e9e panoramique grand format\" class=\"wp-image-6519\" srcset=\"https:\/\/finelife.tv\/fr\/wp-content\/uploads\/2020\/09\/img-src-22http-finelife.tvimage.jpg-alt-22Josef-Koudelka-odyss\u00e9e-panoramique-grand-format22-1024x768.jpg 1024w, https:\/\/finelife.tv\/fr\/wp-content\/uploads\/2020\/09\/img-src-22http-finelife.tvimage.jpg-alt-22Josef-Koudelka-odyss\u00e9e-panoramique-grand-format22-300x225.jpg 300w, https:\/\/finelife.tv\/fr\/wp-content\/uploads\/2020\/09\/img-src-22http-finelife.tvimage.jpg-alt-22Josef-Koudelka-odyss\u00e9e-panoramique-grand-format22-768x576.jpg 768w, https:\/\/finelife.tv\/fr\/wp-content\/uploads\/2020\/09\/img-src-22http-finelife.tvimage.jpg-alt-22Josef-Koudelka-odyss\u00e9e-panoramique-grand-format22.jpg 1080w\" sizes=\"auto, (max-width: 1024px) 100vw, 1024px\" \/><\/figure>\n<\/figure>\n\n\n\n<figure class=\"wp-block-gallery aligncenter has-nested-images columns-default is-cropped wp-block-gallery-7 is-layout-flex wp-block-gallery-is-layout-flex\">\n<figure class=\"wp-block-image size-large\"><img loading=\"lazy\" decoding=\"async\" width=\"768\" height=\"1024\" data-id=\"6524\" src=\"https:\/\/finelife.tv\/fr\/wp-content\/uploads\/2020\/09\/img-src-22http-finelife.tvimage.jpg-alt-22Josef-Koudelka-odyss\u00e9e-panoramique-photo-statue22-e1601136613971-768x1024.jpg\" alt=\"Ruines Josef Koudelka odyss\u00e9e panoramique statue\" class=\"wp-image-6524\" srcset=\"https:\/\/finelife.tv\/fr\/wp-content\/uploads\/2020\/09\/img-src-22http-finelife.tvimage.jpg-alt-22Josef-Koudelka-odyss\u00e9e-panoramique-photo-statue22-e1601136613971-768x1024.jpg 768w, https:\/\/finelife.tv\/fr\/wp-content\/uploads\/2020\/09\/img-src-22http-finelife.tvimage.jpg-alt-22Josef-Koudelka-odyss\u00e9e-panoramique-photo-statue22-e1601136613971-225x300.jpg 225w, https:\/\/finelife.tv\/fr\/wp-content\/uploads\/2020\/09\/img-src-22http-finelife.tvimage.jpg-alt-22Josef-Koudelka-odyss\u00e9e-panoramique-photo-statue22-e1601136613971.jpg 810w\" sizes=\"auto, (max-width: 768px) 100vw, 768px\" \/><\/figure>\n<\/figure>\n","protected":false},"excerpt":{"rendered":"<p>Ruines Josef Koudelka odyss\u00e9e panoramique. La BnF pr\u00e9sente une exposition de 110 clich\u00e9s de sites arch\u00e9ologiques m\u00e9diterran\u00e9ens. Une oeuvre d&rsquo;une beaut\u00e9 stup\u00e9fiante qui interroge le temps, la condition humaine et la nature. <\/p>\n","protected":false},"author":1,"featured_media":0,"comment_status":"open","ping_status":"open","sticky":false,"template":"","format":"standard","meta":{"footnotes":""},"categories":[4],"tags":[2614,2641,2620,68,2645,2643,324,168,2642,2619,2646],"class_list":["post-6502","post","type-post","status-publish","format-standard","hentry","category-blog","tag-archeologie","tag-bibliotheque-nationale-de-france","tag-bnf","tag-exposition","tag-josef-koudelka","tag-magnum-photos","tag-mediterranee","tag-photographie","tag-photos","tag-ruines","tag-sites-archeologiques"],"yoast_head":"<!-- This site is optimized with the Yoast SEO plugin v27.5 - https:\/\/yoast.com\/product\/yoast-seo-wordpress\/ -->\n<title>Ruines Josef Koudelka odyss\u00e9e panoramique - FineLife.tv<\/title>\n<meta name=\"description\" content=\"Ruines Josef Koudelka odyss\u00e9e panoramique. La BnF pr\u00e9sente une exposition de 110 clich\u00e9s de sites arch\u00e9ologiques m\u00e9diterran\u00e9ens. Une oeuvre d&#039;une beaut\u00e9 stup\u00e9fiante qui interroge le temps, la condition humaine et la nature.\" \/>\n<meta name=\"robots\" content=\"index, follow, max-snippet:-1, max-image-preview:large, max-video-preview:-1\" \/>\n<link rel=\"canonical\" href=\"https:\/\/finelife.tv\/fr\/2020\/09\/26\/ruines-josef-koudelka-odyssee-panoramique\/\" \/>\n<meta property=\"og:locale\" content=\"fr_FR\" \/>\n<meta property=\"og:type\" content=\"article\" \/>\n<meta property=\"og:title\" content=\"Ruines Josef Koudelka odyss\u00e9e panoramique - FineLife.tv\" \/>\n<meta property=\"og:description\" content=\"Ruines Josef Koudelka odyss\u00e9e panoramique. La BnF pr\u00e9sente une exposition de 110 clich\u00e9s de sites arch\u00e9ologiques m\u00e9diterran\u00e9ens. Une oeuvre d&#039;une beaut\u00e9 stup\u00e9fiante qui interroge le temps, la condition humaine et la nature.\" \/>\n<meta property=\"og:url\" content=\"https:\/\/finelife.tv\/fr\/2020\/09\/26\/ruines-josef-koudelka-odyssee-panoramique\/\" \/>\n<meta property=\"og:site_name\" content=\"FineLife.tv\" \/>\n<meta property=\"article:published_time\" content=\"2020-09-26T16:13:52+00:00\" \/>\n<meta property=\"article:modified_time\" content=\"2022-06-05T12:36:40+00:00\" \/>\n<meta name=\"author\" content=\"Leonore\" \/>\n<meta name=\"twitter:card\" content=\"summary_large_image\" \/>\n<meta name=\"twitter:creator\" content=\"@finelifetv\" \/>\n<meta name=\"twitter:site\" content=\"@finelifetv\" \/>\n<meta name=\"twitter:label1\" content=\"\u00c9crit par\" \/>\n\t<meta name=\"twitter:data1\" content=\"Leonore\" \/>\n\t<meta name=\"twitter:label2\" content=\"Dur\u00e9e de lecture estim\u00e9e\" \/>\n\t<meta name=\"twitter:data2\" content=\"6 minutes\" \/>\n<script type=\"application\/ld+json\" class=\"yoast-schema-graph\">{\"@context\":\"https:\\\/\\\/schema.org\",\"@graph\":[{\"@type\":\"Article\",\"@id\":\"https:\\\/\\\/finelife.tv\\\/fr\\\/2020\\\/09\\\/26\\\/ruines-josef-koudelka-odyssee-panoramique\\\/#article\",\"isPartOf\":{\"@id\":\"https:\\\/\\\/finelife.tv\\\/fr\\\/2020\\\/09\\\/26\\\/ruines-josef-koudelka-odyssee-panoramique\\\/\"},\"author\":{\"name\":\"Leonore\",\"@id\":\"https:\\\/\\\/finelife.tv\\\/fr\\\/#\\\/schema\\\/person\\\/e3d980b0c0b3dc5af01c3455893c8c52\"},\"headline\":\"Ruines Josef Koudelka odyss\u00e9e panoramique\",\"datePublished\":\"2020-09-26T16:13:52+00:00\",\"dateModified\":\"2022-06-05T12:36:40+00:00\",\"mainEntityOfPage\":{\"@id\":\"https:\\\/\\\/finelife.tv\\\/fr\\\/2020\\\/09\\\/26\\\/ruines-josef-koudelka-odyssee-panoramique\\\/\"},\"wordCount\":836,\"commentCount\":2,\"keywords\":[\"arch\u00e9ologie\",\"biblioth\u00e8que nationale de France\",\"bnf\",\"exposition\",\"Josef Koudelka\",\"Magnum photos\",\"mediterranee\",\"photographie\",\"photos\",\"ruines\",\"sites arch\u00e9ologiques\"],\"articleSection\":[\"Blog\"],\"inLanguage\":\"fr-FR\",\"potentialAction\":[{\"@type\":\"CommentAction\",\"name\":\"Comment\",\"target\":[\"https:\\\/\\\/finelife.tv\\\/fr\\\/2020\\\/09\\\/26\\\/ruines-josef-koudelka-odyssee-panoramique\\\/#respond\"]}]},{\"@type\":\"WebPage\",\"@id\":\"https:\\\/\\\/finelife.tv\\\/fr\\\/2020\\\/09\\\/26\\\/ruines-josef-koudelka-odyssee-panoramique\\\/\",\"url\":\"https:\\\/\\\/finelife.tv\\\/fr\\\/2020\\\/09\\\/26\\\/ruines-josef-koudelka-odyssee-panoramique\\\/\",\"name\":\"Ruines Josef Koudelka odyss\u00e9e panoramique - FineLife.tv\",\"isPartOf\":{\"@id\":\"https:\\\/\\\/finelife.tv\\\/fr\\\/#website\"},\"datePublished\":\"2020-09-26T16:13:52+00:00\",\"dateModified\":\"2022-06-05T12:36:40+00:00\",\"author\":{\"@id\":\"https:\\\/\\\/finelife.tv\\\/fr\\\/#\\\/schema\\\/person\\\/e3d980b0c0b3dc5af01c3455893c8c52\"},\"description\":\"Ruines Josef Koudelka odyss\u00e9e panoramique. La BnF pr\u00e9sente une exposition de 110 clich\u00e9s de sites arch\u00e9ologiques m\u00e9diterran\u00e9ens. Une oeuvre d'une beaut\u00e9 stup\u00e9fiante qui interroge le temps, la condition humaine et la nature.\",\"breadcrumb\":{\"@id\":\"https:\\\/\\\/finelife.tv\\\/fr\\\/2020\\\/09\\\/26\\\/ruines-josef-koudelka-odyssee-panoramique\\\/#breadcrumb\"},\"inLanguage\":\"fr-FR\",\"potentialAction\":[{\"@type\":\"ReadAction\",\"target\":[\"https:\\\/\\\/finelife.tv\\\/fr\\\/2020\\\/09\\\/26\\\/ruines-josef-koudelka-odyssee-panoramique\\\/\"]}]},{\"@type\":\"BreadcrumbList\",\"@id\":\"https:\\\/\\\/finelife.tv\\\/fr\\\/2020\\\/09\\\/26\\\/ruines-josef-koudelka-odyssee-panoramique\\\/#breadcrumb\",\"itemListElement\":[{\"@type\":\"ListItem\",\"position\":1,\"name\":\"Accueil\",\"item\":\"https:\\\/\\\/finelife.tv\\\/fr\\\/\"},{\"@type\":\"ListItem\",\"position\":2,\"name\":\"Ruines Josef Koudelka odyss\u00e9e panoramique\"}]},{\"@type\":\"WebSite\",\"@id\":\"https:\\\/\\\/finelife.tv\\\/fr\\\/#website\",\"url\":\"https:\\\/\\\/finelife.tv\\\/fr\\\/\",\"name\":\"FineLife.tv\",\"description\":\"Quand l&#039;Art de vivre croise l&#039;Art de penser\",\"potentialAction\":[{\"@type\":\"SearchAction\",\"target\":{\"@type\":\"EntryPoint\",\"urlTemplate\":\"https:\\\/\\\/finelife.tv\\\/fr\\\/?s={search_term_string}\"},\"query-input\":{\"@type\":\"PropertyValueSpecification\",\"valueRequired\":true,\"valueName\":\"search_term_string\"}}],\"inLanguage\":\"fr-FR\"},{\"@type\":\"Person\",\"@id\":\"https:\\\/\\\/finelife.tv\\\/fr\\\/#\\\/schema\\\/person\\\/e3d980b0c0b3dc5af01c3455893c8c52\",\"name\":\"Leonore\",\"image\":{\"@type\":\"ImageObject\",\"inLanguage\":\"fr-FR\",\"@id\":\"https:\\\/\\\/secure.gravatar.com\\\/avatar\\\/9a2e5073417479f910ffdeee54da5ccf4f91eab62746ce0ae0e81124a9491a79?s=96&d=mm&r=g\",\"url\":\"https:\\\/\\\/secure.gravatar.com\\\/avatar\\\/9a2e5073417479f910ffdeee54da5ccf4f91eab62746ce0ae0e81124a9491a79?s=96&d=mm&r=g\",\"contentUrl\":\"https:\\\/\\\/secure.gravatar.com\\\/avatar\\\/9a2e5073417479f910ffdeee54da5ccf4f91eab62746ce0ae0e81124a9491a79?s=96&d=mm&r=g\",\"caption\":\"Leonore\"}}]}<\/script>\n<!-- \/ Yoast SEO plugin. -->","yoast_head_json":{"title":"Ruines Josef Koudelka odyss\u00e9e panoramique - FineLife.tv","description":"Ruines Josef Koudelka odyss\u00e9e panoramique. La BnF pr\u00e9sente une exposition de 110 clich\u00e9s de sites arch\u00e9ologiques m\u00e9diterran\u00e9ens. Une oeuvre d'une beaut\u00e9 stup\u00e9fiante qui interroge le temps, la condition humaine et la nature.","robots":{"index":"index","follow":"follow","max-snippet":"max-snippet:-1","max-image-preview":"max-image-preview:large","max-video-preview":"max-video-preview:-1"},"canonical":"https:\/\/finelife.tv\/fr\/2020\/09\/26\/ruines-josef-koudelka-odyssee-panoramique\/","og_locale":"fr_FR","og_type":"article","og_title":"Ruines Josef Koudelka odyss\u00e9e panoramique - FineLife.tv","og_description":"Ruines Josef Koudelka odyss\u00e9e panoramique. La BnF pr\u00e9sente une exposition de 110 clich\u00e9s de sites arch\u00e9ologiques m\u00e9diterran\u00e9ens. Une oeuvre d'une beaut\u00e9 stup\u00e9fiante qui interroge le temps, la condition humaine et la nature.","og_url":"https:\/\/finelife.tv\/fr\/2020\/09\/26\/ruines-josef-koudelka-odyssee-panoramique\/","og_site_name":"FineLife.tv","article_published_time":"2020-09-26T16:13:52+00:00","article_modified_time":"2022-06-05T12:36:40+00:00","author":"Leonore","twitter_card":"summary_large_image","twitter_creator":"@finelifetv","twitter_site":"@finelifetv","twitter_misc":{"\u00c9crit par":"Leonore","Dur\u00e9e de lecture estim\u00e9e":"6 minutes"},"schema":{"@context":"https:\/\/schema.org","@graph":[{"@type":"Article","@id":"https:\/\/finelife.tv\/fr\/2020\/09\/26\/ruines-josef-koudelka-odyssee-panoramique\/#article","isPartOf":{"@id":"https:\/\/finelife.tv\/fr\/2020\/09\/26\/ruines-josef-koudelka-odyssee-panoramique\/"},"author":{"name":"Leonore","@id":"https:\/\/finelife.tv\/fr\/#\/schema\/person\/e3d980b0c0b3dc5af01c3455893c8c52"},"headline":"Ruines Josef Koudelka odyss\u00e9e panoramique","datePublished":"2020-09-26T16:13:52+00:00","dateModified":"2022-06-05T12:36:40+00:00","mainEntityOfPage":{"@id":"https:\/\/finelife.tv\/fr\/2020\/09\/26\/ruines-josef-koudelka-odyssee-panoramique\/"},"wordCount":836,"commentCount":2,"keywords":["arch\u00e9ologie","biblioth\u00e8que nationale de France","bnf","exposition","Josef Koudelka","Magnum photos","mediterranee","photographie","photos","ruines","sites arch\u00e9ologiques"],"articleSection":["Blog"],"inLanguage":"fr-FR","potentialAction":[{"@type":"CommentAction","name":"Comment","target":["https:\/\/finelife.tv\/fr\/2020\/09\/26\/ruines-josef-koudelka-odyssee-panoramique\/#respond"]}]},{"@type":"WebPage","@id":"https:\/\/finelife.tv\/fr\/2020\/09\/26\/ruines-josef-koudelka-odyssee-panoramique\/","url":"https:\/\/finelife.tv\/fr\/2020\/09\/26\/ruines-josef-koudelka-odyssee-panoramique\/","name":"Ruines Josef Koudelka odyss\u00e9e panoramique - FineLife.tv","isPartOf":{"@id":"https:\/\/finelife.tv\/fr\/#website"},"datePublished":"2020-09-26T16:13:52+00:00","dateModified":"2022-06-05T12:36:40+00:00","author":{"@id":"https:\/\/finelife.tv\/fr\/#\/schema\/person\/e3d980b0c0b3dc5af01c3455893c8c52"},"description":"Ruines Josef Koudelka odyss\u00e9e panoramique. La BnF pr\u00e9sente une exposition de 110 clich\u00e9s de sites arch\u00e9ologiques m\u00e9diterran\u00e9ens. Une oeuvre d'une beaut\u00e9 stup\u00e9fiante qui interroge le temps, la condition humaine et la nature.","breadcrumb":{"@id":"https:\/\/finelife.tv\/fr\/2020\/09\/26\/ruines-josef-koudelka-odyssee-panoramique\/#breadcrumb"},"inLanguage":"fr-FR","potentialAction":[{"@type":"ReadAction","target":["https:\/\/finelife.tv\/fr\/2020\/09\/26\/ruines-josef-koudelka-odyssee-panoramique\/"]}]},{"@type":"BreadcrumbList","@id":"https:\/\/finelife.tv\/fr\/2020\/09\/26\/ruines-josef-koudelka-odyssee-panoramique\/#breadcrumb","itemListElement":[{"@type":"ListItem","position":1,"name":"Accueil","item":"https:\/\/finelife.tv\/fr\/"},{"@type":"ListItem","position":2,"name":"Ruines Josef Koudelka odyss\u00e9e panoramique"}]},{"@type":"WebSite","@id":"https:\/\/finelife.tv\/fr\/#website","url":"https:\/\/finelife.tv\/fr\/","name":"FineLife.tv","description":"Quand l&#039;Art de vivre croise l&#039;Art de penser","potentialAction":[{"@type":"SearchAction","target":{"@type":"EntryPoint","urlTemplate":"https:\/\/finelife.tv\/fr\/?s={search_term_string}"},"query-input":{"@type":"PropertyValueSpecification","valueRequired":true,"valueName":"search_term_string"}}],"inLanguage":"fr-FR"},{"@type":"Person","@id":"https:\/\/finelife.tv\/fr\/#\/schema\/person\/e3d980b0c0b3dc5af01c3455893c8c52","name":"Leonore","image":{"@type":"ImageObject","inLanguage":"fr-FR","@id":"https:\/\/secure.gravatar.com\/avatar\/9a2e5073417479f910ffdeee54da5ccf4f91eab62746ce0ae0e81124a9491a79?s=96&d=mm&r=g","url":"https:\/\/secure.gravatar.com\/avatar\/9a2e5073417479f910ffdeee54da5ccf4f91eab62746ce0ae0e81124a9491a79?s=96&d=mm&r=g","contentUrl":"https:\/\/secure.gravatar.com\/avatar\/9a2e5073417479f910ffdeee54da5ccf4f91eab62746ce0ae0e81124a9491a79?s=96&d=mm&r=g","caption":"Leonore"}}]}},"_links":{"self":[{"href":"https:\/\/finelife.tv\/fr\/wp-json\/wp\/v2\/posts\/6502","targetHints":{"allow":["GET"]}}],"collection":[{"href":"https:\/\/finelife.tv\/fr\/wp-json\/wp\/v2\/posts"}],"about":[{"href":"https:\/\/finelife.tv\/fr\/wp-json\/wp\/v2\/types\/post"}],"author":[{"embeddable":true,"href":"https:\/\/finelife.tv\/fr\/wp-json\/wp\/v2\/users\/1"}],"replies":[{"embeddable":true,"href":"https:\/\/finelife.tv\/fr\/wp-json\/wp\/v2\/comments?post=6502"}],"version-history":[{"count":13,"href":"https:\/\/finelife.tv\/fr\/wp-json\/wp\/v2\/posts\/6502\/revisions"}],"predecessor-version":[{"id":11196,"href":"https:\/\/finelife.tv\/fr\/wp-json\/wp\/v2\/posts\/6502\/revisions\/11196"}],"wp:attachment":[{"href":"https:\/\/finelife.tv\/fr\/wp-json\/wp\/v2\/media?parent=6502"}],"wp:term":[{"taxonomy":"category","embeddable":true,"href":"https:\/\/finelife.tv\/fr\/wp-json\/wp\/v2\/categories?post=6502"},{"taxonomy":"post_tag","embeddable":true,"href":"https:\/\/finelife.tv\/fr\/wp-json\/wp\/v2\/tags?post=6502"}],"curies":[{"name":"wp","href":"https:\/\/api.w.org\/{rel}","templated":true}]}}