{"id":8085,"date":"2021-06-02T13:01:45","date_gmt":"2021-06-02T11:01:45","guid":{"rendered":"https:\/\/finelife.tv\/fr\/?p=8085"},"modified":"2025-08-04T10:08:30","modified_gmt":"2025-08-04T08:08:30","slug":"avant-elle-johanna-krawczyk-la-verite-en-abime","status":"publish","type":"post","link":"https:\/\/finelife.tv\/fr\/2021\/06\/02\/avant-elle-johanna-krawczyk-la-verite-en-abime\/","title":{"rendered":"Avant elle Johanna Krawczyk : la v\u00e9rit\u00e9 en ab\u00eeme"},"content":{"rendered":"\n<figure class=\"wp-block-gallery has-nested-images columns-default is-cropped wp-block-gallery-1 is-layout-flex wp-block-gallery-is-layout-flex\">\n<figure class=\"wp-block-image size-large\"><img loading=\"lazy\" decoding=\"async\" width=\"704\" height=\"1024\" data-id=\"8293\" src=\"https:\/\/finelife.tv\/fr\/wp-content\/uploads\/2021\/06\/img-src-22https-finelife.tvimagejpg-alt-22Avant-elle-Johanna-Krawczyk-la-verite-en-abime22.jpg.jpeg\" alt=\"Avant elle Johanna Krawczyk : la v\u00e9rit\u00e9 en ab\u00eeme\" class=\"wp-image-8293\" srcset=\"https:\/\/finelife.tv\/fr\/wp-content\/uploads\/2021\/06\/img-src-22https-finelife.tvimagejpg-alt-22Avant-elle-Johanna-Krawczyk-la-verite-en-abime22.jpg.jpeg 704w, https:\/\/finelife.tv\/fr\/wp-content\/uploads\/2021\/06\/img-src-22https-finelife.tvimagejpg-alt-22Avant-elle-Johanna-Krawczyk-la-verite-en-abime22.jpg-206x300.jpeg 206w\" sizes=\"auto, (max-width: 704px) 100vw, 704px\" \/><\/figure>\n<\/figure>\n\n\n\n<p><strong>Avant elle Johanna Krawczyk : la v\u00e9rit\u00e9 en ab\u00eeme . Celle de sa famille. Des \u00ab&nbsp;r\u00e9fugi\u00e9s&nbsp;\u00bb politiques argentins. Un livre \u00e0 tiroirs qui multiple fausses pistes, chausse-trapes et laisse le lecteur foudroy\u00e9. Sid\u00e9rant !<\/strong><\/p>\n\n\n\n<p>Carmen est borderline. Elle boit pour repousser  les lignes qui se rapprochent. Elle boit pour respirer. pour s\u2019\u00e9vader. \u00ab&nbsp;<em>Chaque matin je me l\u00e8ve avec l\u2019impression de ne pas \u00eatre moi, de ne pas \u00eatre la bonne place, dans la bonne vie. de n\u2019\u00eatre qu\u2019un gribouillage, sans allure et sans joie, alors je bois un peu, d\u00e9s 7h30, l\u2019heure \u00e0 laquelle mon r\u00e9veil sonne cinq jours sur sept<\/em>&nbsp;\u00bb.<\/p>\n\n\n\n<p>Pourtant la jeune femme se place dans les normes. Enseignante sp\u00e9cialiste de l\u2019Am\u00e9rique latine, elle vit avec un mari aimant et leur petite fille. <br>D\u2019o\u00f9 vient le mal-\u00eatre qui la ronge ? Le suicide de sa m\u00e8re quand elle \u00e9tait enfant a ouvert une faille. La mort de son p\u00e8re v\u00e9n\u00e8r\u00e9 transforme cette faille en b\u00e9ance. Elle r\u00e9veille aussi des interrogations inconsciences. Peut-\u00eatre une prescience de l\u2019intol\u00e9rable.<br><br><\/p>\n\n\n\n<h2 class=\"wp-block-heading has-text-align-center\">Histoire familiale X dictature argentine<\/h2>\n\n\n\n<p><br>Car tout va basculer lorsque Carmen entre en possession d\u2019une commode secr\u00e8te. En l\u2019explorant, elle remonte l\u2019histoire de ses parents dans l\u2019Argentine des ann\u00e9es 70-80. L\u2019Argentine de Peron puis celle de la dictature militaire deVidela. Au nom de la lutte contre \u00ab&nbsp;l&rsquo;ennemi int\u00e9rieur&nbsp;\u00bb, le \u00ab\u00a0communisme&nbsp;\u00bb, la barbarie est \u00e9rig\u00e9e en devoir. Bilan : 30 000 disparus, des dizaines de milliers de tortur\u00e9s, des centaines de vols de b\u00e9b\u00e9s. Leurs  m\u00e8res d\u00e9tenues. accouchaient en prison puis \u00e9taient supprim\u00e9es. Les manifestations des grands-m\u00e8res de la place de mai r\u00e9clamant les enfants et la lumi\u00e8re sur les disparitions sont c\u00e9l\u00e8bres. <br><\/p>\n\n\n\n<h2 class=\"wp-block-heading has-text-align-center\"><br>La commode et la v\u00e9rit\u00e9 en tiroirs <br><\/h2>\n\n\n\n<p>Cette histoire Carmen la connait bien. Pas par son p\u00e8re qui n\u2019a jamais voulu lui en parler. Mais par ses \u00e9tudes. Fille de r\u00e9fugi\u00e9s de la dictature elle voulait conna\u00eetre son histoire tue en famille.<\/p>\n\n\n\n<p>La commande lui donne des cl\u00e9s. Photographies, lettres, coupures de presse, sept carnets -des journaux intimes- et une petite clef.<\/p>\n\n\n\n<p>Carmen d\u00e9couvre le parcours de son p\u00e8re commandant dans l\u2019arm\u00e9e . Chaque d\u00e9couverte est une joie et un coup d\u2019\u00e9p\u00e9e. La douleur est vive . Le sentiment de manque, d\u2019absence monte en un crescendo br\u00fblant.  <br>Puis au fil de la lecture Carmen exhume de la commode une v\u00e9rit\u00e9  \u00e0 tiroirs. Et si l\u2019histoire familiale, la rencontre des parents dans le quartier de la Bastille, les amis du Balajo, le silence comme rampart aux traumatismes &#8230; si tout cela \u00e9tait cachait une autre v\u00e9rit\u00e9.<\/p>\n\n\n\n<p> Dans Apr\u00e8s elle, Johanna Kraweczyk croise l\u2019histoire familiale et l\u2019histoire d\u2019une des pires dictatures argentines. Sa reconstitution \u00e0 travers les carnets intimes et les documents d\u2019\u00e9poque lui donne une intimit\u00e9 insupportable. Mais la prouesse, le grand talent du livre r\u00e9side dans un succession de renversements. De fausses pistes en chausse-trapes, l\u2019\u00e9crivaine nous entraine dans une enqu\u00eate qui d\u00e9bouche sur une v\u00e9rit\u00e9 ab\u00eeme. <br><\/p>\n\n\n\n<p>Avant elle <\/p>\n\n\n\n<p>Johanna Krawczyk <\/p>\n\n\n\n<p>\u00c9ditions H\u00e9lo\u00efse d\u2019Ormesson <a href=\"http:\/\/www.editions-heloisedormesson.com\n\">http:\/\/www.editions-heloisedormesson.com<br><\/a><\/p>\n\n\n\n<p>                         <strong><span class=\"has-inline-color has-luminous-vivid-orange-color\">Related article<\/span><\/strong> <\/p>\n\n\n\n<p>Avant elle Johanna Krawczyk : la v\u00e9rit\u00e9 en ab\u00eeme<\/p>\n\n\n\n<p><strong><a href=\"https:\/\/finelife.tv\/fr\/2025\/08\/01\/roman-je-vous-dedie-mon-silence\/\">Roman Je vous d\u00e9die mon silence<\/a><\/strong><\/p>\n\n\n\n<p><a href=\"https:\/\/finelife.tv\/fr\/2020\/08\/26\/voix-sans-issue-marlene-tissot-polar-de-la-resilience\/\">https:\/\/finelife.tv\/fr\/2020\/08\/26\/voix-sans-issue-marlene-tissot-polar-de-la-resilience\/<\/a><\/p>\n\n\n\n<p><strong>Terres voraces foot et cartels de la mort<\/strong> <a href=\"https:\/\/finelife.tv\/fr\/2022\/11\/18\/racines-voraces-foot-et-cartels-de-la-mort\/\">https:\/\/finelife.tv\/fr\/2022\/11\/18\/racines-voraces-foot-et-cartels-de-la-mort\/<\/a><\/p>\n\n\n\n<figure class=\"wp-block-embed is-type-wp-embed is-provider-finelife-tv wp-block-embed-finelife-tv\"><div class=\"wp-block-embed__wrapper\">\n<blockquote class=\"wp-embedded-content\" data-secret=\"44gdZIFkyT\"><a href=\"https:\/\/finelife.tv\/fr\/2019\/10\/03\/les-listes-delisabeth-saga-et-et-enquete\/\">Les listes d&rsquo;Elisabeth : saga et enqu\u00eate<\/a><\/blockquote><iframe loading=\"lazy\" class=\"wp-embedded-content\" sandbox=\"allow-scripts\" security=\"restricted\" style=\"position: absolute; visibility: hidden;\" title=\"\u00ab\u00a0Les listes d&rsquo;Elisabeth : saga et enqu\u00eate\u00a0\u00bb &#8212; FineLife.tv\" src=\"https:\/\/finelife.tv\/fr\/2019\/10\/03\/les-listes-delisabeth-saga-et-et-enquete\/embed\/#?secret=UlAf1AbnCM#?secret=44gdZIFkyT\" data-secret=\"44gdZIFkyT\" width=\"500\" height=\"282\" frameborder=\"0\" marginwidth=\"0\" marginheight=\"0\" scrolling=\"no\"><\/iframe>\n<\/div><\/figure>\n","protected":false},"excerpt":{"rendered":"<p>Avant elle Johanna Krawczyk : la v\u00e9rit\u00e9 en ab\u00eeme . Celle de sa famille. Des \u00ab r\u00e9fugi\u00e9s \u00bb politiques argentins. Un livre \u00e0 tiroirs qui multiple fausses pistes, chausse-trapes et laisse le lecteur foudroy\u00e9. Sid\u00e9rant !<\/p>\n","protected":false},"author":1,"featured_media":0,"comment_status":"open","ping_status":"open","sticky":false,"template":"","format":"standard","meta":{"footnotes":""},"categories":[4],"tags":[3004,3002,3010,3007,3001,1663,3008,3009,3006,423,269,791,881],"class_list":["post-8085","post","type-post","status-publish","format-standard","hentry","category-blog","tag-argentine","tag-avant-elle","tag-dictature","tag-editions-heloise-dormesdon","tag-johanna-krawczyk","tag-livre","tag-livre-historique","tag-livre-sur-famille","tag-lubres","tag-premier-roman","tag-roman","tag-romans","tag-saga-familiale"],"yoast_head":"<!-- This site is optimized with the Yoast SEO plugin v27.5 - https:\/\/yoast.com\/product\/yoast-seo-wordpress\/ -->\n<title>Avant elle Johanna Krawczyk : la v\u00e9rit\u00e9 en ab\u00eeme - FineLife.tv<\/title>\n<meta name=\"description\" content=\"Avant elle Johanna Krawczyk : la v\u00e9rit\u00e9 en ab\u00eeme .Celle de sa famille. Des \u00ab r\u00e9fugi\u00e9s \u00bb politiques argentins. Un livre \u00e0 tiroirs qui multiple fausses pistes, chausse-trapes et laisse le lecteur foudroy\u00e9. Sid\u00e9rant !\" \/>\n<meta name=\"robots\" content=\"index, follow, max-snippet:-1, max-image-preview:large, max-video-preview:-1\" \/>\n<link rel=\"canonical\" href=\"https:\/\/finelife.tv\/fr\/2021\/06\/02\/avant-elle-johanna-krawczyk-la-verite-en-abime\/\" \/>\n<meta property=\"og:locale\" content=\"fr_FR\" \/>\n<meta property=\"og:type\" content=\"article\" \/>\n<meta property=\"og:title\" content=\"Avant elle Johanna Krawczyk : la v\u00e9rit\u00e9 en ab\u00eeme - FineLife.tv\" \/>\n<meta property=\"og:description\" content=\"Avant elle Johanna Krawczyk : la v\u00e9rit\u00e9 en ab\u00eeme .Celle de sa famille. Des \u00ab r\u00e9fugi\u00e9s \u00bb politiques argentins. Un livre \u00e0 tiroirs qui multiple fausses pistes, chausse-trapes et laisse le lecteur foudroy\u00e9. Sid\u00e9rant !\" \/>\n<meta property=\"og:url\" content=\"https:\/\/finelife.tv\/fr\/2021\/06\/02\/avant-elle-johanna-krawczyk-la-verite-en-abime\/\" \/>\n<meta property=\"og:site_name\" content=\"FineLife.tv\" \/>\n<meta property=\"article:published_time\" content=\"2021-06-02T11:01:45+00:00\" \/>\n<meta property=\"article:modified_time\" content=\"2025-08-04T08:08:30+00:00\" \/>\n<meta property=\"og:image\" content=\"https:\/\/finelife.tv\/fr\/wp-content\/uploads\/2021\/06\/img-src-22https-finelife.tvimagejpg-alt-22Avant-elle-Johanna-Krawczyk-la-verite-en-abime22.jpg.jpeg\" \/>\n\t<meta property=\"og:image:width\" content=\"704\" \/>\n\t<meta property=\"og:image:height\" content=\"1024\" \/>\n\t<meta property=\"og:image:type\" content=\"image\/jpeg\" \/>\n<meta name=\"author\" content=\"Leonore\" \/>\n<meta name=\"twitter:card\" content=\"summary_large_image\" \/>\n<meta name=\"twitter:creator\" content=\"@finelifetv\" \/>\n<meta name=\"twitter:site\" content=\"@finelifetv\" \/>\n<meta name=\"twitter:label1\" content=\"\u00c9crit par\" \/>\n\t<meta name=\"twitter:data1\" content=\"Leonore\" \/>\n\t<meta name=\"twitter:label2\" content=\"Dur\u00e9e de lecture estim\u00e9e\" \/>\n\t<meta name=\"twitter:data2\" content=\"3 minutes\" \/>\n<script type=\"application\/ld+json\" class=\"yoast-schema-graph\">{\"@context\":\"https:\\\/\\\/schema.org\",\"@graph\":[{\"@type\":\"Article\",\"@id\":\"https:\\\/\\\/finelife.tv\\\/fr\\\/2021\\\/06\\\/02\\\/avant-elle-johanna-krawczyk-la-verite-en-abime\\\/#article\",\"isPartOf\":{\"@id\":\"https:\\\/\\\/finelife.tv\\\/fr\\\/2021\\\/06\\\/02\\\/avant-elle-johanna-krawczyk-la-verite-en-abime\\\/\"},\"author\":{\"name\":\"Leonore\",\"@id\":\"https:\\\/\\\/finelife.tv\\\/fr\\\/#\\\/schema\\\/person\\\/e3d980b0c0b3dc5af01c3455893c8c52\"},\"headline\":\"Avant elle Johanna Krawczyk : la v\u00e9rit\u00e9 en ab\u00eeme\",\"datePublished\":\"2021-06-02T11:01:45+00:00\",\"dateModified\":\"2025-08-04T08:08:30+00:00\",\"mainEntityOfPage\":{\"@id\":\"https:\\\/\\\/finelife.tv\\\/fr\\\/2021\\\/06\\\/02\\\/avant-elle-johanna-krawczyk-la-verite-en-abime\\\/\"},\"wordCount\":614,\"commentCount\":2,\"image\":{\"@id\":\"https:\\\/\\\/finelife.tv\\\/fr\\\/2021\\\/06\\\/02\\\/avant-elle-johanna-krawczyk-la-verite-en-abime\\\/#primaryimage\"},\"thumbnailUrl\":\"https:\\\/\\\/finelife.tv\\\/fr\\\/wp-content\\\/uploads\\\/2021\\\/06\\\/img-src-22https-finelife.tvimagejpg-alt-22Avant-elle-Johanna-Krawczyk-la-verite-en-abime22.jpg.jpeg\",\"keywords\":[\"Argentine\",\"avant elle\",\"dictature\",\"\u00e9ditions H\u00e9lo\u00efse d\u2019ormesdon\",\"Johanna Krawczyk\",\"livre\",\"livre historique\",\"livre sur famille\",\"lubres\",\"premier roman\",\"roman\",\"romans\",\"saga familiale\"],\"articleSection\":[\"Blog\"],\"inLanguage\":\"fr-FR\",\"potentialAction\":[{\"@type\":\"CommentAction\",\"name\":\"Comment\",\"target\":[\"https:\\\/\\\/finelife.tv\\\/fr\\\/2021\\\/06\\\/02\\\/avant-elle-johanna-krawczyk-la-verite-en-abime\\\/#respond\"]}]},{\"@type\":\"WebPage\",\"@id\":\"https:\\\/\\\/finelife.tv\\\/fr\\\/2021\\\/06\\\/02\\\/avant-elle-johanna-krawczyk-la-verite-en-abime\\\/\",\"url\":\"https:\\\/\\\/finelife.tv\\\/fr\\\/2021\\\/06\\\/02\\\/avant-elle-johanna-krawczyk-la-verite-en-abime\\\/\",\"name\":\"Avant elle Johanna Krawczyk : la v\u00e9rit\u00e9 en ab\u00eeme - FineLife.tv\",\"isPartOf\":{\"@id\":\"https:\\\/\\\/finelife.tv\\\/fr\\\/#website\"},\"primaryImageOfPage\":{\"@id\":\"https:\\\/\\\/finelife.tv\\\/fr\\\/2021\\\/06\\\/02\\\/avant-elle-johanna-krawczyk-la-verite-en-abime\\\/#primaryimage\"},\"image\":{\"@id\":\"https:\\\/\\\/finelife.tv\\\/fr\\\/2021\\\/06\\\/02\\\/avant-elle-johanna-krawczyk-la-verite-en-abime\\\/#primaryimage\"},\"thumbnailUrl\":\"https:\\\/\\\/finelife.tv\\\/fr\\\/wp-content\\\/uploads\\\/2021\\\/06\\\/img-src-22https-finelife.tvimagejpg-alt-22Avant-elle-Johanna-Krawczyk-la-verite-en-abime22.jpg.jpeg\",\"datePublished\":\"2021-06-02T11:01:45+00:00\",\"dateModified\":\"2025-08-04T08:08:30+00:00\",\"author\":{\"@id\":\"https:\\\/\\\/finelife.tv\\\/fr\\\/#\\\/schema\\\/person\\\/e3d980b0c0b3dc5af01c3455893c8c52\"},\"description\":\"Avant elle Johanna Krawczyk : la v\u00e9rit\u00e9 en ab\u00eeme .Celle de sa famille. Des \u00ab r\u00e9fugi\u00e9s \u00bb politiques argentins. Un livre \u00e0 tiroirs qui multiple fausses pistes, chausse-trapes et laisse le lecteur foudroy\u00e9. Sid\u00e9rant !\",\"breadcrumb\":{\"@id\":\"https:\\\/\\\/finelife.tv\\\/fr\\\/2021\\\/06\\\/02\\\/avant-elle-johanna-krawczyk-la-verite-en-abime\\\/#breadcrumb\"},\"inLanguage\":\"fr-FR\",\"potentialAction\":[{\"@type\":\"ReadAction\",\"target\":[\"https:\\\/\\\/finelife.tv\\\/fr\\\/2021\\\/06\\\/02\\\/avant-elle-johanna-krawczyk-la-verite-en-abime\\\/\"]}]},{\"@type\":\"ImageObject\",\"inLanguage\":\"fr-FR\",\"@id\":\"https:\\\/\\\/finelife.tv\\\/fr\\\/2021\\\/06\\\/02\\\/avant-elle-johanna-krawczyk-la-verite-en-abime\\\/#primaryimage\",\"url\":\"https:\\\/\\\/finelife.tv\\\/fr\\\/wp-content\\\/uploads\\\/2021\\\/06\\\/img-src-22https-finelife.tvimagejpg-alt-22Avant-elle-Johanna-Krawczyk-la-verite-en-abime22.jpg.jpeg\",\"contentUrl\":\"https:\\\/\\\/finelife.tv\\\/fr\\\/wp-content\\\/uploads\\\/2021\\\/06\\\/img-src-22https-finelife.tvimagejpg-alt-22Avant-elle-Johanna-Krawczyk-la-verite-en-abime22.jpg.jpeg\",\"width\":704,\"height\":1024,\"caption\":\"Avant elle Johanna Krawczyk : la v\u00e9rit\u00e9 en ab\u00eeme\"},{\"@type\":\"BreadcrumbList\",\"@id\":\"https:\\\/\\\/finelife.tv\\\/fr\\\/2021\\\/06\\\/02\\\/avant-elle-johanna-krawczyk-la-verite-en-abime\\\/#breadcrumb\",\"itemListElement\":[{\"@type\":\"ListItem\",\"position\":1,\"name\":\"Accueil\",\"item\":\"https:\\\/\\\/finelife.tv\\\/fr\\\/\"},{\"@type\":\"ListItem\",\"position\":2,\"name\":\"Avant elle Johanna Krawczyk : la v\u00e9rit\u00e9 en ab\u00eeme\"}]},{\"@type\":\"WebSite\",\"@id\":\"https:\\\/\\\/finelife.tv\\\/fr\\\/#website\",\"url\":\"https:\\\/\\\/finelife.tv\\\/fr\\\/\",\"name\":\"FineLife.tv\",\"description\":\"Quand l&#039;Art de vivre croise l&#039;Art de penser\",\"potentialAction\":[{\"@type\":\"SearchAction\",\"target\":{\"@type\":\"EntryPoint\",\"urlTemplate\":\"https:\\\/\\\/finelife.tv\\\/fr\\\/?s={search_term_string}\"},\"query-input\":{\"@type\":\"PropertyValueSpecification\",\"valueRequired\":true,\"valueName\":\"search_term_string\"}}],\"inLanguage\":\"fr-FR\"},{\"@type\":\"Person\",\"@id\":\"https:\\\/\\\/finelife.tv\\\/fr\\\/#\\\/schema\\\/person\\\/e3d980b0c0b3dc5af01c3455893c8c52\",\"name\":\"Leonore\",\"image\":{\"@type\":\"ImageObject\",\"inLanguage\":\"fr-FR\",\"@id\":\"https:\\\/\\\/secure.gravatar.com\\\/avatar\\\/9a2e5073417479f910ffdeee54da5ccf4f91eab62746ce0ae0e81124a9491a79?s=96&d=mm&r=g\",\"url\":\"https:\\\/\\\/secure.gravatar.com\\\/avatar\\\/9a2e5073417479f910ffdeee54da5ccf4f91eab62746ce0ae0e81124a9491a79?s=96&d=mm&r=g\",\"contentUrl\":\"https:\\\/\\\/secure.gravatar.com\\\/avatar\\\/9a2e5073417479f910ffdeee54da5ccf4f91eab62746ce0ae0e81124a9491a79?s=96&d=mm&r=g\",\"caption\":\"Leonore\"}}]}<\/script>\n<!-- \/ Yoast SEO plugin. -->","yoast_head_json":{"title":"Avant elle Johanna Krawczyk : la v\u00e9rit\u00e9 en ab\u00eeme - FineLife.tv","description":"Avant elle Johanna Krawczyk : la v\u00e9rit\u00e9 en ab\u00eeme .Celle de sa famille. Des \u00ab r\u00e9fugi\u00e9s \u00bb politiques argentins. Un livre \u00e0 tiroirs qui multiple fausses pistes, chausse-trapes et laisse le lecteur foudroy\u00e9. Sid\u00e9rant !","robots":{"index":"index","follow":"follow","max-snippet":"max-snippet:-1","max-image-preview":"max-image-preview:large","max-video-preview":"max-video-preview:-1"},"canonical":"https:\/\/finelife.tv\/fr\/2021\/06\/02\/avant-elle-johanna-krawczyk-la-verite-en-abime\/","og_locale":"fr_FR","og_type":"article","og_title":"Avant elle Johanna Krawczyk : la v\u00e9rit\u00e9 en ab\u00eeme - FineLife.tv","og_description":"Avant elle Johanna Krawczyk : la v\u00e9rit\u00e9 en ab\u00eeme .Celle de sa famille. Des \u00ab r\u00e9fugi\u00e9s \u00bb politiques argentins. Un livre \u00e0 tiroirs qui multiple fausses pistes, chausse-trapes et laisse le lecteur foudroy\u00e9. Sid\u00e9rant !","og_url":"https:\/\/finelife.tv\/fr\/2021\/06\/02\/avant-elle-johanna-krawczyk-la-verite-en-abime\/","og_site_name":"FineLife.tv","article_published_time":"2021-06-02T11:01:45+00:00","article_modified_time":"2025-08-04T08:08:30+00:00","og_image":[{"width":704,"height":1024,"url":"https:\/\/finelife.tv\/fr\/wp-content\/uploads\/2021\/06\/img-src-22https-finelife.tvimagejpg-alt-22Avant-elle-Johanna-Krawczyk-la-verite-en-abime22.jpg.jpeg","type":"image\/jpeg"}],"author":"Leonore","twitter_card":"summary_large_image","twitter_creator":"@finelifetv","twitter_site":"@finelifetv","twitter_misc":{"\u00c9crit par":"Leonore","Dur\u00e9e de lecture estim\u00e9e":"3 minutes"},"schema":{"@context":"https:\/\/schema.org","@graph":[{"@type":"Article","@id":"https:\/\/finelife.tv\/fr\/2021\/06\/02\/avant-elle-johanna-krawczyk-la-verite-en-abime\/#article","isPartOf":{"@id":"https:\/\/finelife.tv\/fr\/2021\/06\/02\/avant-elle-johanna-krawczyk-la-verite-en-abime\/"},"author":{"name":"Leonore","@id":"https:\/\/finelife.tv\/fr\/#\/schema\/person\/e3d980b0c0b3dc5af01c3455893c8c52"},"headline":"Avant elle Johanna Krawczyk : la v\u00e9rit\u00e9 en ab\u00eeme","datePublished":"2021-06-02T11:01:45+00:00","dateModified":"2025-08-04T08:08:30+00:00","mainEntityOfPage":{"@id":"https:\/\/finelife.tv\/fr\/2021\/06\/02\/avant-elle-johanna-krawczyk-la-verite-en-abime\/"},"wordCount":614,"commentCount":2,"image":{"@id":"https:\/\/finelife.tv\/fr\/2021\/06\/02\/avant-elle-johanna-krawczyk-la-verite-en-abime\/#primaryimage"},"thumbnailUrl":"https:\/\/finelife.tv\/fr\/wp-content\/uploads\/2021\/06\/img-src-22https-finelife.tvimagejpg-alt-22Avant-elle-Johanna-Krawczyk-la-verite-en-abime22.jpg.jpeg","keywords":["Argentine","avant elle","dictature","\u00e9ditions H\u00e9lo\u00efse d\u2019ormesdon","Johanna Krawczyk","livre","livre historique","livre sur famille","lubres","premier roman","roman","romans","saga familiale"],"articleSection":["Blog"],"inLanguage":"fr-FR","potentialAction":[{"@type":"CommentAction","name":"Comment","target":["https:\/\/finelife.tv\/fr\/2021\/06\/02\/avant-elle-johanna-krawczyk-la-verite-en-abime\/#respond"]}]},{"@type":"WebPage","@id":"https:\/\/finelife.tv\/fr\/2021\/06\/02\/avant-elle-johanna-krawczyk-la-verite-en-abime\/","url":"https:\/\/finelife.tv\/fr\/2021\/06\/02\/avant-elle-johanna-krawczyk-la-verite-en-abime\/","name":"Avant elle Johanna Krawczyk : la v\u00e9rit\u00e9 en ab\u00eeme - FineLife.tv","isPartOf":{"@id":"https:\/\/finelife.tv\/fr\/#website"},"primaryImageOfPage":{"@id":"https:\/\/finelife.tv\/fr\/2021\/06\/02\/avant-elle-johanna-krawczyk-la-verite-en-abime\/#primaryimage"},"image":{"@id":"https:\/\/finelife.tv\/fr\/2021\/06\/02\/avant-elle-johanna-krawczyk-la-verite-en-abime\/#primaryimage"},"thumbnailUrl":"https:\/\/finelife.tv\/fr\/wp-content\/uploads\/2021\/06\/img-src-22https-finelife.tvimagejpg-alt-22Avant-elle-Johanna-Krawczyk-la-verite-en-abime22.jpg.jpeg","datePublished":"2021-06-02T11:01:45+00:00","dateModified":"2025-08-04T08:08:30+00:00","author":{"@id":"https:\/\/finelife.tv\/fr\/#\/schema\/person\/e3d980b0c0b3dc5af01c3455893c8c52"},"description":"Avant elle Johanna Krawczyk : la v\u00e9rit\u00e9 en ab\u00eeme .Celle de sa famille. Des \u00ab r\u00e9fugi\u00e9s \u00bb politiques argentins. Un livre \u00e0 tiroirs qui multiple fausses pistes, chausse-trapes et laisse le lecteur foudroy\u00e9. Sid\u00e9rant !","breadcrumb":{"@id":"https:\/\/finelife.tv\/fr\/2021\/06\/02\/avant-elle-johanna-krawczyk-la-verite-en-abime\/#breadcrumb"},"inLanguage":"fr-FR","potentialAction":[{"@type":"ReadAction","target":["https:\/\/finelife.tv\/fr\/2021\/06\/02\/avant-elle-johanna-krawczyk-la-verite-en-abime\/"]}]},{"@type":"ImageObject","inLanguage":"fr-FR","@id":"https:\/\/finelife.tv\/fr\/2021\/06\/02\/avant-elle-johanna-krawczyk-la-verite-en-abime\/#primaryimage","url":"https:\/\/finelife.tv\/fr\/wp-content\/uploads\/2021\/06\/img-src-22https-finelife.tvimagejpg-alt-22Avant-elle-Johanna-Krawczyk-la-verite-en-abime22.jpg.jpeg","contentUrl":"https:\/\/finelife.tv\/fr\/wp-content\/uploads\/2021\/06\/img-src-22https-finelife.tvimagejpg-alt-22Avant-elle-Johanna-Krawczyk-la-verite-en-abime22.jpg.jpeg","width":704,"height":1024,"caption":"Avant elle Johanna Krawczyk : la v\u00e9rit\u00e9 en ab\u00eeme"},{"@type":"BreadcrumbList","@id":"https:\/\/finelife.tv\/fr\/2021\/06\/02\/avant-elle-johanna-krawczyk-la-verite-en-abime\/#breadcrumb","itemListElement":[{"@type":"ListItem","position":1,"name":"Accueil","item":"https:\/\/finelife.tv\/fr\/"},{"@type":"ListItem","position":2,"name":"Avant elle Johanna Krawczyk : la v\u00e9rit\u00e9 en ab\u00eeme"}]},{"@type":"WebSite","@id":"https:\/\/finelife.tv\/fr\/#website","url":"https:\/\/finelife.tv\/fr\/","name":"FineLife.tv","description":"Quand l&#039;Art de vivre croise l&#039;Art de penser","potentialAction":[{"@type":"SearchAction","target":{"@type":"EntryPoint","urlTemplate":"https:\/\/finelife.tv\/fr\/?s={search_term_string}"},"query-input":{"@type":"PropertyValueSpecification","valueRequired":true,"valueName":"search_term_string"}}],"inLanguage":"fr-FR"},{"@type":"Person","@id":"https:\/\/finelife.tv\/fr\/#\/schema\/person\/e3d980b0c0b3dc5af01c3455893c8c52","name":"Leonore","image":{"@type":"ImageObject","inLanguage":"fr-FR","@id":"https:\/\/secure.gravatar.com\/avatar\/9a2e5073417479f910ffdeee54da5ccf4f91eab62746ce0ae0e81124a9491a79?s=96&d=mm&r=g","url":"https:\/\/secure.gravatar.com\/avatar\/9a2e5073417479f910ffdeee54da5ccf4f91eab62746ce0ae0e81124a9491a79?s=96&d=mm&r=g","contentUrl":"https:\/\/secure.gravatar.com\/avatar\/9a2e5073417479f910ffdeee54da5ccf4f91eab62746ce0ae0e81124a9491a79?s=96&d=mm&r=g","caption":"Leonore"}}]}},"_links":{"self":[{"href":"https:\/\/finelife.tv\/fr\/wp-json\/wp\/v2\/posts\/8085","targetHints":{"allow":["GET"]}}],"collection":[{"href":"https:\/\/finelife.tv\/fr\/wp-json\/wp\/v2\/posts"}],"about":[{"href":"https:\/\/finelife.tv\/fr\/wp-json\/wp\/v2\/types\/post"}],"author":[{"embeddable":true,"href":"https:\/\/finelife.tv\/fr\/wp-json\/wp\/v2\/users\/1"}],"replies":[{"embeddable":true,"href":"https:\/\/finelife.tv\/fr\/wp-json\/wp\/v2\/comments?post=8085"}],"version-history":[{"count":20,"href":"https:\/\/finelife.tv\/fr\/wp-json\/wp\/v2\/posts\/8085\/revisions"}],"predecessor-version":[{"id":24036,"href":"https:\/\/finelife.tv\/fr\/wp-json\/wp\/v2\/posts\/8085\/revisions\/24036"}],"wp:attachment":[{"href":"https:\/\/finelife.tv\/fr\/wp-json\/wp\/v2\/media?parent=8085"}],"wp:term":[{"taxonomy":"category","embeddable":true,"href":"https:\/\/finelife.tv\/fr\/wp-json\/wp\/v2\/categories?post=8085"},{"taxonomy":"post_tag","embeddable":true,"href":"https:\/\/finelife.tv\/fr\/wp-json\/wp\/v2\/tags?post=8085"}],"curies":[{"name":"wp","href":"https:\/\/api.w.org\/{rel}","templated":true}]}}