{"id":8758,"date":"2021-10-27T13:17:36","date_gmt":"2021-10-27T11:17:36","guid":{"rendered":"https:\/\/finelife.tv\/fr\/?p=8758"},"modified":"2024-12-07T18:45:58","modified_gmt":"2024-12-07T17:45:58","slug":"les-rubans-de-lintime-expo-entre-corps-et-codes","status":"publish","type":"post","link":"https:\/\/finelife.tv\/fr\/2021\/10\/27\/les-rubans-de-lintime-expo-entre-corps-et-codes\/","title":{"rendered":"Les rubans de l&rsquo;intime expo entre corps et codes"},"content":{"rendered":"\n<figure class=\"wp-block-gallery has-nested-images columns-default is-cropped wp-block-gallery-1 is-layout-flex wp-block-gallery-is-layout-flex\">\n<figure class=\"wp-block-image size-large\"><img loading=\"lazy\" decoding=\"async\" width=\"709\" height=\"1024\" data-id=\"8783\" src=\"https:\/\/finelife.tv\/fr\/wp-content\/uploads\/2021\/10\/img-src-22https-finelife.tvimage.jpg-alt-22Les-rubans-de-l-intime-expo-entre-corps-et-codes22-709x1024.jpg\" alt=\"\" class=\"wp-image-8783\" srcset=\"https:\/\/finelife.tv\/fr\/wp-content\/uploads\/2021\/10\/img-src-22https-finelife.tvimage.jpg-alt-22Les-rubans-de-l-intime-expo-entre-corps-et-codes22-709x1024.jpg 709w, https:\/\/finelife.tv\/fr\/wp-content\/uploads\/2021\/10\/img-src-22https-finelife.tvimage.jpg-alt-22Les-rubans-de-l-intime-expo-entre-corps-et-codes22-208x300.jpg 208w, https:\/\/finelife.tv\/fr\/wp-content\/uploads\/2021\/10\/img-src-22https-finelife.tvimage.jpg-alt-22Les-rubans-de-l-intime-expo-entre-corps-et-codes22-768x1110.jpg 768w, https:\/\/finelife.tv\/fr\/wp-content\/uploads\/2021\/10\/img-src-22https-finelife.tvimage.jpg-alt-22Les-rubans-de-l-intime-expo-entre-corps-et-codes22-1063x1536.jpg 1063w, https:\/\/finelife.tv\/fr\/wp-content\/uploads\/2021\/10\/img-src-22https-finelife.tvimage.jpg-alt-22Les-rubans-de-l-intime-expo-entre-corps-et-codes22-1417x2048.jpg 1417w, https:\/\/finelife.tv\/fr\/wp-content\/uploads\/2021\/10\/img-src-22https-finelife.tvimage.jpg-alt-22Les-rubans-de-l-intime-expo-entre-corps-et-codes22-scaled.jpg 1771w\" sizes=\"auto, (max-width: 709px) 100vw, 709px\" \/><\/figure>\n<\/figure>\n\n\n\n<p><strong>Les rubans de l&rsquo;intime expo entre corps et codes. Le mus\u00e9e d&rsquo;art et d&rsquo;industrie de Saint-\u00c9tienne interroge l&rsquo;histoire de la lingerie et de la mode. Objectif : d\u00e9crypter la langage cach\u00e9e des dessous. De la jarreti\u00e8re au <\/strong>no bra<strong> en passant par des pi\u00e8ces haute couture.<\/strong><br><br>La marraine de l&rsquo;exposition Les rubans de l&rsquo;intime a pour nom Chantal Thomas, papesse des dessous chics. Plut\u00f4t engageant non ? Sa gu\u00eapi\u00e8re en dentelle joue d&rsquo;ailleurs les h\u00f4tesses d&rsquo;accueil. Un avant-go\u00fbt des pi\u00e8ces de haute couture  expos\u00e9es. Notons un sublime d\u00e9shabill\u00e9 de Franck Sorbier tout en macram\u00e9 rouge, un bustier moul\u00e9 \u00e0 m\u00eame le cops de Shy&rsquo;m chuchote-t-on ou encore une robe corset\u00e9e de Jean-Paul Gaultier pour Madona.<br><br>Au del\u00e0 des cr\u00e9ations iconiques, il s&rsquo;agit de retracer <strong><span class=\"has-inline-color has-luminous-vivid-orange-color\">l&rsquo;histoire du ruban et des sous-v\u00eatements du 19e si\u00e8cle \u00e0 nos jours. Une histoire sc\u00e9nographi\u00e9e en alc\u00f4ves ou boudoirs<\/span><\/strong> o\u00f9 se m\u00eale articles de lingeries, photos, vid\u00e9os et pi\u00e8ces inattendues comme ces \u00e9mouvants rubans trouv\u00e9s sur des enfants abandonn\u00e9s. Souvenir ? Espoir de reconnaissance ?<br><br><strong>L&rsquo;intime : au coeur des civilisations et de l&rsquo;actualit\u00e9<\/strong><br><br>Les commissaires ont choisi le boudoir afin de renforcer l&rsquo;aspect intime, cach\u00e9-montr\u00e9. Quand au choix du ruban comme fil d&rsquo;Ariane, il s&rsquo;explique par son c\u00f4t\u00e9 symbolique. Ainsi, <span class=\"has-inline-color has-luminous-vivid-orange-color\"><strong>les chemises de nuit ou de jour, les rubans impeccablement repass\u00e9s renvoyaient \u00e0 la vertu et \u00e0 la classe sociale<\/strong>.<\/span>\u00ab\u00a0<br>Cette exposition montre que l&rsquo;intime est au coeur des civilisation et s&rsquo;inscrit dans l&rsquo;actualit\u00e9\u00a0\u00bb estime Sylvain Besson co-commissaire. \u00ab\u00a0<strong><span class=\"has-inline-color has-luminous-vivid-orange-color\">Au 17e si\u00e8cle la femme devait cacher ses jambes. Aujourd&rsquo;hui avec certains mouvements on retrouve les interdits, la question de la pudeur, de ce qui est permis ou non de montrer<\/span><\/strong>\u00ab\u00a0.<br>Le responsable des collections textiles \u00e9voque par ailleurs le r\u00f4le des industries r\u00e9gionales dans l&rsquo;\u00e9volution technologique et la place grandissante de la sant\u00e9.<br><br><br>L\u2019exposition suit un ordre chronologique. On part de la jarreti\u00e8re et de l&rsquo;ordre du m\u00eame nom voulu par le roi \u00c9douard III. Puis on explore les rubans pour les bas : des jarretelles aux hauts silicon\u00e9s Dim up. <br>On passe ensuite \u00e0 la <span class=\"has-inline-color has-luminous-vivid-orange-color\"><strong>gaine et au corset instruments de maintien du buste et du corps. Dans les deux sens du terme. La femme est tenu physiquement et socialement. Le v\u00eatement l&rsquo;entrave, lui rappelle son statut et limite ses mouvements donc son \u00e9mancipation.<\/strong><\/span><\/p>\n\n\n\n<p><br>Plus tard le soutien-gorge lib\u00e8re le mouvement. Toutefois la fonction de maintien et d&rsquo;ornement de ce sous-v\u00eatement peut \u00eatre vu comme une entrave. D&rsquo;o\u00f9 le mouvement no- bra. \u00ab\u00a0L&rsquo;exposition prend en compte les grands temps soci\u00e9taux\u00a0\u00bb d\u00e9clare Sylvain Besson. \u00ab\u00a0En 1914 le corset dispara\u00eet. Avec la premi\u00e8re guerre mondiale et le travail des femmes il n&rsquo;est plus adapt\u00e9. il est per\u00e7u comme un carcan. De m\u00eame, dans la ann\u00e9es 60 la r\u00e9volution culturelle, l&rsquo;affirmation du f\u00e9minisme font \u00e9merger la minijupe et les collants qui assurent une certaine \u00e9mancipation\u00a0\u00bb.<br><br>Deux articles embl\u00e9matiques sont expos\u00e9s. Le cadole, l&rsquo;anc\u00eatre sous soutien gorge cr\u00e9e par Hermine Cadole en 1889. Le Lise Charmel de 2010 et ses 2,5 m de rubans.<br><br><strong>Rubans et genres<\/strong><br><br>C\u00f4t\u00e9 culottes on constate aussi une \u00e9volution des codes sociaux. \u00ab\u00a0<span class=\"has-inline-color has-luminous-vivid-orange-color\"><strong>Longtemps genr\u00e9e, la lingerie bouge. Les hommes peuvent porter des strings initialement r\u00e9serv\u00e9s aux femmes<\/strong><\/span>. Celles-ci s&rsquo;approprient des pi\u00e8ces \u00ab\u00a0masculines\u00a0\u00bb comme le boxer\u00a0\u00bb rappelle Sylvain Besson. Le co-commissaire cite par ailleurs le binder, ce soutien-gorge con\u00e7u pour effacer la poitrine des personnes inscrites dans un parcours transgenre.\u00a0\u00bbSon temps de port est limit\u00e9 pour des raisons de sant\u00e9. Cela renvoie aux effets n\u00e9gatifs que pouvait avoir le corset\u00a0\u00bb.<br><br>Pour terminer la visite, une d\u00e9ambulation dans les anciens ateliers montre le savoir faire et duret\u00e9 des m\u00e9tiers. Le bruit est \u00e9norme. Les ouvriers(\u00e8res) devaient le supporter une douzaine d&rsquo;heures par jour. Surdit\u00e9 pr\u00e9coce garantie. <br> Les dessous pas chics de l\u2019industrie manufacturi\u00e8re. <br><br><strong>Les rubans de l&rsquo;intime<\/strong><br>Mus\u00e9e d&rsquo;art et d&rsquo;industrie de Saint-\u00c9tienne<br>Jusqu&rsquo;au 2 janvier 2022<br><a href=\"https:\/\/mai.saint-etienne.fr\/expositions-evenements\/exposition-en-cours\/rubans-de-lintime\">https:\/\/mai.saint-etienne.fr\/expositions-evenements\/exposition-en-cours\/rubans-de-lintime<\/a><br><br><br><br>Related article<br>Les rubans de l&rsquo;intime expo entre corps et codes \/Les rubans de l&rsquo;intime expo entre corps et codes<br><br><br><strong>Secrets de beaut\u00e9 et estampes : expo MCJ<\/strong><br><a href=\"https:\/\/finelife.tv\/fr\/2021\/07\/08\/secrets-de-beaute-et-estampes-expo-mcj\/\">https:\/\/finelife.tv\/fr\/2021\/07\/08\/secrets-de-beaute-et-estampes-expo-mcj\/<\/a><\/p>\n\n\n\n<p><\/p>\n\n\n\n<figure class=\"wp-block-gallery aligncenter has-nested-images columns-default is-cropped wp-block-gallery-2 is-layout-flex wp-block-gallery-is-layout-flex\">\n<figure class=\"wp-block-image size-large\"><img loading=\"lazy\" decoding=\"async\" width=\"768\" height=\"1024\" data-id=\"8785\" src=\"https:\/\/finelife.tv\/fr\/wp-content\/uploads\/2021\/10\/img-src-22https-finelife.tvimage.jpg-alt-22Les-rubans-de-l-intime-expo-entre-corps-et-codes-culottes22-768x1024.jpg\" alt=\"Les rubans de l\u2019intime expo entre corps et codes Culottes\" class=\"wp-image-8785\" srcset=\"https:\/\/finelife.tv\/fr\/wp-content\/uploads\/2021\/10\/img-src-22https-finelife.tvimage.jpg-alt-22Les-rubans-de-l-intime-expo-entre-corps-et-codes-culottes22-768x1024.jpg 768w, https:\/\/finelife.tv\/fr\/wp-content\/uploads\/2021\/10\/img-src-22https-finelife.tvimage.jpg-alt-22Les-rubans-de-l-intime-expo-entre-corps-et-codes-culottes22-225x300.jpg 225w, https:\/\/finelife.tv\/fr\/wp-content\/uploads\/2021\/10\/img-src-22https-finelife.tvimage.jpg-alt-22Les-rubans-de-l-intime-expo-entre-corps-et-codes-culottes22-1152x1536.jpg 1152w, https:\/\/finelife.tv\/fr\/wp-content\/uploads\/2021\/10\/img-src-22https-finelife.tvimage.jpg-alt-22Les-rubans-de-l-intime-expo-entre-corps-et-codes-culottes22-1536x2048.jpg 1536w, https:\/\/finelife.tv\/fr\/wp-content\/uploads\/2021\/10\/img-src-22https-finelife.tvimage.jpg-alt-22Les-rubans-de-l-intime-expo-entre-corps-et-codes-culottes22-scaled.jpg 1920w\" sizes=\"auto, (max-width: 768px) 100vw, 768px\" \/><\/figure>\n<figcaption class=\"blocks-gallery-caption wp-element-caption\">De la culotte fendue au string <\/figcaption><\/figure>\n\n\n\n<figure class=\"wp-block-gallery aligncenter has-nested-images columns-default is-cropped wp-block-gallery-3 is-layout-flex wp-block-gallery-is-layout-flex\">\n<figure class=\"wp-block-image size-large\"><img loading=\"lazy\" decoding=\"async\" width=\"768\" height=\"1024\" data-id=\"8784\" src=\"https:\/\/finelife.tv\/fr\/wp-content\/uploads\/2021\/10\/img-src-22https-finelife.tvimage.jpg-alt-22Les-rubans-de-l-intime-expo-entre-corps-et-codes-jarretelles22-768x1024.jpg\" alt=\"Les rubans de l\u2019intime expo entre corps et codes jarretelles\" class=\"wp-image-8784\" srcset=\"https:\/\/finelife.tv\/fr\/wp-content\/uploads\/2021\/10\/img-src-22https-finelife.tvimage.jpg-alt-22Les-rubans-de-l-intime-expo-entre-corps-et-codes-jarretelles22-768x1024.jpg 768w, https:\/\/finelife.tv\/fr\/wp-content\/uploads\/2021\/10\/img-src-22https-finelife.tvimage.jpg-alt-22Les-rubans-de-l-intime-expo-entre-corps-et-codes-jarretelles22-225x300.jpg 225w, https:\/\/finelife.tv\/fr\/wp-content\/uploads\/2021\/10\/img-src-22https-finelife.tvimage.jpg-alt-22Les-rubans-de-l-intime-expo-entre-corps-et-codes-jarretelles22-1152x1536.jpg 1152w, https:\/\/finelife.tv\/fr\/wp-content\/uploads\/2021\/10\/img-src-22https-finelife.tvimage.jpg-alt-22Les-rubans-de-l-intime-expo-entre-corps-et-codes-jarretelles22-1536x2048.jpg 1536w, https:\/\/finelife.tv\/fr\/wp-content\/uploads\/2021\/10\/img-src-22https-finelife.tvimage.jpg-alt-22Les-rubans-de-l-intime-expo-entre-corps-et-codes-jarretelles22-scaled.jpg 1920w\" sizes=\"auto, (max-width: 768px) 100vw, 768px\" \/><\/figure>\n<figcaption class=\"blocks-gallery-caption wp-element-caption\">De la jarreti\u00e8re maintenue par un cordon de chanvre aux bas en passant par la jarretelle<\/figcaption><\/figure>\n\n\n\n<figure class=\"wp-block-gallery aligncenter has-nested-images columns-default is-cropped wp-block-gallery-4 is-layout-flex wp-block-gallery-is-layout-flex\">\n<figure class=\"wp-block-image size-large\"><img loading=\"lazy\" decoding=\"async\" width=\"768\" height=\"1024\" data-id=\"8786\" src=\"https:\/\/finelife.tv\/fr\/wp-content\/uploads\/2021\/10\/img-src-22https-finelife.tvimage.jpg-alt-22Les-rubans-de-l-intime-expo-entre-corps-et-codes-soutien-gorge-cadole22-768x1024.jpg\" alt=\"Les rubans de l\u2019intime expo entre corps et codes soutien gorge cadole\" class=\"wp-image-8786\" srcset=\"https:\/\/finelife.tv\/fr\/wp-content\/uploads\/2021\/10\/img-src-22https-finelife.tvimage.jpg-alt-22Les-rubans-de-l-intime-expo-entre-corps-et-codes-soutien-gorge-cadole22-768x1024.jpg 768w, https:\/\/finelife.tv\/fr\/wp-content\/uploads\/2021\/10\/img-src-22https-finelife.tvimage.jpg-alt-22Les-rubans-de-l-intime-expo-entre-corps-et-codes-soutien-gorge-cadole22-225x300.jpg 225w, https:\/\/finelife.tv\/fr\/wp-content\/uploads\/2021\/10\/img-src-22https-finelife.tvimage.jpg-alt-22Les-rubans-de-l-intime-expo-entre-corps-et-codes-soutien-gorge-cadole22-1152x1536.jpg 1152w, https:\/\/finelife.tv\/fr\/wp-content\/uploads\/2021\/10\/img-src-22https-finelife.tvimage.jpg-alt-22Les-rubans-de-l-intime-expo-entre-corps-et-codes-soutien-gorge-cadole22-1536x2048.jpg 1536w, https:\/\/finelife.tv\/fr\/wp-content\/uploads\/2021\/10\/img-src-22https-finelife.tvimage.jpg-alt-22Les-rubans-de-l-intime-expo-entre-corps-et-codes-soutien-gorge-cadole22-scaled.jpg 1920w\" sizes=\"auto, (max-width: 768px) 100vw, 768px\" \/><\/figure>\n<figcaption class=\"blocks-gallery-caption wp-element-caption\">Soutien gorge Cadole <\/figcaption><\/figure>\n\n\n\n<figure class=\"wp-block-gallery aligncenter has-nested-images columns-default is-cropped wp-block-gallery-5 is-layout-flex wp-block-gallery-is-layout-flex\">\n<figure class=\"wp-block-image size-large\"><img loading=\"lazy\" decoding=\"async\" width=\"1024\" height=\"991\" data-id=\"8787\" src=\"https:\/\/finelife.tv\/fr\/wp-content\/uploads\/2021\/10\/img-src-22https-finelife.tvimage.jpg-alt-22Les-rubans-de-l-intime-expo-entre-corps-et-codes-deshabille-franck-sorbier22-1024x991.jpg\" alt=\"Les rubans de l\u2019intime expo entre corps et codes d\u00e9shabille Franck Sorbier\" class=\"wp-image-8787\" srcset=\"https:\/\/finelife.tv\/fr\/wp-content\/uploads\/2021\/10\/img-src-22https-finelife.tvimage.jpg-alt-22Les-rubans-de-l-intime-expo-entre-corps-et-codes-deshabille-franck-sorbier22-1024x991.jpg 1024w, https:\/\/finelife.tv\/fr\/wp-content\/uploads\/2021\/10\/img-src-22https-finelife.tvimage.jpg-alt-22Les-rubans-de-l-intime-expo-entre-corps-et-codes-deshabille-franck-sorbier22-300x290.jpg 300w, https:\/\/finelife.tv\/fr\/wp-content\/uploads\/2021\/10\/img-src-22https-finelife.tvimage.jpg-alt-22Les-rubans-de-l-intime-expo-entre-corps-et-codes-deshabille-franck-sorbier22-768x743.jpg 768w, https:\/\/finelife.tv\/fr\/wp-content\/uploads\/2021\/10\/img-src-22https-finelife.tvimage.jpg-alt-22Les-rubans-de-l-intime-expo-entre-corps-et-codes-deshabille-franck-sorbier22-1536x1486.jpg 1536w, https:\/\/finelife.tv\/fr\/wp-content\/uploads\/2021\/10\/img-src-22https-finelife.tvimage.jpg-alt-22Les-rubans-de-l-intime-expo-entre-corps-et-codes-deshabille-franck-sorbier22-2048x1981.jpg 2048w\" sizes=\"auto, (max-width: 1024px) 100vw, 1024px\" \/><\/figure>\n<figcaption class=\"blocks-gallery-caption wp-element-caption\">D\u00e9shabill\u00e9 Franck Sorbier en macram\u00e9 <\/figcaption><\/figure>\n\n\n\n<figure class=\"wp-block-gallery aligncenter has-nested-images columns-default is-cropped wp-block-gallery-6 is-layout-flex wp-block-gallery-is-layout-flex\">\n<figure class=\"wp-block-image size-large\"><img loading=\"lazy\" decoding=\"async\" width=\"768\" height=\"1024\" data-id=\"8789\" src=\"https:\/\/finelife.tv\/fr\/wp-content\/uploads\/2021\/10\/img-src-22https-finelife.tvimage.jpg-alt-22Les-rubans-de-l-intime-expo-entre-corps-et-codes-manche-de-deshabille22-768x1024.jpg\" alt=\"Les rubans de l\u2019intime expo entre corps et codes manche de d\u00e9shabill\u00e9\" class=\"wp-image-8789\" srcset=\"https:\/\/finelife.tv\/fr\/wp-content\/uploads\/2021\/10\/img-src-22https-finelife.tvimage.jpg-alt-22Les-rubans-de-l-intime-expo-entre-corps-et-codes-manche-de-deshabille22-768x1024.jpg 768w, https:\/\/finelife.tv\/fr\/wp-content\/uploads\/2021\/10\/img-src-22https-finelife.tvimage.jpg-alt-22Les-rubans-de-l-intime-expo-entre-corps-et-codes-manche-de-deshabille22-225x300.jpg 225w, https:\/\/finelife.tv\/fr\/wp-content\/uploads\/2021\/10\/img-src-22https-finelife.tvimage.jpg-alt-22Les-rubans-de-l-intime-expo-entre-corps-et-codes-manche-de-deshabille22-1152x1536.jpg 1152w, https:\/\/finelife.tv\/fr\/wp-content\/uploads\/2021\/10\/img-src-22https-finelife.tvimage.jpg-alt-22Les-rubans-de-l-intime-expo-entre-corps-et-codes-manche-de-deshabille22-1536x2048.jpg 1536w, https:\/\/finelife.tv\/fr\/wp-content\/uploads\/2021\/10\/img-src-22https-finelife.tvimage.jpg-alt-22Les-rubans-de-l-intime-expo-entre-corps-et-codes-manche-de-deshabille22-scaled.jpg 1920w\" sizes=\"auto, (max-width: 768px) 100vw, 768px\" \/><\/figure>\n<figcaption class=\"blocks-gallery-caption wp-element-caption\">D\u00e9tail de \u00ab&nbsp;Gueules d\u2019amour&nbsp;\u00bb le d\u00e9shabille de la Maison de haute couture Franck Sorbier<br><br><br> <\/figcaption><\/figure>\n\n\n\n<figure class=\"wp-block-gallery aligncenter has-nested-images columns-default is-cropped wp-block-gallery-7 is-layout-flex wp-block-gallery-is-layout-flex\">\n<figure class=\"wp-block-image size-large\"><img loading=\"lazy\" decoding=\"async\" width=\"768\" height=\"1024\" data-id=\"8788\" src=\"https:\/\/finelife.tv\/fr\/wp-content\/uploads\/2021\/10\/img-src-22https-finelife.tvimage.jpg-alt-22Les-rubans-de-l-intime-expo-entre-corps-et-codes-bustier-shym22-768x1024.jpg\" alt=\"Les rubans de l\u2019intime expo entre corps et codes bustier shym\" class=\"wp-image-8788\" srcset=\"https:\/\/finelife.tv\/fr\/wp-content\/uploads\/2021\/10\/img-src-22https-finelife.tvimage.jpg-alt-22Les-rubans-de-l-intime-expo-entre-corps-et-codes-bustier-shym22-768x1024.jpg 768w, https:\/\/finelife.tv\/fr\/wp-content\/uploads\/2021\/10\/img-src-22https-finelife.tvimage.jpg-alt-22Les-rubans-de-l-intime-expo-entre-corps-et-codes-bustier-shym22-225x300.jpg 225w, https:\/\/finelife.tv\/fr\/wp-content\/uploads\/2021\/10\/img-src-22https-finelife.tvimage.jpg-alt-22Les-rubans-de-l-intime-expo-entre-corps-et-codes-bustier-shym22-1152x1536.jpg 1152w, https:\/\/finelife.tv\/fr\/wp-content\/uploads\/2021\/10\/img-src-22https-finelife.tvimage.jpg-alt-22Les-rubans-de-l-intime-expo-entre-corps-et-codes-bustier-shym22-1536x2048.jpg 1536w, https:\/\/finelife.tv\/fr\/wp-content\/uploads\/2021\/10\/img-src-22https-finelife.tvimage.jpg-alt-22Les-rubans-de-l-intime-expo-entre-corps-et-codes-bustier-shym22-scaled.jpg 1920w\" sizes=\"auto, (max-width: 768px) 100vw, 768px\" \/><\/figure>\n<figcaption class=\"blocks-gallery-caption wp-element-caption\">Bustier corset moul\u00e9 sur le corps de Shy\u2019m<\/figcaption><\/figure>\n\n\n\n<figure class=\"wp-block-gallery aligncenter has-nested-images columns-default is-cropped wp-block-gallery-8 is-layout-flex wp-block-gallery-is-layout-flex\">\n<figure class=\"wp-block-image size-large\"><img loading=\"lazy\" decoding=\"async\" width=\"768\" height=\"1024\" data-id=\"8791\" src=\"https:\/\/finelife.tv\/fr\/wp-content\/uploads\/2021\/10\/img-src-22https-finelife.tvimage.jpg-alt-22Les-rubans-de-l-intime-expo-entre-corps-et-codes-robe-dentelle-rubans22-768x1024.jpg\" alt=\"Les rubans de l\u2019intime expo entre corps et codes robe en rubans\" class=\"wp-image-8791\" srcset=\"https:\/\/finelife.tv\/fr\/wp-content\/uploads\/2021\/10\/img-src-22https-finelife.tvimage.jpg-alt-22Les-rubans-de-l-intime-expo-entre-corps-et-codes-robe-dentelle-rubans22-768x1024.jpg 768w, https:\/\/finelife.tv\/fr\/wp-content\/uploads\/2021\/10\/img-src-22https-finelife.tvimage.jpg-alt-22Les-rubans-de-l-intime-expo-entre-corps-et-codes-robe-dentelle-rubans22-225x300.jpg 225w, https:\/\/finelife.tv\/fr\/wp-content\/uploads\/2021\/10\/img-src-22https-finelife.tvimage.jpg-alt-22Les-rubans-de-l-intime-expo-entre-corps-et-codes-robe-dentelle-rubans22-1152x1536.jpg 1152w, https:\/\/finelife.tv\/fr\/wp-content\/uploads\/2021\/10\/img-src-22https-finelife.tvimage.jpg-alt-22Les-rubans-de-l-intime-expo-entre-corps-et-codes-robe-dentelle-rubans22-1536x2048.jpg 1536w, https:\/\/finelife.tv\/fr\/wp-content\/uploads\/2021\/10\/img-src-22https-finelife.tvimage.jpg-alt-22Les-rubans-de-l-intime-expo-entre-corps-et-codes-robe-dentelle-rubans22-scaled.jpg 1920w\" sizes=\"auto, (max-width: 768px) 100vw, 768px\" \/><\/figure>\n<figcaption class=\"blocks-gallery-caption wp-element-caption\">Robes de rubans <\/figcaption><\/figure>\n\n\n\n<div class=\"wp-block-columns is-layout-flex wp-container-core-columns-is-layout-9d6595d7 wp-block-columns-is-layout-flex\">\n<div class=\"wp-block-column is-layout-flow wp-block-column-is-layout-flow\" style=\"flex-basis:100%\">\n<figure class=\"wp-block-gallery aligncenter has-nested-images columns-default is-cropped wp-block-gallery-9 is-layout-flex wp-block-gallery-is-layout-flex\">\n<figure class=\"wp-block-image size-large\"><img loading=\"lazy\" decoding=\"async\" width=\"768\" height=\"1024\" data-id=\"8790\" src=\"https:\/\/finelife.tv\/fr\/wp-content\/uploads\/2021\/10\/img-src-22https-finelife.tvimage.jpg-alt-22Les-rubans-de-l-intime-expo-entre-corps-et-codes-robe-ceinture-rubans22-768x1024.jpg\" alt=\"Les rubans de l\u2019intime expo entre corps et codes robe ceinture rubans\" class=\"wp-image-8790\" srcset=\"https:\/\/finelife.tv\/fr\/wp-content\/uploads\/2021\/10\/img-src-22https-finelife.tvimage.jpg-alt-22Les-rubans-de-l-intime-expo-entre-corps-et-codes-robe-ceinture-rubans22-768x1024.jpg 768w, https:\/\/finelife.tv\/fr\/wp-content\/uploads\/2021\/10\/img-src-22https-finelife.tvimage.jpg-alt-22Les-rubans-de-l-intime-expo-entre-corps-et-codes-robe-ceinture-rubans22-225x300.jpg 225w, https:\/\/finelife.tv\/fr\/wp-content\/uploads\/2021\/10\/img-src-22https-finelife.tvimage.jpg-alt-22Les-rubans-de-l-intime-expo-entre-corps-et-codes-robe-ceinture-rubans22-1152x1536.jpg 1152w, https:\/\/finelife.tv\/fr\/wp-content\/uploads\/2021\/10\/img-src-22https-finelife.tvimage.jpg-alt-22Les-rubans-de-l-intime-expo-entre-corps-et-codes-robe-ceinture-rubans22-1536x2048.jpg 1536w, https:\/\/finelife.tv\/fr\/wp-content\/uploads\/2021\/10\/img-src-22https-finelife.tvimage.jpg-alt-22Les-rubans-de-l-intime-expo-entre-corps-et-codes-robe-ceinture-rubans22-scaled.jpg 1920w\" sizes=\"auto, (max-width: 768px) 100vw, 768px\" \/><\/figure>\n<figcaption class=\"blocks-gallery-caption wp-element-caption\">Le ruban incarnation de l\u2019intime refl\u00e8te les codes sociaux <\/figcaption><\/figure>\n<\/div>\n<\/div>\n\n\n\n<p><strong>Expo sur l&rsquo;art des cheveux et des pils au MAD <\/strong><a href=\"https:\/\/finelife.tv\/fr\/2023\/08\/29\/expo-sur-lart-des-cheveux-et-des-poils-au-mad\/\">https:\/\/finelife.tv\/fr\/2023\/08\/29\/expo-sur-lart-des-cheveux-et-des-poils-au-mad\/<\/a><\/p>\n\n\n\n<p><strong><a href=\"https:\/\/finelife.tv\/fr\/2024\/12\/07\/expo-intime-au-mad\/\">Expo intime au MAD<\/a><\/strong><\/p>\n","protected":false},"excerpt":{"rendered":"<p>Les rubans de l&rsquo;intime expo entre corps et codes. Le mus\u00e9e d&rsquo;art et d&rsquo;industrie de Saint-\u00c9tienne interroge l&rsquo;histoire de la lingerie et de la mode<\/p>\n","protected":false},"author":1,"featured_media":0,"comment_status":"open","ping_status":"open","sticky":false,"template":"","format":"standard","meta":{"footnotes":""},"categories":[4],"tags":[3133,3136,3130,71,1821,3137,3132,3131,3134,3135],"class_list":["post-8758","post","type-post","status-publish","format-standard","hentry","category-blog","tag-codes-sociaux","tag-culotte","tag-expositions","tag-fashion","tag-lingerie","tag-nobra","tag-rubans","tag-saint-etienne","tag-sous-vetements","tag-soutien-gorge"],"yoast_head":"<!-- This site is optimized with the Yoast SEO plugin v27.5 - https:\/\/yoast.com\/product\/yoast-seo-wordpress\/ -->\n<title>Les rubans de l&#039;intime expo entre corps et codes - FineLife.tv<\/title>\n<meta name=\"description\" content=\"Les rubans de l&#039;intime expo entre corps et codes. Le mus\u00e9e d&#039;art et d&#039;industrie de Saint-\u00c9tienne interroge l&#039;histoire de la lingerie\" \/>\n<meta name=\"robots\" content=\"index, follow, max-snippet:-1, max-image-preview:large, max-video-preview:-1\" \/>\n<link rel=\"canonical\" href=\"https:\/\/finelife.tv\/fr\/2021\/10\/27\/les-rubans-de-lintime-expo-entre-corps-et-codes\/\" \/>\n<meta property=\"og:locale\" content=\"fr_FR\" \/>\n<meta property=\"og:type\" content=\"article\" \/>\n<meta property=\"og:title\" content=\"Les rubans de l&#039;intime expo entre corps et codes - FineLife.tv\" \/>\n<meta property=\"og:description\" content=\"Les rubans de l&#039;intime expo entre corps et codes. Le mus\u00e9e d&#039;art et d&#039;industrie de Saint-\u00c9tienne interroge l&#039;histoire de la lingerie\" \/>\n<meta property=\"og:url\" content=\"https:\/\/finelife.tv\/fr\/2021\/10\/27\/les-rubans-de-lintime-expo-entre-corps-et-codes\/\" \/>\n<meta property=\"og:site_name\" content=\"FineLife.tv\" \/>\n<meta property=\"article:published_time\" content=\"2021-10-27T11:17:36+00:00\" \/>\n<meta property=\"article:modified_time\" content=\"2024-12-07T17:45:58+00:00\" \/>\n<meta property=\"og:image\" content=\"https:\/\/finelife.tv\/fr\/wp-content\/uploads\/2021\/10\/img-src-22https-finelife.tvimage.jpg-alt-22Les-rubans-de-l-intime-expo-entre-corps-et-codes22-scaled.jpg\" \/>\n\t<meta property=\"og:image:width\" content=\"1771\" \/>\n\t<meta property=\"og:image:height\" content=\"2560\" \/>\n\t<meta property=\"og:image:type\" content=\"image\/jpeg\" \/>\n<meta name=\"author\" content=\"Leonore\" \/>\n<meta name=\"twitter:card\" content=\"summary_large_image\" \/>\n<meta name=\"twitter:creator\" content=\"@finelifetv\" \/>\n<meta name=\"twitter:site\" content=\"@finelifetv\" \/>\n<meta name=\"twitter:label1\" content=\"\u00c9crit par\" \/>\n\t<meta name=\"twitter:data1\" content=\"Leonore\" \/>\n\t<meta name=\"twitter:label2\" content=\"Dur\u00e9e de lecture estim\u00e9e\" \/>\n\t<meta name=\"twitter:data2\" content=\"6 minutes\" \/>\n<script type=\"application\/ld+json\" class=\"yoast-schema-graph\">{\"@context\":\"https:\\\/\\\/schema.org\",\"@graph\":[{\"@type\":\"Article\",\"@id\":\"https:\\\/\\\/finelife.tv\\\/fr\\\/2021\\\/10\\\/27\\\/les-rubans-de-lintime-expo-entre-corps-et-codes\\\/#article\",\"isPartOf\":{\"@id\":\"https:\\\/\\\/finelife.tv\\\/fr\\\/2021\\\/10\\\/27\\\/les-rubans-de-lintime-expo-entre-corps-et-codes\\\/\"},\"author\":{\"name\":\"Leonore\",\"@id\":\"https:\\\/\\\/finelife.tv\\\/fr\\\/#\\\/schema\\\/person\\\/e3d980b0c0b3dc5af01c3455893c8c52\"},\"headline\":\"Les rubans de l&rsquo;intime expo entre corps et codes\",\"datePublished\":\"2021-10-27T11:17:36+00:00\",\"dateModified\":\"2024-12-07T17:45:58+00:00\",\"mainEntityOfPage\":{\"@id\":\"https:\\\/\\\/finelife.tv\\\/fr\\\/2021\\\/10\\\/27\\\/les-rubans-de-lintime-expo-entre-corps-et-codes\\\/\"},\"wordCount\":860,\"commentCount\":3,\"image\":{\"@id\":\"https:\\\/\\\/finelife.tv\\\/fr\\\/2021\\\/10\\\/27\\\/les-rubans-de-lintime-expo-entre-corps-et-codes\\\/#primaryimage\"},\"thumbnailUrl\":\"https:\\\/\\\/finelife.tv\\\/fr\\\/wp-content\\\/uploads\\\/2021\\\/10\\\/img-src-22https-finelife.tvimage.jpg-alt-22Les-rubans-de-l-intime-expo-entre-corps-et-codes22-709x1024.jpg\",\"keywords\":[\"codes sociaux\",\"culotte\",\"expositions\",\"fashion\",\"lingerie\",\"nobra\",\"rubans\",\"Saint-\u00c9tienne\",\"sous-v\u00eatements\",\"soutien-gorge\"],\"articleSection\":[\"Blog\"],\"inLanguage\":\"fr-FR\",\"potentialAction\":[{\"@type\":\"CommentAction\",\"name\":\"Comment\",\"target\":[\"https:\\\/\\\/finelife.tv\\\/fr\\\/2021\\\/10\\\/27\\\/les-rubans-de-lintime-expo-entre-corps-et-codes\\\/#respond\"]}]},{\"@type\":\"WebPage\",\"@id\":\"https:\\\/\\\/finelife.tv\\\/fr\\\/2021\\\/10\\\/27\\\/les-rubans-de-lintime-expo-entre-corps-et-codes\\\/\",\"url\":\"https:\\\/\\\/finelife.tv\\\/fr\\\/2021\\\/10\\\/27\\\/les-rubans-de-lintime-expo-entre-corps-et-codes\\\/\",\"name\":\"Les rubans de l'intime expo entre corps et codes - FineLife.tv\",\"isPartOf\":{\"@id\":\"https:\\\/\\\/finelife.tv\\\/fr\\\/#website\"},\"primaryImageOfPage\":{\"@id\":\"https:\\\/\\\/finelife.tv\\\/fr\\\/2021\\\/10\\\/27\\\/les-rubans-de-lintime-expo-entre-corps-et-codes\\\/#primaryimage\"},\"image\":{\"@id\":\"https:\\\/\\\/finelife.tv\\\/fr\\\/2021\\\/10\\\/27\\\/les-rubans-de-lintime-expo-entre-corps-et-codes\\\/#primaryimage\"},\"thumbnailUrl\":\"https:\\\/\\\/finelife.tv\\\/fr\\\/wp-content\\\/uploads\\\/2021\\\/10\\\/img-src-22https-finelife.tvimage.jpg-alt-22Les-rubans-de-l-intime-expo-entre-corps-et-codes22-709x1024.jpg\",\"datePublished\":\"2021-10-27T11:17:36+00:00\",\"dateModified\":\"2024-12-07T17:45:58+00:00\",\"author\":{\"@id\":\"https:\\\/\\\/finelife.tv\\\/fr\\\/#\\\/schema\\\/person\\\/e3d980b0c0b3dc5af01c3455893c8c52\"},\"description\":\"Les rubans de l'intime expo entre corps et codes. Le mus\u00e9e d'art et d'industrie de Saint-\u00c9tienne interroge l'histoire de la lingerie\",\"breadcrumb\":{\"@id\":\"https:\\\/\\\/finelife.tv\\\/fr\\\/2021\\\/10\\\/27\\\/les-rubans-de-lintime-expo-entre-corps-et-codes\\\/#breadcrumb\"},\"inLanguage\":\"fr-FR\",\"potentialAction\":[{\"@type\":\"ReadAction\",\"target\":[\"https:\\\/\\\/finelife.tv\\\/fr\\\/2021\\\/10\\\/27\\\/les-rubans-de-lintime-expo-entre-corps-et-codes\\\/\"]}]},{\"@type\":\"ImageObject\",\"inLanguage\":\"fr-FR\",\"@id\":\"https:\\\/\\\/finelife.tv\\\/fr\\\/2021\\\/10\\\/27\\\/les-rubans-de-lintime-expo-entre-corps-et-codes\\\/#primaryimage\",\"url\":\"https:\\\/\\\/finelife.tv\\\/fr\\\/wp-content\\\/uploads\\\/2021\\\/10\\\/img-src-22https-finelife.tvimage.jpg-alt-22Les-rubans-de-l-intime-expo-entre-corps-et-codes22-scaled.jpg\",\"contentUrl\":\"https:\\\/\\\/finelife.tv\\\/fr\\\/wp-content\\\/uploads\\\/2021\\\/10\\\/img-src-22https-finelife.tvimage.jpg-alt-22Les-rubans-de-l-intime-expo-entre-corps-et-codes22-scaled.jpg\",\"width\":1771,\"height\":2560},{\"@type\":\"BreadcrumbList\",\"@id\":\"https:\\\/\\\/finelife.tv\\\/fr\\\/2021\\\/10\\\/27\\\/les-rubans-de-lintime-expo-entre-corps-et-codes\\\/#breadcrumb\",\"itemListElement\":[{\"@type\":\"ListItem\",\"position\":1,\"name\":\"Accueil\",\"item\":\"https:\\\/\\\/finelife.tv\\\/fr\\\/\"},{\"@type\":\"ListItem\",\"position\":2,\"name\":\"Les rubans de l&rsquo;intime expo entre corps et codes\"}]},{\"@type\":\"WebSite\",\"@id\":\"https:\\\/\\\/finelife.tv\\\/fr\\\/#website\",\"url\":\"https:\\\/\\\/finelife.tv\\\/fr\\\/\",\"name\":\"FineLife.tv\",\"description\":\"Quand l&#039;Art de vivre croise l&#039;Art de penser\",\"potentialAction\":[{\"@type\":\"SearchAction\",\"target\":{\"@type\":\"EntryPoint\",\"urlTemplate\":\"https:\\\/\\\/finelife.tv\\\/fr\\\/?s={search_term_string}\"},\"query-input\":{\"@type\":\"PropertyValueSpecification\",\"valueRequired\":true,\"valueName\":\"search_term_string\"}}],\"inLanguage\":\"fr-FR\"},{\"@type\":\"Person\",\"@id\":\"https:\\\/\\\/finelife.tv\\\/fr\\\/#\\\/schema\\\/person\\\/e3d980b0c0b3dc5af01c3455893c8c52\",\"name\":\"Leonore\",\"image\":{\"@type\":\"ImageObject\",\"inLanguage\":\"fr-FR\",\"@id\":\"https:\\\/\\\/secure.gravatar.com\\\/avatar\\\/9a2e5073417479f910ffdeee54da5ccf4f91eab62746ce0ae0e81124a9491a79?s=96&d=mm&r=g\",\"url\":\"https:\\\/\\\/secure.gravatar.com\\\/avatar\\\/9a2e5073417479f910ffdeee54da5ccf4f91eab62746ce0ae0e81124a9491a79?s=96&d=mm&r=g\",\"contentUrl\":\"https:\\\/\\\/secure.gravatar.com\\\/avatar\\\/9a2e5073417479f910ffdeee54da5ccf4f91eab62746ce0ae0e81124a9491a79?s=96&d=mm&r=g\",\"caption\":\"Leonore\"}}]}<\/script>\n<!-- \/ Yoast SEO plugin. -->","yoast_head_json":{"title":"Les rubans de l'intime expo entre corps et codes - FineLife.tv","description":"Les rubans de l'intime expo entre corps et codes. Le mus\u00e9e d'art et d'industrie de Saint-\u00c9tienne interroge l'histoire de la lingerie","robots":{"index":"index","follow":"follow","max-snippet":"max-snippet:-1","max-image-preview":"max-image-preview:large","max-video-preview":"max-video-preview:-1"},"canonical":"https:\/\/finelife.tv\/fr\/2021\/10\/27\/les-rubans-de-lintime-expo-entre-corps-et-codes\/","og_locale":"fr_FR","og_type":"article","og_title":"Les rubans de l'intime expo entre corps et codes - FineLife.tv","og_description":"Les rubans de l'intime expo entre corps et codes. Le mus\u00e9e d'art et d'industrie de Saint-\u00c9tienne interroge l'histoire de la lingerie","og_url":"https:\/\/finelife.tv\/fr\/2021\/10\/27\/les-rubans-de-lintime-expo-entre-corps-et-codes\/","og_site_name":"FineLife.tv","article_published_time":"2021-10-27T11:17:36+00:00","article_modified_time":"2024-12-07T17:45:58+00:00","og_image":[{"width":1771,"height":2560,"url":"https:\/\/finelife.tv\/fr\/wp-content\/uploads\/2021\/10\/img-src-22https-finelife.tvimage.jpg-alt-22Les-rubans-de-l-intime-expo-entre-corps-et-codes22-scaled.jpg","type":"image\/jpeg"}],"author":"Leonore","twitter_card":"summary_large_image","twitter_creator":"@finelifetv","twitter_site":"@finelifetv","twitter_misc":{"\u00c9crit par":"Leonore","Dur\u00e9e de lecture estim\u00e9e":"6 minutes"},"schema":{"@context":"https:\/\/schema.org","@graph":[{"@type":"Article","@id":"https:\/\/finelife.tv\/fr\/2021\/10\/27\/les-rubans-de-lintime-expo-entre-corps-et-codes\/#article","isPartOf":{"@id":"https:\/\/finelife.tv\/fr\/2021\/10\/27\/les-rubans-de-lintime-expo-entre-corps-et-codes\/"},"author":{"name":"Leonore","@id":"https:\/\/finelife.tv\/fr\/#\/schema\/person\/e3d980b0c0b3dc5af01c3455893c8c52"},"headline":"Les rubans de l&rsquo;intime expo entre corps et codes","datePublished":"2021-10-27T11:17:36+00:00","dateModified":"2024-12-07T17:45:58+00:00","mainEntityOfPage":{"@id":"https:\/\/finelife.tv\/fr\/2021\/10\/27\/les-rubans-de-lintime-expo-entre-corps-et-codes\/"},"wordCount":860,"commentCount":3,"image":{"@id":"https:\/\/finelife.tv\/fr\/2021\/10\/27\/les-rubans-de-lintime-expo-entre-corps-et-codes\/#primaryimage"},"thumbnailUrl":"https:\/\/finelife.tv\/fr\/wp-content\/uploads\/2021\/10\/img-src-22https-finelife.tvimage.jpg-alt-22Les-rubans-de-l-intime-expo-entre-corps-et-codes22-709x1024.jpg","keywords":["codes sociaux","culotte","expositions","fashion","lingerie","nobra","rubans","Saint-\u00c9tienne","sous-v\u00eatements","soutien-gorge"],"articleSection":["Blog"],"inLanguage":"fr-FR","potentialAction":[{"@type":"CommentAction","name":"Comment","target":["https:\/\/finelife.tv\/fr\/2021\/10\/27\/les-rubans-de-lintime-expo-entre-corps-et-codes\/#respond"]}]},{"@type":"WebPage","@id":"https:\/\/finelife.tv\/fr\/2021\/10\/27\/les-rubans-de-lintime-expo-entre-corps-et-codes\/","url":"https:\/\/finelife.tv\/fr\/2021\/10\/27\/les-rubans-de-lintime-expo-entre-corps-et-codes\/","name":"Les rubans de l'intime expo entre corps et codes - FineLife.tv","isPartOf":{"@id":"https:\/\/finelife.tv\/fr\/#website"},"primaryImageOfPage":{"@id":"https:\/\/finelife.tv\/fr\/2021\/10\/27\/les-rubans-de-lintime-expo-entre-corps-et-codes\/#primaryimage"},"image":{"@id":"https:\/\/finelife.tv\/fr\/2021\/10\/27\/les-rubans-de-lintime-expo-entre-corps-et-codes\/#primaryimage"},"thumbnailUrl":"https:\/\/finelife.tv\/fr\/wp-content\/uploads\/2021\/10\/img-src-22https-finelife.tvimage.jpg-alt-22Les-rubans-de-l-intime-expo-entre-corps-et-codes22-709x1024.jpg","datePublished":"2021-10-27T11:17:36+00:00","dateModified":"2024-12-07T17:45:58+00:00","author":{"@id":"https:\/\/finelife.tv\/fr\/#\/schema\/person\/e3d980b0c0b3dc5af01c3455893c8c52"},"description":"Les rubans de l'intime expo entre corps et codes. Le mus\u00e9e d'art et d'industrie de Saint-\u00c9tienne interroge l'histoire de la lingerie","breadcrumb":{"@id":"https:\/\/finelife.tv\/fr\/2021\/10\/27\/les-rubans-de-lintime-expo-entre-corps-et-codes\/#breadcrumb"},"inLanguage":"fr-FR","potentialAction":[{"@type":"ReadAction","target":["https:\/\/finelife.tv\/fr\/2021\/10\/27\/les-rubans-de-lintime-expo-entre-corps-et-codes\/"]}]},{"@type":"ImageObject","inLanguage":"fr-FR","@id":"https:\/\/finelife.tv\/fr\/2021\/10\/27\/les-rubans-de-lintime-expo-entre-corps-et-codes\/#primaryimage","url":"https:\/\/finelife.tv\/fr\/wp-content\/uploads\/2021\/10\/img-src-22https-finelife.tvimage.jpg-alt-22Les-rubans-de-l-intime-expo-entre-corps-et-codes22-scaled.jpg","contentUrl":"https:\/\/finelife.tv\/fr\/wp-content\/uploads\/2021\/10\/img-src-22https-finelife.tvimage.jpg-alt-22Les-rubans-de-l-intime-expo-entre-corps-et-codes22-scaled.jpg","width":1771,"height":2560},{"@type":"BreadcrumbList","@id":"https:\/\/finelife.tv\/fr\/2021\/10\/27\/les-rubans-de-lintime-expo-entre-corps-et-codes\/#breadcrumb","itemListElement":[{"@type":"ListItem","position":1,"name":"Accueil","item":"https:\/\/finelife.tv\/fr\/"},{"@type":"ListItem","position":2,"name":"Les rubans de l&rsquo;intime expo entre corps et codes"}]},{"@type":"WebSite","@id":"https:\/\/finelife.tv\/fr\/#website","url":"https:\/\/finelife.tv\/fr\/","name":"FineLife.tv","description":"Quand l&#039;Art de vivre croise l&#039;Art de penser","potentialAction":[{"@type":"SearchAction","target":{"@type":"EntryPoint","urlTemplate":"https:\/\/finelife.tv\/fr\/?s={search_term_string}"},"query-input":{"@type":"PropertyValueSpecification","valueRequired":true,"valueName":"search_term_string"}}],"inLanguage":"fr-FR"},{"@type":"Person","@id":"https:\/\/finelife.tv\/fr\/#\/schema\/person\/e3d980b0c0b3dc5af01c3455893c8c52","name":"Leonore","image":{"@type":"ImageObject","inLanguage":"fr-FR","@id":"https:\/\/secure.gravatar.com\/avatar\/9a2e5073417479f910ffdeee54da5ccf4f91eab62746ce0ae0e81124a9491a79?s=96&d=mm&r=g","url":"https:\/\/secure.gravatar.com\/avatar\/9a2e5073417479f910ffdeee54da5ccf4f91eab62746ce0ae0e81124a9491a79?s=96&d=mm&r=g","contentUrl":"https:\/\/secure.gravatar.com\/avatar\/9a2e5073417479f910ffdeee54da5ccf4f91eab62746ce0ae0e81124a9491a79?s=96&d=mm&r=g","caption":"Leonore"}}]}},"_links":{"self":[{"href":"https:\/\/finelife.tv\/fr\/wp-json\/wp\/v2\/posts\/8758","targetHints":{"allow":["GET"]}}],"collection":[{"href":"https:\/\/finelife.tv\/fr\/wp-json\/wp\/v2\/posts"}],"about":[{"href":"https:\/\/finelife.tv\/fr\/wp-json\/wp\/v2\/types\/post"}],"author":[{"embeddable":true,"href":"https:\/\/finelife.tv\/fr\/wp-json\/wp\/v2\/users\/1"}],"replies":[{"embeddable":true,"href":"https:\/\/finelife.tv\/fr\/wp-json\/wp\/v2\/comments?post=8758"}],"version-history":[{"count":24,"href":"https:\/\/finelife.tv\/fr\/wp-json\/wp\/v2\/posts\/8758\/revisions"}],"predecessor-version":[{"id":21197,"href":"https:\/\/finelife.tv\/fr\/wp-json\/wp\/v2\/posts\/8758\/revisions\/21197"}],"wp:attachment":[{"href":"https:\/\/finelife.tv\/fr\/wp-json\/wp\/v2\/media?parent=8758"}],"wp:term":[{"taxonomy":"category","embeddable":true,"href":"https:\/\/finelife.tv\/fr\/wp-json\/wp\/v2\/categories?post=8758"},{"taxonomy":"post_tag","embeddable":true,"href":"https:\/\/finelife.tv\/fr\/wp-json\/wp\/v2\/tags?post=8758"}],"curies":[{"name":"wp","href":"https:\/\/api.w.org\/{rel}","templated":true}]}}