{"id":9025,"date":"2021-11-08T10:55:39","date_gmt":"2021-11-08T09:55:39","guid":{"rendered":"https:\/\/finelife.tv\/fr\/?p=9025"},"modified":"2023-09-07T09:44:37","modified_gmt":"2023-09-07T07:44:37","slug":"au-dela-du-reve-expo-aborigenes-au-havre","status":"publish","type":"post","link":"https:\/\/finelife.tv\/fr\/2021\/11\/08\/au-dela-du-reve-expo-aborigenes-au-havre\/","title":{"rendered":"Au-del\u00e0 du r\u00eave : expo aborig\u00e8nes au Havre"},"content":{"rendered":"\n<div class=\"wp-block-columns is-layout-flex wp-container-core-columns-is-layout-9d6595d7 wp-block-columns-is-layout-flex\">\n<div class=\"wp-block-column is-layout-flow wp-block-column-is-layout-flow\" style=\"flex-basis:100%\"><div class=\"wp-block-image\">\n<figure class=\"aligncenter size-large\"><img loading=\"lazy\" decoding=\"async\" width=\"985\" height=\"1024\" src=\"https:\/\/finelife.tv\/fr\/wp-content\/uploads\/2021\/11\/img-src-22https-finelife.tvimage.jpg-alt-22Au-dela-du-reve-expo-aborigenes-au-Havre22-985x1024.jpg\" alt=\"\" class=\"wp-image-9064\" srcset=\"https:\/\/finelife.tv\/fr\/wp-content\/uploads\/2021\/11\/img-src-22https-finelife.tvimage.jpg-alt-22Au-dela-du-reve-expo-aborigenes-au-Havre22-985x1024.jpg 985w, https:\/\/finelife.tv\/fr\/wp-content\/uploads\/2021\/11\/img-src-22https-finelife.tvimage.jpg-alt-22Au-dela-du-reve-expo-aborigenes-au-Havre22-289x300.jpg 289w, https:\/\/finelife.tv\/fr\/wp-content\/uploads\/2021\/11\/img-src-22https-finelife.tvimage.jpg-alt-22Au-dela-du-reve-expo-aborigenes-au-Havre22-768x798.jpg 768w, https:\/\/finelife.tv\/fr\/wp-content\/uploads\/2021\/11\/img-src-22https-finelife.tvimage.jpg-alt-22Au-dela-du-reve-expo-aborigenes-au-Havre22-1477x1536.jpg 1477w, https:\/\/finelife.tv\/fr\/wp-content\/uploads\/2021\/11\/img-src-22https-finelife.tvimage.jpg-alt-22Au-dela-du-reve-expo-aborigenes-au-Havre22-1970x2048.jpg 1970w\" sizes=\"auto, (max-width: 985px) 100vw, 985px\" \/><figcaption class=\"wp-element-caption\">Les \u00e9corces peintes de la Terre d\u2019Arnhem \/ credit : estate of the artists licensed by Aboriginal Artists Agency<\/figcaption><\/figure>\n<\/div><\/div>\n<\/div>\n\n\n\n<p><strong>Au-del\u00e0 du r\u00eave : expo aborig\u00e8nes au Havre. Trois manifestations qui c\u00e9l\u00e8brent la puissance de l&rsquo;art autochtone australien dans le cadre d&rsquo;Australia Now.<br><\/strong><br>L&rsquo;abbaye de Graville, chef-d&rsquo;\u0153uvre de l&rsquo;art roman, saisit instantan\u00e9ment par son atmosph\u00e8re charg\u00e9e d&rsquo;histoire et de spiritualit\u00e9. Une magie renforc\u00e9e par la puissance des oeuvres cin\u00e9tiques et des objets autochtones expos\u00e9s.<br><br>L&rsquo;ancien ermitage propose en effet deux manifestations : Kulata Tjula et l&rsquo;art de Papunya.<br><br><strong>Kulata Tjula : des lances symbole du combat pour la culture<\/strong><br><br>La premi\u00e8re r\u00e9sulte d&rsquo;un partenariat avec l&rsquo;APY Art Centre Collective.<br>Kulata Tjula signifie \u00ab\u00a0beaucoup de lances\u00a0\u00bb. Les lances symbolisent le combat que m\u00e8nent les Aborig\u00e8nes des terres APY pour transmettre leurs culture aux jeunes g\u00e9n\u00e9rations.<br>Il y a quelques lances \u00e0 L\u00a0\u00bbAbbaye de Graville mais suite \u00e0 un probl\u00e8me technique l&rsquo;ensemble ne peut pas \u00eatre pr\u00e9sent\u00e9. L&rsquo;ensemble, ce sont 250 lances auparavant d\u00e9voil\u00e9es \u00e0 Rennes. Elles c\u00f4toyaient une sph\u00e8re \u00e9clair\u00e9e de l&rsquo;int\u00e9rieur.<br><br>Ici \u00e0 l&rsquo;abbaye de Graville, les pi\u00e8ces cohabitent avec des portraits et des peintures.<br>Sur la pierre de l&rsquo;\u00e9difice roman, les oeuvres aborig\u00e8nes d\u00e9ploient toute leur force cin\u00e9tique. Un magn\u00e9tisme qui r\u00e9sulte d&rsquo;une technique tr\u00e8s pouss\u00e9e de superpositions de couches. L&rsquo;attraction vient \u00e9galement d&rsquo;une impression de message, d&rsquo;indication de chemin.<br><br><strong>L&rsquo;art de Papunya : la mythologie aborig\u00e8ne version contemporaine<\/strong><br><br>Ce qui se v\u00e9rifie dans le seconde exposition : l&rsquo;art de Papunya. Papunya est une petite ville situ\u00e9e en plein d\u00e9sert \u00e0 250 km d&rsquo;Alice Springs. Dans les ann\u00e9es 70, un instituteur, Goeffrey Bardon, a pouss\u00e9 les Aborig\u00e8nes a peindre dans leur propre style. La peinture autochtone contemporaine est n\u00e9e de cette incitation. Et aussi de n\u00e9gociations avec les A\u00een\u00e9s pour d\u00e9cider de ce qui pouvait ou non \u00eatre montr\u00e9. L&rsquo;art devint ainsi un jeu entre le montr\u00e9 et le cach\u00e9, le secret. Cet art \u00e9tait aussi un moyen de survivre en utilisant l&rsquo;int\u00e9r\u00eat des Occidentaux f\u00e9rus de peinture autochtone. D\u00e9voiler quelques secrets en contrepartie d&rsquo;une protection artistique.<br><br>La collection de l&rsquo;Ambassade d&rsquo;Australie pr\u00e9sent\u00e9e ici comprend 14 pi\u00e8ces.<br>Des grands formats. Aux murs et au sol.<br>Le fil conducteur est la mythologie aborig\u00e8ne : le Temps du r\u00eave. \u00c0 la fois cartographie et r\u00e9cit des origines par les grands Anc\u00eatres.<br>Les motifs traditionnels racontent le Temps du r\u00eave de mani\u00e8re symbolique.<br>Initialement les oeuvres utilisaient une palette de teintes \u00ab\u00a0terre\u00a0\u00bb. Mais dans l&rsquo;Abbaye on d\u00e9couvre des acryliques aux tons tr\u00e8s flashy. La lumi\u00e8re intensifie l&rsquo;int\u00e9riorit\u00e9. Sur des fonds pointillistes on distingue avec plus d&rsquo;attention des chemins. Des trajets parmi les couches de peinture. C&rsquo;est la cartographie du pays, la p\u00e9r\u00e9grination des Grands Anc\u00eatres.<br><br><strong>Les \u00e9corces peintes de la Terre d&rsquo;Arnhem<\/strong><br><br>Dans un autre mus\u00e9e d&rsquo;histoire, l&rsquo;H\u00f4tel du Bocage de Bl\u00e9ville, la ville du Havre installe une autre exposition. Les \u00e9corces peintes de la Terre d&rsquo;Arnhem, une terre tropicale au nord de l&rsquo;Australie.<br><br>C&rsquo;est un anthropologue, Baldwin Spencer, qui serait \u00e0 l&rsquo;origine de la premi\u00e8re collection de peintures d&rsquo;\u00e9corces en 1912. Il fit \u00e9cole et dans les ann\u00e9es 60, ces peintures acc\u00e9d\u00e8rent au statut d&rsquo;oeuvres d&rsquo;art.<br><br>Dans les ann\u00e9es 50 cette peinture constituait la base de la culture picturale. Les Aborig\u00e8nes ont \u00e9galement r\u00e9dig\u00e9 une p\u00e9tition sur \u00e9corce pour se d\u00e9fendre contre un projet minier.<br><br>Les \u00e9corces proviennent de l&rsquo;eucalyptus tetrodonta. D\u00e9coup\u00e9es, aplanies, ponc\u00e9es, elles sont ensuite peintes avec des pigments naturels. L&rsquo;ocre domine.<br>Li\u00e9es \u00e0 la terre, les peintures sont par cons\u00e9quent arrim\u00e9es au Dreaming, \u00e0 la mythologie du R\u00eave.<br><br>Les motifs s&rsquo;inspirent des peintures rupestres de la r\u00e9gion. Certaines ont plus de 28 000 ans. On distingue des poissons, du gibier et des  \u00eatres spirituels anthropomorphiques.<br>Les personnages \u00ab\u00a0Mimih\u00a0\u00bb aux allures de cr\u00e9atures pass\u00e9es aux rayon X comptent parmi les plus connus. Organes vitaux, squelettes, sont r\u00e9v\u00e9l\u00e9s par la peinture. Effet bluffant et performance technique.<br>Autre exemple de ma\u00eetrise du geste et de l&rsquo;outil : le \u00ab\u00a0rarrk\u00a0\u00bb (partie couverte de hachures). Une peinture en croisillons r\u00e9alis\u00e9e \u00e0 partir de brindilles et de cheveux humains. Proche de la peinture corporelle, la texture du rarrk \u00e9voque la puissance ancestrale.<br><br><strong>Abbaye de Graville<\/strong><br><a href=\"https:\/\/www.lehavre.fr\/annuaire\/abbaye-de-graville\">https:\/\/www.lehavre.fr\/annuaire\/abbaye-de-graville<\/a><br><strong>H\u00f4tel du Bocage de Bl\u00e9ville<\/strong><br><a href=\"https:\/\/www.lehavre.fr\/annuaire\/hotel-dubocage-de-bleville-musee\">https:\/\/www.lehavre.fr\/annuaire\/hotel-dubocage-de-bleville-musee<\/a><br>Jusqu&rsquo;au 17 novembre 2021<br><br>Related articles<br>Au-del\u00e0 du r\u00eave : expo aborig\u00e8nes au Havre\/ Au-del\u00e0 du r\u00eave : expo aborig\u00e8nes au Havre<br><br><strong>Oc\u00e9anie quai Branly : la le\u00e7on de piano Maorie<\/strong><br><a href=\"https:\/\/finelife.tv\/fr\/2019\/03\/27\/oceanie-quai-branly-la-lecon-de-piano-maorie\/\">https:\/\/finelife.tv\/fr\/2019\/03\/27\/oceanie-quai-branly-la-lecon-de-piano-maorie\/<\/a><\/p>\n\n\n\n<p><strong>Sally Gabori la myst\u00e9rieuse artiste aborig\u00e8ne \u00e0 la Fondation Cartier<\/strong>  <a href=\"https:\/\/finelife.tv\/fr\/2022\/08\/19\/sally-gabori-la-mysterieuse-artiste-contemporaine-aborigene-a-la-fondation-cartier\/\">https:\/\/finelife.tv\/fr\/2022\/08\/19\/sally-gabori-la-mysterieuse-artiste-contemporaine-aborigene-a-la-fondation-cartier\/<\/a><\/p>\n\n\n\n<p><strong>Songlines : odyss\u00e9e onirique au Quai Branly <\/strong><a href=\"https:\/\/finelife.tv\/fr\/2023\/08\/30\/songlines-odyssee-onirique-au-quai-branly\/\">https:\/\/finelife.tv\/fr\/2023\/08\/30\/songlines-odyssee-onirique-au-quai-branly\/<\/a><\/p>\n\n\n\n<p><strong>Le Parcours des Mondes : les arts premiers en plein air<\/strong> <a href=\"https:\/\/finelife.tv\/fr\/2023\/09\/06\/le-parcours-des-mondes-les-arts-premiers-en-plen-air\/\">https:\/\/finelife.tv\/fr\/2023\/09\/06\/le-parcours-des-mondes-les-arts-premiers-en-plen-air\/<\/a><\/p>\n\n\n<div class=\"wp-block-image\">\n<figure class=\"aligncenter size-large is-resized\"><img loading=\"lazy\" decoding=\"async\" src=\"https:\/\/finelife.tv\/fr\/wp-content\/uploads\/2021\/11\/img-src-22https-finelife.tvimage.jpg-alt-22Au-dela-du-reve-expo-aborigenes-au-Havre-lances22-768x1024.jpg\" alt=\"\" class=\"wp-image-9062\" style=\"width:622px;height:829px\" width=\"622\" height=\"829\" srcset=\"https:\/\/finelife.tv\/fr\/wp-content\/uploads\/2021\/11\/img-src-22https-finelife.tvimage.jpg-alt-22Au-dela-du-reve-expo-aborigenes-au-Havre-lances22-768x1024.jpg 768w, https:\/\/finelife.tv\/fr\/wp-content\/uploads\/2021\/11\/img-src-22https-finelife.tvimage.jpg-alt-22Au-dela-du-reve-expo-aborigenes-au-Havre-lances22-225x300.jpg 225w, https:\/\/finelife.tv\/fr\/wp-content\/uploads\/2021\/11\/img-src-22https-finelife.tvimage.jpg-alt-22Au-dela-du-reve-expo-aborigenes-au-Havre-lances22-1152x1536.jpg 1152w, https:\/\/finelife.tv\/fr\/wp-content\/uploads\/2021\/11\/img-src-22https-finelife.tvimage.jpg-alt-22Au-dela-du-reve-expo-aborigenes-au-Havre-lances22-1536x2048.jpg 1536w, https:\/\/finelife.tv\/fr\/wp-content\/uploads\/2021\/11\/img-src-22https-finelife.tvimage.jpg-alt-22Au-dela-du-reve-expo-aborigenes-au-Havre-lances22-scaled.jpg 1920w\" sizes=\"auto, (max-width: 622px) 100vw, 622px\" \/><figcaption class=\"wp-element-caption\">Les lances symbolisent le combat que m\u00e8nent les Aborig\u00e8nes des terres APY pour transmettre leurs cultures<\/figcaption><\/figure>\n<\/div>\n\n\n<p><br><\/p>\n\n\n\n<figure class=\"wp-block-image size-large\"><img loading=\"lazy\" decoding=\"async\" width=\"1024\" height=\"914\" src=\"https:\/\/finelife.tv\/fr\/wp-content\/uploads\/2021\/11\/img-src-22https-finelife.tvimage.jpg-alt-22Au-dela-du-reve-expo-aborigenes-au-Havre-peinture-sur-mur22-1024x914.jpg\" alt=\"\" class=\"wp-image-9063\" srcset=\"https:\/\/finelife.tv\/fr\/wp-content\/uploads\/2021\/11\/img-src-22https-finelife.tvimage.jpg-alt-22Au-dela-du-reve-expo-aborigenes-au-Havre-peinture-sur-mur22-1024x914.jpg 1024w, https:\/\/finelife.tv\/fr\/wp-content\/uploads\/2021\/11\/img-src-22https-finelife.tvimage.jpg-alt-22Au-dela-du-reve-expo-aborigenes-au-Havre-peinture-sur-mur22-300x268.jpg 300w, https:\/\/finelife.tv\/fr\/wp-content\/uploads\/2021\/11\/img-src-22https-finelife.tvimage.jpg-alt-22Au-dela-du-reve-expo-aborigenes-au-Havre-peinture-sur-mur22-768x686.jpg 768w, https:\/\/finelife.tv\/fr\/wp-content\/uploads\/2021\/11\/img-src-22https-finelife.tvimage.jpg-alt-22Au-dela-du-reve-expo-aborigenes-au-Havre-peinture-sur-mur22-1536x1371.jpg 1536w, https:\/\/finelife.tv\/fr\/wp-content\/uploads\/2021\/11\/img-src-22https-finelife.tvimage.jpg-alt-22Au-dela-du-reve-expo-aborigenes-au-Havre-peinture-sur-mur22-2048x1829.jpg 2048w\" sizes=\"auto, (max-width: 1024px) 100vw, 1024px\" \/><figcaption class=\"wp-element-caption\">La mythologie Aborig\u00e8ne dans la peinture contemporaine  autochtone<\/figcaption><\/figure>\n\n\n\n<figure class=\"wp-block-image size-large\"><img loading=\"lazy\" decoding=\"async\" width=\"749\" height=\"1024\" src=\"https:\/\/finelife.tv\/fr\/wp-content\/uploads\/2021\/11\/img-src-22https-finelife.tvimage.jpg-alt-22Au-dela-du-reve-expo-aborigenes-au-Havre-l-art-de-Papunya22-749x1024.jpg\" alt=\"\" class=\"wp-image-9069\" srcset=\"https:\/\/finelife.tv\/fr\/wp-content\/uploads\/2021\/11\/img-src-22https-finelife.tvimage.jpg-alt-22Au-dela-du-reve-expo-aborigenes-au-Havre-l-art-de-Papunya22-749x1024.jpg 749w, https:\/\/finelife.tv\/fr\/wp-content\/uploads\/2021\/11\/img-src-22https-finelife.tvimage.jpg-alt-22Au-dela-du-reve-expo-aborigenes-au-Havre-l-art-de-Papunya22-219x300.jpg 219w, https:\/\/finelife.tv\/fr\/wp-content\/uploads\/2021\/11\/img-src-22https-finelife.tvimage.jpg-alt-22Au-dela-du-reve-expo-aborigenes-au-Havre-l-art-de-Papunya22.jpg 750w\" sizes=\"auto, (max-width: 749px) 100vw, 749px\" \/><figcaption class=\"wp-element-caption\">L\u2019art de Papunya des acryliques flashy qui d\u00e9voilent  des bribes du Temps du R\u00eave \u00e0 la fois r\u00e9cit originel et cartographie<\/figcaption><\/figure>\n\n\n\n<div class=\"wp-block-columns is-layout-flex wp-container-core-columns-is-layout-9d6595d7 wp-block-columns-is-layout-flex\">\n<div class=\"wp-block-column is-layout-flow wp-block-column-is-layout-flow\" style=\"flex-basis:100%\"><\/div>\n<\/div>\n\n\n\n<figure class=\"wp-block-image size-large\"><img loading=\"lazy\" decoding=\"async\" width=\"954\" height=\"1024\" src=\"https:\/\/finelife.tv\/fr\/wp-content\/uploads\/2021\/11\/img-src-22https-finelife.tvimage.jpg-alt-22Au-dela-du-reve-expo-aborigenes-au-Havre-abbaye-de-Graville22-954x1024.jpg\" alt=\"\" class=\"wp-image-9061\" srcset=\"https:\/\/finelife.tv\/fr\/wp-content\/uploads\/2021\/11\/img-src-22https-finelife.tvimage.jpg-alt-22Au-dela-du-reve-expo-aborigenes-au-Havre-abbaye-de-Graville22-954x1024.jpg 954w, https:\/\/finelife.tv\/fr\/wp-content\/uploads\/2021\/11\/img-src-22https-finelife.tvimage.jpg-alt-22Au-dela-du-reve-expo-aborigenes-au-Havre-abbaye-de-Graville22-279x300.jpg 279w, https:\/\/finelife.tv\/fr\/wp-content\/uploads\/2021\/11\/img-src-22https-finelife.tvimage.jpg-alt-22Au-dela-du-reve-expo-aborigenes-au-Havre-abbaye-de-Graville22-768x824.jpg 768w, https:\/\/finelife.tv\/fr\/wp-content\/uploads\/2021\/11\/img-src-22https-finelife.tvimage.jpg-alt-22Au-dela-du-reve-expo-aborigenes-au-Havre-abbaye-de-Graville22-1431x1536.jpg 1431w, https:\/\/finelife.tv\/fr\/wp-content\/uploads\/2021\/11\/img-src-22https-finelife.tvimage.jpg-alt-22Au-dela-du-reve-expo-aborigenes-au-Havre-abbaye-de-Graville22-1908x2048.jpg 1908w\" sizes=\"auto, (max-width: 954px) 100vw, 954px\" \/><figcaption class=\"wp-element-caption\">Abbaye de Granville -Mus\u00e9e d\u2019histoire de la ville du Havre<\/figcaption><\/figure>\n","protected":false},"excerpt":{"rendered":"<p>Au-del\u00e0 du r\u00eave : expo aborig\u00e8nes au Havre. Trois manifestations qui c\u00e9l\u00e8brent la puissance de l&rsquo;art autochtone australien dans le cadre d&rsquo;Australia Now.<\/p>\n","protected":false},"author":1,"featured_media":0,"comment_status":"open","ping_status":"open","sticky":false,"template":"","format":"standard","meta":{"footnotes":""},"categories":[4],"tags":[22,3200,3199,3198,3201,3117,3202,68,3099,158],"class_list":["post-9025","post","type-post","status-publish","format-standard","hentry","category-blog","tag-art","tag-art-autochtones","tag-art-contemporain-australien","tag-art-premier","tag-australia","tag-australie-now","tag-expo","tag-exposition","tag-le-havre","tag-normandie"],"yoast_head":"<!-- This site is optimized with the Yoast SEO plugin v27.5 - https:\/\/yoast.com\/product\/yoast-seo-wordpress\/ -->\n<title>Au-del\u00e0 du r\u00eave : expo aborig\u00e8nes au Havre - FineLife.tv<\/title>\n<meta name=\"description\" content=\"Au-del\u00e0 du r\u00eave : expo aborig\u00e8nes au Havre. Cap sur la puissance de l&#039;art autochtone australien dans le cadre d&#039;Australia Now.\" \/>\n<meta name=\"robots\" content=\"index, follow, max-snippet:-1, max-image-preview:large, max-video-preview:-1\" \/>\n<link rel=\"canonical\" href=\"https:\/\/finelife.tv\/fr\/2021\/11\/08\/au-dela-du-reve-expo-aborigenes-au-havre\/\" \/>\n<meta property=\"og:locale\" content=\"fr_FR\" \/>\n<meta property=\"og:type\" content=\"article\" \/>\n<meta property=\"og:title\" content=\"Au-del\u00e0 du r\u00eave : expo aborig\u00e8nes au Havre - FineLife.tv\" \/>\n<meta property=\"og:description\" content=\"Au-del\u00e0 du r\u00eave : expo aborig\u00e8nes au Havre. Cap sur la puissance de l&#039;art autochtone australien dans le cadre d&#039;Australia Now.\" \/>\n<meta property=\"og:url\" content=\"https:\/\/finelife.tv\/fr\/2021\/11\/08\/au-dela-du-reve-expo-aborigenes-au-havre\/\" \/>\n<meta property=\"og:site_name\" content=\"FineLife.tv\" \/>\n<meta property=\"article:published_time\" content=\"2021-11-08T09:55:39+00:00\" \/>\n<meta property=\"article:modified_time\" content=\"2023-09-07T07:44:37+00:00\" \/>\n<meta property=\"og:image\" content=\"https:\/\/finelife.tv\/fr\/wp-content\/uploads\/2021\/11\/img-src-22https-finelife.tvimage.jpg-alt-22Au-dela-du-reve-expo-aborigenes-au-Havre22-985x1024.jpg\" \/>\n<meta name=\"author\" content=\"Leonore\" \/>\n<meta name=\"twitter:card\" content=\"summary_large_image\" \/>\n<meta name=\"twitter:creator\" content=\"@finelifetv\" \/>\n<meta name=\"twitter:site\" content=\"@finelifetv\" \/>\n<meta name=\"twitter:label1\" content=\"\u00c9crit par\" \/>\n\t<meta name=\"twitter:data1\" content=\"Leonore\" \/>\n\t<meta name=\"twitter:label2\" content=\"Dur\u00e9e de lecture estim\u00e9e\" \/>\n\t<meta name=\"twitter:data2\" content=\"6 minutes\" \/>\n<script type=\"application\/ld+json\" class=\"yoast-schema-graph\">{\"@context\":\"https:\\\/\\\/schema.org\",\"@graph\":[{\"@type\":\"Article\",\"@id\":\"https:\\\/\\\/finelife.tv\\\/fr\\\/2021\\\/11\\\/08\\\/au-dela-du-reve-expo-aborigenes-au-havre\\\/#article\",\"isPartOf\":{\"@id\":\"https:\\\/\\\/finelife.tv\\\/fr\\\/2021\\\/11\\\/08\\\/au-dela-du-reve-expo-aborigenes-au-havre\\\/\"},\"author\":{\"name\":\"Leonore\",\"@id\":\"https:\\\/\\\/finelife.tv\\\/fr\\\/#\\\/schema\\\/person\\\/e3d980b0c0b3dc5af01c3455893c8c52\"},\"headline\":\"Au-del\u00e0 du r\u00eave : expo aborig\u00e8nes au Havre\",\"datePublished\":\"2021-11-08T09:55:39+00:00\",\"dateModified\":\"2023-09-07T07:44:37+00:00\",\"mainEntityOfPage\":{\"@id\":\"https:\\\/\\\/finelife.tv\\\/fr\\\/2021\\\/11\\\/08\\\/au-dela-du-reve-expo-aborigenes-au-havre\\\/\"},\"wordCount\":961,\"commentCount\":3,\"image\":{\"@id\":\"https:\\\/\\\/finelife.tv\\\/fr\\\/2021\\\/11\\\/08\\\/au-dela-du-reve-expo-aborigenes-au-havre\\\/#primaryimage\"},\"thumbnailUrl\":\"https:\\\/\\\/finelife.tv\\\/fr\\\/wp-content\\\/uploads\\\/2021\\\/11\\\/img-src-22https-finelife.tvimage.jpg-alt-22Au-dela-du-reve-expo-aborigenes-au-Havre22-985x1024.jpg\",\"keywords\":[\"art\",\"art autochtones\",\"art contemporain australien\",\"art premier\",\"australia\",\"Australie now\",\"expo\",\"exposition\",\"Le Havre\",\"normandie\"],\"articleSection\":[\"Blog\"],\"inLanguage\":\"fr-FR\",\"potentialAction\":[{\"@type\":\"CommentAction\",\"name\":\"Comment\",\"target\":[\"https:\\\/\\\/finelife.tv\\\/fr\\\/2021\\\/11\\\/08\\\/au-dela-du-reve-expo-aborigenes-au-havre\\\/#respond\"]}]},{\"@type\":\"WebPage\",\"@id\":\"https:\\\/\\\/finelife.tv\\\/fr\\\/2021\\\/11\\\/08\\\/au-dela-du-reve-expo-aborigenes-au-havre\\\/\",\"url\":\"https:\\\/\\\/finelife.tv\\\/fr\\\/2021\\\/11\\\/08\\\/au-dela-du-reve-expo-aborigenes-au-havre\\\/\",\"name\":\"Au-del\u00e0 du r\u00eave : expo aborig\u00e8nes au Havre - FineLife.tv\",\"isPartOf\":{\"@id\":\"https:\\\/\\\/finelife.tv\\\/fr\\\/#website\"},\"primaryImageOfPage\":{\"@id\":\"https:\\\/\\\/finelife.tv\\\/fr\\\/2021\\\/11\\\/08\\\/au-dela-du-reve-expo-aborigenes-au-havre\\\/#primaryimage\"},\"image\":{\"@id\":\"https:\\\/\\\/finelife.tv\\\/fr\\\/2021\\\/11\\\/08\\\/au-dela-du-reve-expo-aborigenes-au-havre\\\/#primaryimage\"},\"thumbnailUrl\":\"https:\\\/\\\/finelife.tv\\\/fr\\\/wp-content\\\/uploads\\\/2021\\\/11\\\/img-src-22https-finelife.tvimage.jpg-alt-22Au-dela-du-reve-expo-aborigenes-au-Havre22-985x1024.jpg\",\"datePublished\":\"2021-11-08T09:55:39+00:00\",\"dateModified\":\"2023-09-07T07:44:37+00:00\",\"author\":{\"@id\":\"https:\\\/\\\/finelife.tv\\\/fr\\\/#\\\/schema\\\/person\\\/e3d980b0c0b3dc5af01c3455893c8c52\"},\"description\":\"Au-del\u00e0 du r\u00eave : expo aborig\u00e8nes au Havre. Cap sur la puissance de l'art autochtone australien dans le cadre d'Australia Now.\",\"breadcrumb\":{\"@id\":\"https:\\\/\\\/finelife.tv\\\/fr\\\/2021\\\/11\\\/08\\\/au-dela-du-reve-expo-aborigenes-au-havre\\\/#breadcrumb\"},\"inLanguage\":\"fr-FR\",\"potentialAction\":[{\"@type\":\"ReadAction\",\"target\":[\"https:\\\/\\\/finelife.tv\\\/fr\\\/2021\\\/11\\\/08\\\/au-dela-du-reve-expo-aborigenes-au-havre\\\/\"]}]},{\"@type\":\"ImageObject\",\"inLanguage\":\"fr-FR\",\"@id\":\"https:\\\/\\\/finelife.tv\\\/fr\\\/2021\\\/11\\\/08\\\/au-dela-du-reve-expo-aborigenes-au-havre\\\/#primaryimage\",\"url\":\"https:\\\/\\\/finelife.tv\\\/fr\\\/wp-content\\\/uploads\\\/2021\\\/11\\\/img-src-22https-finelife.tvimage.jpg-alt-22Au-dela-du-reve-expo-aborigenes-au-Havre22-scaled.jpg\",\"contentUrl\":\"https:\\\/\\\/finelife.tv\\\/fr\\\/wp-content\\\/uploads\\\/2021\\\/11\\\/img-src-22https-finelife.tvimage.jpg-alt-22Au-dela-du-reve-expo-aborigenes-au-Havre22-scaled.jpg\",\"width\":2462,\"height\":2560},{\"@type\":\"BreadcrumbList\",\"@id\":\"https:\\\/\\\/finelife.tv\\\/fr\\\/2021\\\/11\\\/08\\\/au-dela-du-reve-expo-aborigenes-au-havre\\\/#breadcrumb\",\"itemListElement\":[{\"@type\":\"ListItem\",\"position\":1,\"name\":\"Accueil\",\"item\":\"https:\\\/\\\/finelife.tv\\\/fr\\\/\"},{\"@type\":\"ListItem\",\"position\":2,\"name\":\"Au-del\u00e0 du r\u00eave : expo aborig\u00e8nes au Havre\"}]},{\"@type\":\"WebSite\",\"@id\":\"https:\\\/\\\/finelife.tv\\\/fr\\\/#website\",\"url\":\"https:\\\/\\\/finelife.tv\\\/fr\\\/\",\"name\":\"FineLife.tv\",\"description\":\"Quand l&#039;Art de vivre croise l&#039;Art de penser\",\"potentialAction\":[{\"@type\":\"SearchAction\",\"target\":{\"@type\":\"EntryPoint\",\"urlTemplate\":\"https:\\\/\\\/finelife.tv\\\/fr\\\/?s={search_term_string}\"},\"query-input\":{\"@type\":\"PropertyValueSpecification\",\"valueRequired\":true,\"valueName\":\"search_term_string\"}}],\"inLanguage\":\"fr-FR\"},{\"@type\":\"Person\",\"@id\":\"https:\\\/\\\/finelife.tv\\\/fr\\\/#\\\/schema\\\/person\\\/e3d980b0c0b3dc5af01c3455893c8c52\",\"name\":\"Leonore\",\"image\":{\"@type\":\"ImageObject\",\"inLanguage\":\"fr-FR\",\"@id\":\"https:\\\/\\\/secure.gravatar.com\\\/avatar\\\/9a2e5073417479f910ffdeee54da5ccf4f91eab62746ce0ae0e81124a9491a79?s=96&d=mm&r=g\",\"url\":\"https:\\\/\\\/secure.gravatar.com\\\/avatar\\\/9a2e5073417479f910ffdeee54da5ccf4f91eab62746ce0ae0e81124a9491a79?s=96&d=mm&r=g\",\"contentUrl\":\"https:\\\/\\\/secure.gravatar.com\\\/avatar\\\/9a2e5073417479f910ffdeee54da5ccf4f91eab62746ce0ae0e81124a9491a79?s=96&d=mm&r=g\",\"caption\":\"Leonore\"}}]}<\/script>\n<!-- \/ Yoast SEO plugin. -->","yoast_head_json":{"title":"Au-del\u00e0 du r\u00eave : expo aborig\u00e8nes au Havre - FineLife.tv","description":"Au-del\u00e0 du r\u00eave : expo aborig\u00e8nes au Havre. Cap sur la puissance de l'art autochtone australien dans le cadre d'Australia Now.","robots":{"index":"index","follow":"follow","max-snippet":"max-snippet:-1","max-image-preview":"max-image-preview:large","max-video-preview":"max-video-preview:-1"},"canonical":"https:\/\/finelife.tv\/fr\/2021\/11\/08\/au-dela-du-reve-expo-aborigenes-au-havre\/","og_locale":"fr_FR","og_type":"article","og_title":"Au-del\u00e0 du r\u00eave : expo aborig\u00e8nes au Havre - FineLife.tv","og_description":"Au-del\u00e0 du r\u00eave : expo aborig\u00e8nes au Havre. Cap sur la puissance de l'art autochtone australien dans le cadre d'Australia Now.","og_url":"https:\/\/finelife.tv\/fr\/2021\/11\/08\/au-dela-du-reve-expo-aborigenes-au-havre\/","og_site_name":"FineLife.tv","article_published_time":"2021-11-08T09:55:39+00:00","article_modified_time":"2023-09-07T07:44:37+00:00","og_image":[{"url":"https:\/\/finelife.tv\/fr\/wp-content\/uploads\/2021\/11\/img-src-22https-finelife.tvimage.jpg-alt-22Au-dela-du-reve-expo-aborigenes-au-Havre22-985x1024.jpg","type":"","width":"","height":""}],"author":"Leonore","twitter_card":"summary_large_image","twitter_creator":"@finelifetv","twitter_site":"@finelifetv","twitter_misc":{"\u00c9crit par":"Leonore","Dur\u00e9e de lecture estim\u00e9e":"6 minutes"},"schema":{"@context":"https:\/\/schema.org","@graph":[{"@type":"Article","@id":"https:\/\/finelife.tv\/fr\/2021\/11\/08\/au-dela-du-reve-expo-aborigenes-au-havre\/#article","isPartOf":{"@id":"https:\/\/finelife.tv\/fr\/2021\/11\/08\/au-dela-du-reve-expo-aborigenes-au-havre\/"},"author":{"name":"Leonore","@id":"https:\/\/finelife.tv\/fr\/#\/schema\/person\/e3d980b0c0b3dc5af01c3455893c8c52"},"headline":"Au-del\u00e0 du r\u00eave : expo aborig\u00e8nes au Havre","datePublished":"2021-11-08T09:55:39+00:00","dateModified":"2023-09-07T07:44:37+00:00","mainEntityOfPage":{"@id":"https:\/\/finelife.tv\/fr\/2021\/11\/08\/au-dela-du-reve-expo-aborigenes-au-havre\/"},"wordCount":961,"commentCount":3,"image":{"@id":"https:\/\/finelife.tv\/fr\/2021\/11\/08\/au-dela-du-reve-expo-aborigenes-au-havre\/#primaryimage"},"thumbnailUrl":"https:\/\/finelife.tv\/fr\/wp-content\/uploads\/2021\/11\/img-src-22https-finelife.tvimage.jpg-alt-22Au-dela-du-reve-expo-aborigenes-au-Havre22-985x1024.jpg","keywords":["art","art autochtones","art contemporain australien","art premier","australia","Australie now","expo","exposition","Le Havre","normandie"],"articleSection":["Blog"],"inLanguage":"fr-FR","potentialAction":[{"@type":"CommentAction","name":"Comment","target":["https:\/\/finelife.tv\/fr\/2021\/11\/08\/au-dela-du-reve-expo-aborigenes-au-havre\/#respond"]}]},{"@type":"WebPage","@id":"https:\/\/finelife.tv\/fr\/2021\/11\/08\/au-dela-du-reve-expo-aborigenes-au-havre\/","url":"https:\/\/finelife.tv\/fr\/2021\/11\/08\/au-dela-du-reve-expo-aborigenes-au-havre\/","name":"Au-del\u00e0 du r\u00eave : expo aborig\u00e8nes au Havre - FineLife.tv","isPartOf":{"@id":"https:\/\/finelife.tv\/fr\/#website"},"primaryImageOfPage":{"@id":"https:\/\/finelife.tv\/fr\/2021\/11\/08\/au-dela-du-reve-expo-aborigenes-au-havre\/#primaryimage"},"image":{"@id":"https:\/\/finelife.tv\/fr\/2021\/11\/08\/au-dela-du-reve-expo-aborigenes-au-havre\/#primaryimage"},"thumbnailUrl":"https:\/\/finelife.tv\/fr\/wp-content\/uploads\/2021\/11\/img-src-22https-finelife.tvimage.jpg-alt-22Au-dela-du-reve-expo-aborigenes-au-Havre22-985x1024.jpg","datePublished":"2021-11-08T09:55:39+00:00","dateModified":"2023-09-07T07:44:37+00:00","author":{"@id":"https:\/\/finelife.tv\/fr\/#\/schema\/person\/e3d980b0c0b3dc5af01c3455893c8c52"},"description":"Au-del\u00e0 du r\u00eave : expo aborig\u00e8nes au Havre. Cap sur la puissance de l'art autochtone australien dans le cadre d'Australia Now.","breadcrumb":{"@id":"https:\/\/finelife.tv\/fr\/2021\/11\/08\/au-dela-du-reve-expo-aborigenes-au-havre\/#breadcrumb"},"inLanguage":"fr-FR","potentialAction":[{"@type":"ReadAction","target":["https:\/\/finelife.tv\/fr\/2021\/11\/08\/au-dela-du-reve-expo-aborigenes-au-havre\/"]}]},{"@type":"ImageObject","inLanguage":"fr-FR","@id":"https:\/\/finelife.tv\/fr\/2021\/11\/08\/au-dela-du-reve-expo-aborigenes-au-havre\/#primaryimage","url":"https:\/\/finelife.tv\/fr\/wp-content\/uploads\/2021\/11\/img-src-22https-finelife.tvimage.jpg-alt-22Au-dela-du-reve-expo-aborigenes-au-Havre22-scaled.jpg","contentUrl":"https:\/\/finelife.tv\/fr\/wp-content\/uploads\/2021\/11\/img-src-22https-finelife.tvimage.jpg-alt-22Au-dela-du-reve-expo-aborigenes-au-Havre22-scaled.jpg","width":2462,"height":2560},{"@type":"BreadcrumbList","@id":"https:\/\/finelife.tv\/fr\/2021\/11\/08\/au-dela-du-reve-expo-aborigenes-au-havre\/#breadcrumb","itemListElement":[{"@type":"ListItem","position":1,"name":"Accueil","item":"https:\/\/finelife.tv\/fr\/"},{"@type":"ListItem","position":2,"name":"Au-del\u00e0 du r\u00eave : expo aborig\u00e8nes au Havre"}]},{"@type":"WebSite","@id":"https:\/\/finelife.tv\/fr\/#website","url":"https:\/\/finelife.tv\/fr\/","name":"FineLife.tv","description":"Quand l&#039;Art de vivre croise l&#039;Art de penser","potentialAction":[{"@type":"SearchAction","target":{"@type":"EntryPoint","urlTemplate":"https:\/\/finelife.tv\/fr\/?s={search_term_string}"},"query-input":{"@type":"PropertyValueSpecification","valueRequired":true,"valueName":"search_term_string"}}],"inLanguage":"fr-FR"},{"@type":"Person","@id":"https:\/\/finelife.tv\/fr\/#\/schema\/person\/e3d980b0c0b3dc5af01c3455893c8c52","name":"Leonore","image":{"@type":"ImageObject","inLanguage":"fr-FR","@id":"https:\/\/secure.gravatar.com\/avatar\/9a2e5073417479f910ffdeee54da5ccf4f91eab62746ce0ae0e81124a9491a79?s=96&d=mm&r=g","url":"https:\/\/secure.gravatar.com\/avatar\/9a2e5073417479f910ffdeee54da5ccf4f91eab62746ce0ae0e81124a9491a79?s=96&d=mm&r=g","contentUrl":"https:\/\/secure.gravatar.com\/avatar\/9a2e5073417479f910ffdeee54da5ccf4f91eab62746ce0ae0e81124a9491a79?s=96&d=mm&r=g","caption":"Leonore"}}]}},"_links":{"self":[{"href":"https:\/\/finelife.tv\/fr\/wp-json\/wp\/v2\/posts\/9025","targetHints":{"allow":["GET"]}}],"collection":[{"href":"https:\/\/finelife.tv\/fr\/wp-json\/wp\/v2\/posts"}],"about":[{"href":"https:\/\/finelife.tv\/fr\/wp-json\/wp\/v2\/types\/post"}],"author":[{"embeddable":true,"href":"https:\/\/finelife.tv\/fr\/wp-json\/wp\/v2\/users\/1"}],"replies":[{"embeddable":true,"href":"https:\/\/finelife.tv\/fr\/wp-json\/wp\/v2\/comments?post=9025"}],"version-history":[{"count":30,"href":"https:\/\/finelife.tv\/fr\/wp-json\/wp\/v2\/posts\/9025\/revisions"}],"predecessor-version":[{"id":14673,"href":"https:\/\/finelife.tv\/fr\/wp-json\/wp\/v2\/posts\/9025\/revisions\/14673"}],"wp:attachment":[{"href":"https:\/\/finelife.tv\/fr\/wp-json\/wp\/v2\/media?parent=9025"}],"wp:term":[{"taxonomy":"category","embeddable":true,"href":"https:\/\/finelife.tv\/fr\/wp-json\/wp\/v2\/categories?post=9025"},{"taxonomy":"post_tag","embeddable":true,"href":"https:\/\/finelife.tv\/fr\/wp-json\/wp\/v2\/tags?post=9025"}],"curies":[{"name":"wp","href":"https:\/\/api.w.org\/{rel}","templated":true}]}}