{"id":94,"date":"2017-06-08T19:18:08","date_gmt":"2017-06-08T17:18:08","guid":{"rendered":"http:\/\/niksune.eu\/FineLifeTv\/fr\/?p=94"},"modified":"2026-03-28T13:12:34","modified_gmt":"2026-03-28T12:12:34","slug":"salon-du-dessin-lemotion-du-papier","status":"publish","type":"post","link":"https:\/\/finelife.tv\/fr\/2017\/06\/08\/salon-du-dessin-lemotion-du-papier\/","title":{"rendered":"Salon du Dessin : l&rsquo;\u00c9motion du Papier"},"content":{"rendered":"<p><iframe loading=\"lazy\" src=\"https:\/\/player.vimeo.com\/video\/215493211\" width=\"356\" height=\"200\" frameborder=\"0\" allowfullscreen=\"allowfullscreen\"><\/iframe><\/p>\n<p>Qu&rsquo;est-ce qu&rsquo;un dessin? C&rsquo;est la question que l&rsquo;on peut se poser en parcourant les all\u00e9es du salon qui lui rend hommage.<\/p>\n<p>Sous les hauts plafonds aux sublimes fresques de l&rsquo;ancienne bourse de Paris, 39 galeries affichent des oeuvres dont certaines fr\u00f4lent le border line.<!--more--><\/p>\n<p><img loading=\"lazy\" decoding=\"async\" class=\"size-medium wp-image-97 aligncenter\" src=\"http:\/\/finelife.info\/fr\/wp-content\/uploads\/2017\/06\/salon-du-dessin-2017-finelifetv-300x201.jpg\" alt=\"\" width=\"300\" height=\"201\" \/><\/p>\n<p>Aquarelles, gouache, look photo &#8230; le dessin tire un trait sur la vision commune du trac\u00e9 ou de l&rsquo;esquisse. \u00ab\u00a0<em>Le fait est loin d&rsquo;\u00eatre nouveau mais la tendance continue de s&rsquo;affirmer avec les jeunes talents<\/em>\u00a0\u00bb explique Louis de Bayser, Pr\u00e9sident de la Soci\u00e9t\u00e9 du Salon du Dessin \u00ab\u00a0<em>Le dessin est une oeuvre d&rsquo;art sur papier. \u00c0 partir de l\u00e0 toutes expressions sont possibles<\/em>\u00ab\u00a0.<\/p>\n<p><img loading=\"lazy\" decoding=\"async\" class=\"size-medium wp-image-98 aligncenter\" src=\"http:\/\/finelife.info\/fr\/wp-content\/uploads\/2017\/06\/chen-han-hadrien-de-montferrand-salon-du-dessin-finelifetv-1-300x169.jpg\" alt=\"\" width=\"300\" height=\"169\" srcset=\"https:\/\/finelife.tv\/fr\/wp-content\/uploads\/2017\/06\/chen-han-hadrien-de-montferrand-salon-du-dessin-finelifetv-1-300x169.jpg 300w, https:\/\/finelife.tv\/fr\/wp-content\/uploads\/2017\/06\/chen-han-hadrien-de-montferrand-salon-du-dessin-finelifetv-1.jpg 604w\" sizes=\"auto, (max-width: 300px) 100vw, 300px\" \/><\/p>\n<p>Ce que l&rsquo;on constate notamment sur le stand d&rsquo;Hadrien de Montferrand qui expose Mao Yan, l&rsquo;un des plus grands portraitistes chinois. Ses aquarelles d&rsquo;un r\u00e9alisme saisissant brouillent les rep\u00e8res entre peinture, dessin et photo.<\/p>\n<p>On retrouve ce flou chez \u00ab\u00a0Le po\u00e8te et sa muse\u00a0\u00bb une merveille de po\u00e9sie sign\u00e9e Gustave Moreau chez Bertrand Gautier et Bertrand Talabardon. Ou encore dans les explosions pigmentaires de \u00ab\u00a0Rythme Color\u00e9\u00a0\u00bb une gouache de Sonia Delaunay (esquisse d&rsquo;une peinture r\u00e9alis\u00e9e pour le XV\u00e8me salon des Tuileries, manifestation phare de l&rsquo;\u00e9poque).<\/p>\n<p><img loading=\"lazy\" decoding=\"async\" class=\"size-medium wp-image-101 aligncenter\" src=\"http:\/\/finelife.info\/fr\/wp-content\/uploads\/2017\/06\/salon-du-dessin-sonia-delaunay-finelifetv-300x169.jpg\" alt=\"\" width=\"300\" height=\"169\" srcset=\"https:\/\/finelife.tv\/fr\/wp-content\/uploads\/2017\/06\/salon-du-dessin-sonia-delaunay-finelifetv-300x169.jpg 300w, https:\/\/finelife.tv\/fr\/wp-content\/uploads\/2017\/06\/salon-du-dessin-sonia-delaunay-finelifetv.jpg 604w\" sizes=\"auto, (max-width: 300px) 100vw, 300px\" \/><\/p>\n<p>Les repr\u00e9sentants du panth\u00e9on artistique sont l\u00e9gion. On remarque des dessins de Picasso, de Warhol, de Man Ray, de Modigliani, de Calder, de Bonnard, de Fragonnard (chez Nathalie Motte), de David, de Degas, de Dali, de Duchamp, de Le Corbusier (un superbe \u00ab\u00a0Portrait de femme en buste\u00a0\u00bb) &#8230;<\/p>\n<p>Les \u00ab\u00a0Anciens\u00a0\u00bb se m\u00ealent au \u00ab\u00a0Modernes\u00a0\u00bb, les stars c\u00f4toient les jeunes pousses.<\/p>\n<p><img loading=\"lazy\" decoding=\"async\" class=\"size-medium wp-image-104 aligncenter\" src=\"http:\/\/finelife.info\/fr\/wp-content\/uploads\/2017\/06\/salon-du-dessin-2016-dessins-finelifetv-300x200.jpg\" alt=\"\" width=\"300\" height=\"200\" srcset=\"https:\/\/finelife.tv\/fr\/wp-content\/uploads\/2017\/06\/salon-du-dessin-2016-dessins-finelifetv-300x200.jpg 300w, https:\/\/finelife.tv\/fr\/wp-content\/uploads\/2017\/06\/salon-du-dessin-2016-dessins-finelifetv.jpg 604w\" sizes=\"auto, (max-width: 300px) 100vw, 300px\" \/><\/p>\n<p>Chez les galeristes (60 % de Fran\u00e7ais, 40 % d&rsquo;\u00e9trangers), Jean-Luc Baroni et De Bayser font la part belle \u00e0 l&rsquo;ancien (\u00ab\u00a0T\u00eate de vieillard barbu\u00a0\u00bb par Hans Baldung Grien, \u00ab\u00a0\u00c9tude de la main gauche\u00a0\u00bb par Giovanni-Batistta Franco), Aktis, Karsten Greve, Vincent Lecuyer ont choisi le contemporain (avec un incroyable portrait fusain et craie de Franz von Lenbach par Edward Steichen), H\u00e9l\u00e8ne Bailly consacre le moderne (Leger, Delaunay, Picasso).<\/p>\n<p><img loading=\"lazy\" decoding=\"async\" class=\"size-full wp-image-102 aligncenter\" src=\"http:\/\/finelife.info\/fr\/wp-content\/uploads\/2017\/06\/salon-du-dessin-edward-steichen-finelifetv.jpg\" alt=\"\" width=\"290\" height=\"163\" \/><\/p>\n<p>Les nomin\u00e9s du 10\u00e8me prix du Dessin contemporain Daniel et Florence Guerlain ont leur propre exposition.<\/p>\n<p><img loading=\"lazy\" decoding=\"async\" class=\"size-full wp-image-103 aligncenter\" src=\"http:\/\/finelife.info\/fr\/wp-content\/uploads\/2017\/06\/prix-guerlain-du-dessin-contemporain-finelifetv.jpg\" alt=\"\" width=\"200\" height=\"200\" srcset=\"https:\/\/finelife.tv\/fr\/wp-content\/uploads\/2017\/06\/prix-guerlain-du-dessin-contemporain-finelifetv.jpg 200w, https:\/\/finelife.tv\/fr\/wp-content\/uploads\/2017\/06\/prix-guerlain-du-dessin-contemporain-finelifetv-150x150.jpg 150w\" sizes=\"auto, (max-width: 200px) 100vw, 200px\" \/><\/p>\n<p>C&rsquo;est le roumain Ciprian Muresan qui a remport\u00e9 de prix devant Didier Tr\u00e9net et Charles Avery.<\/p>\n<p><img loading=\"lazy\" decoding=\"async\" class=\"size-medium wp-image-100 aligncenter\" src=\"http:\/\/finelife.info\/fr\/wp-content\/uploads\/2017\/06\/salon-du-dessin-ciprian-muresan-finelifetv-300x230.jpg\" alt=\"\" width=\"300\" height=\"230\" srcset=\"https:\/\/finelife.tv\/fr\/wp-content\/uploads\/2017\/06\/salon-du-dessin-ciprian-muresan-finelifetv-300x230.jpg 300w, https:\/\/finelife.tv\/fr\/wp-content\/uploads\/2017\/06\/salon-du-dessin-ciprian-muresan-finelifetv.jpg 604w\" sizes=\"auto, (max-width: 300px) 100vw, 300px\" \/><\/p>\n<p>Les th\u00e9matiques vont du portrait (Carlos Swabe, Charles Engrand, Joszsef Ropll-Ronal &#8230;), au \u00a0paysage. Elle abordent l&rsquo;abstraction comme le mysticisme. La femme, l&rsquo;animal, l&rsquo;imaginaire y sont c\u00e9l\u00e9br\u00e9s. Dans le registre all\u00e9gorie, fantasme, imaginaire, on a appr\u00e9ci\u00e9 \u00ab\u00a0Le vrai miroir de la sorcellerie\u00a0\u00bb de F\u00e9licien Rops ou encore \u00ab\u00a0La Chevauch\u00e9e de Faust et M\u00e9phistoph\u00e9l\u00e8s par Louis-Maurice Boutet de Monvel.<\/p>\n<p>Les amateurs de dessins se consid\u00e8rent comme un club de passionn\u00e9es encore pr\u00e9serv\u00e9 de la sp\u00e9culation.<\/p>\n<p>L&rsquo;engouement pour \u00ab\u00a0la ligne\u00a0\u00bb fait toutefois flamber les prix \u00a0\u00bb <em>Selon les donn\u00e9es ArtPrice, les ventes de dessins ont connu une extraordinaire croissance (&#8230;) Les recettes en salles de ventes ont \u00e9t\u00e9 multipli\u00e9es par 6 entre 2005 et 2015 passant de 500 M$ \u00e0 3 Mrd$, tandis que le nombre de transaction a quant \u00e0 lui doubl\u00e9<\/em>\u00a0\u00bb lit-on dans le dossier de presse. \u00ab\u00a0<em>On observe donc une tr\u00e8s nette augmentation du prix moyen pour les dessins sur cette p\u00e9riode ; il \u00e9tait de 7 000 $ et est actuellement de 22 000 $ par lo<\/em>t\u00a0\u00bb.<\/p>\n<p>La fronti\u00e8re entre peinture et dessin devient donc bien plus qu&rsquo;un flou artistique.<\/p>\n<p>Cr\u00e9dits photo : Salon du Dessin et galerie Adrien de Montferrand<\/p>\n<p>Salon du Dessin Palais Brongnard<\/p>\n<p>du 22 au 27 mars<\/p>\n<p><a href=\"https:\/\/www.salondudessin.com\/\"><strong>Salon du dessin<\/strong><\/a><\/p>\n<p>Related article Salon du dessin : l&rsquo;\u00e9motion du papier<\/p>\n<\/p>\n\n\n<figure class=\"wp-block-embed is-type-wp-embed is-provider-finelife-tv wp-block-embed-finelife-tv\"><div class=\"wp-block-embed__wrapper\">\n<blockquote class=\"wp-embedded-content\" data-secret=\"4DKRn1KunJ\"><a href=\"https:\/\/finelife.tv\/fr\/2024\/07\/08\/expo-guerlain-passion-dessin-a-lhospice-saint-roch\/\">Expo Guerlain Passion dessin \u00e0 l&#8217;Hospice Saint-Roch<\/a><\/blockquote><iframe loading=\"lazy\" class=\"wp-embedded-content\" sandbox=\"allow-scripts\" security=\"restricted\" style=\"position: absolute; clip: rect(1px, 1px, 1px, 1px);\" title=\"\u00ab\u00a0Expo Guerlain Passion dessin \u00e0 l&#8217;Hospice Saint-Roch\u00a0\u00bb &#8212; FineLife.tv\" src=\"https:\/\/finelife.tv\/fr\/2024\/07\/08\/expo-guerlain-passion-dessin-a-lhospice-saint-roch\/embed\/#?secret=iwcsx2hwrC#?secret=4DKRn1KunJ\" data-secret=\"4DKRn1KunJ\" width=\"500\" height=\"282\" frameborder=\"0\" marginwidth=\"0\" marginheight=\"0\" scrolling=\"no\"><\/iframe>\n<\/div><\/figure>\n\n\n\n<p><strong><a href=\"https:\/\/finelife.tv\/fr\/2025\/02\/21\/art-capital-retrouve-le-grand-palais\/\">Art Capital retrouve le Grand Palais<\/a><\/strong><\/p>\n\n\n\n<p><strong><a href=\"https:\/\/finelife.tv\/fr\/2025\/08\/09\/expo-lart-du-flou-a-lorangerie\/\">Expo l\u2019art du flou \u00e0 l\u2019Orangerie<\/a><\/strong><\/p>\n\n\n\n<p><strong><a href=\"https:\/\/finelife.tv\/fr\/2026\/03\/28\/le-dessin-du-crayon-au-vivant\/\">Le dessin du crayon au vivant<\/a><\/strong><\/p>\n","protected":false},"excerpt":{"rendered":"<p>Salon du Dessin : l&rsquo;\u00c9motion du Papier pour un club de passionn\u00e9es encore pr\u00e9serv\u00e9 de la sp\u00e9culation ?<\/p>\n","protected":false},"author":1,"featured_media":0,"comment_status":"open","ping_status":"open","sticky":false,"template":"","format":"standard","meta":{"footnotes":""},"categories":[2],"tags":[22,45,59,173,182],"class_list":["post-94","post","type-post","status-publish","format-standard","hentry","category-art","tag-art","tag-ciprian-muresan","tag-dessin","tag-prix-guerlain-dessin-contemporain","tag-salon-du-dessin"],"yoast_head":"<!-- This site is optimized with the Yoast SEO plugin v27.5 - https:\/\/yoast.com\/product\/yoast-seo-wordpress\/ -->\n<title>Salon du Dessin : l&#039;\u00c9motion du Papier - FineLife.tv<\/title>\n<meta name=\"description\" content=\"Salon du Dessin : l&#039;\u00c9motion du Papier X prix Guerlain pour un club de passionn\u00e9es encore pr\u00e9serv\u00e9 de la sp\u00e9culation ?\" \/>\n<meta name=\"robots\" content=\"index, follow, max-snippet:-1, max-image-preview:large, max-video-preview:-1\" \/>\n<link rel=\"canonical\" href=\"https:\/\/finelife.tv\/fr\/2017\/06\/08\/salon-du-dessin-lemotion-du-papier\/\" \/>\n<meta property=\"og:locale\" content=\"fr_FR\" \/>\n<meta property=\"og:type\" content=\"article\" \/>\n<meta property=\"og:title\" content=\"Salon du Dessin : l&#039;\u00c9motion du Papier - FineLife.tv\" \/>\n<meta property=\"og:description\" content=\"Salon du Dessin : l&#039;\u00c9motion du Papier X prix Guerlain pour un club de passionn\u00e9es encore pr\u00e9serv\u00e9 de la sp\u00e9culation ?\" \/>\n<meta property=\"og:url\" content=\"https:\/\/finelife.tv\/fr\/2017\/06\/08\/salon-du-dessin-lemotion-du-papier\/\" \/>\n<meta property=\"og:site_name\" content=\"FineLife.tv\" \/>\n<meta property=\"article:published_time\" content=\"2017-06-08T17:18:08+00:00\" \/>\n<meta property=\"article:modified_time\" content=\"2026-03-28T12:12:34+00:00\" \/>\n<meta property=\"og:image\" content=\"https:\/\/finelife.tv\/fr\/wp-content\/uploads\/2017\/06\/salon-du-dessin-2017-finelifetv.jpg\" \/>\n\t<meta property=\"og:image:width\" content=\"300\" \/>\n\t<meta property=\"og:image:height\" content=\"201\" \/>\n\t<meta property=\"og:image:type\" content=\"image\/jpeg\" \/>\n<meta name=\"author\" content=\"Leonore\" \/>\n<meta name=\"twitter:card\" content=\"summary_large_image\" \/>\n<meta name=\"twitter:creator\" content=\"@finelifetv\" \/>\n<meta name=\"twitter:site\" content=\"@finelifetv\" \/>\n<meta name=\"twitter:label1\" content=\"\u00c9crit par\" \/>\n\t<meta name=\"twitter:data1\" content=\"Leonore\" \/>\n\t<meta name=\"twitter:label2\" content=\"Dur\u00e9e de lecture estim\u00e9e\" \/>\n\t<meta name=\"twitter:data2\" content=\"5 minutes\" \/>\n<script type=\"application\/ld+json\" class=\"yoast-schema-graph\">{\"@context\":\"https:\\\/\\\/schema.org\",\"@graph\":[{\"@type\":\"Article\",\"@id\":\"https:\\\/\\\/finelife.tv\\\/fr\\\/2017\\\/06\\\/08\\\/salon-du-dessin-lemotion-du-papier\\\/#article\",\"isPartOf\":{\"@id\":\"https:\\\/\\\/finelife.tv\\\/fr\\\/2017\\\/06\\\/08\\\/salon-du-dessin-lemotion-du-papier\\\/\"},\"author\":{\"name\":\"Leonore\",\"@id\":\"https:\\\/\\\/finelife.tv\\\/fr\\\/#\\\/schema\\\/person\\\/e3d980b0c0b3dc5af01c3455893c8c52\"},\"headline\":\"Salon du Dessin : l&rsquo;\u00c9motion du Papier\",\"datePublished\":\"2017-06-08T17:18:08+00:00\",\"dateModified\":\"2026-03-28T12:12:34+00:00\",\"mainEntityOfPage\":{\"@id\":\"https:\\\/\\\/finelife.tv\\\/fr\\\/2017\\\/06\\\/08\\\/salon-du-dessin-lemotion-du-papier\\\/\"},\"wordCount\":636,\"commentCount\":6,\"image\":{\"@id\":\"https:\\\/\\\/finelife.tv\\\/fr\\\/2017\\\/06\\\/08\\\/salon-du-dessin-lemotion-du-papier\\\/#primaryimage\"},\"thumbnailUrl\":\"http:\\\/\\\/finelife.info\\\/fr\\\/wp-content\\\/uploads\\\/2017\\\/06\\\/salon-du-dessin-2017-finelifetv-300x201.jpg\",\"keywords\":[\"art\",\"ciprian muresan\",\"dessin\",\"prix guerlain dessin contemporain\",\"salon du dessin\"],\"articleSection\":[\"Art\"],\"inLanguage\":\"fr-FR\",\"potentialAction\":[{\"@type\":\"CommentAction\",\"name\":\"Comment\",\"target\":[\"https:\\\/\\\/finelife.tv\\\/fr\\\/2017\\\/06\\\/08\\\/salon-du-dessin-lemotion-du-papier\\\/#respond\"]}]},{\"@type\":\"WebPage\",\"@id\":\"https:\\\/\\\/finelife.tv\\\/fr\\\/2017\\\/06\\\/08\\\/salon-du-dessin-lemotion-du-papier\\\/\",\"url\":\"https:\\\/\\\/finelife.tv\\\/fr\\\/2017\\\/06\\\/08\\\/salon-du-dessin-lemotion-du-papier\\\/\",\"name\":\"Salon du Dessin : l'\u00c9motion du Papier - FineLife.tv\",\"isPartOf\":{\"@id\":\"https:\\\/\\\/finelife.tv\\\/fr\\\/#website\"},\"primaryImageOfPage\":{\"@id\":\"https:\\\/\\\/finelife.tv\\\/fr\\\/2017\\\/06\\\/08\\\/salon-du-dessin-lemotion-du-papier\\\/#primaryimage\"},\"image\":{\"@id\":\"https:\\\/\\\/finelife.tv\\\/fr\\\/2017\\\/06\\\/08\\\/salon-du-dessin-lemotion-du-papier\\\/#primaryimage\"},\"thumbnailUrl\":\"http:\\\/\\\/finelife.info\\\/fr\\\/wp-content\\\/uploads\\\/2017\\\/06\\\/salon-du-dessin-2017-finelifetv-300x201.jpg\",\"datePublished\":\"2017-06-08T17:18:08+00:00\",\"dateModified\":\"2026-03-28T12:12:34+00:00\",\"author\":{\"@id\":\"https:\\\/\\\/finelife.tv\\\/fr\\\/#\\\/schema\\\/person\\\/e3d980b0c0b3dc5af01c3455893c8c52\"},\"description\":\"Salon du Dessin : l'\u00c9motion du Papier X prix Guerlain pour un club de passionn\u00e9es encore pr\u00e9serv\u00e9 de la sp\u00e9culation ?\",\"breadcrumb\":{\"@id\":\"https:\\\/\\\/finelife.tv\\\/fr\\\/2017\\\/06\\\/08\\\/salon-du-dessin-lemotion-du-papier\\\/#breadcrumb\"},\"inLanguage\":\"fr-FR\",\"potentialAction\":[{\"@type\":\"ReadAction\",\"target\":[\"https:\\\/\\\/finelife.tv\\\/fr\\\/2017\\\/06\\\/08\\\/salon-du-dessin-lemotion-du-papier\\\/\"]}]},{\"@type\":\"ImageObject\",\"inLanguage\":\"fr-FR\",\"@id\":\"https:\\\/\\\/finelife.tv\\\/fr\\\/2017\\\/06\\\/08\\\/salon-du-dessin-lemotion-du-papier\\\/#primaryimage\",\"url\":\"http:\\\/\\\/finelife.info\\\/fr\\\/wp-content\\\/uploads\\\/2017\\\/06\\\/salon-du-dessin-2017-finelifetv-300x201.jpg\",\"contentUrl\":\"http:\\\/\\\/finelife.info\\\/fr\\\/wp-content\\\/uploads\\\/2017\\\/06\\\/salon-du-dessin-2017-finelifetv-300x201.jpg\"},{\"@type\":\"BreadcrumbList\",\"@id\":\"https:\\\/\\\/finelife.tv\\\/fr\\\/2017\\\/06\\\/08\\\/salon-du-dessin-lemotion-du-papier\\\/#breadcrumb\",\"itemListElement\":[{\"@type\":\"ListItem\",\"position\":1,\"name\":\"Accueil\",\"item\":\"https:\\\/\\\/finelife.tv\\\/fr\\\/\"},{\"@type\":\"ListItem\",\"position\":2,\"name\":\"Salon du Dessin : l&rsquo;\u00c9motion du Papier\"}]},{\"@type\":\"WebSite\",\"@id\":\"https:\\\/\\\/finelife.tv\\\/fr\\\/#website\",\"url\":\"https:\\\/\\\/finelife.tv\\\/fr\\\/\",\"name\":\"FineLife.tv\",\"description\":\"Quand l&#039;Art de vivre croise l&#039;Art de penser\",\"potentialAction\":[{\"@type\":\"SearchAction\",\"target\":{\"@type\":\"EntryPoint\",\"urlTemplate\":\"https:\\\/\\\/finelife.tv\\\/fr\\\/?s={search_term_string}\"},\"query-input\":{\"@type\":\"PropertyValueSpecification\",\"valueRequired\":true,\"valueName\":\"search_term_string\"}}],\"inLanguage\":\"fr-FR\"},{\"@type\":\"Person\",\"@id\":\"https:\\\/\\\/finelife.tv\\\/fr\\\/#\\\/schema\\\/person\\\/e3d980b0c0b3dc5af01c3455893c8c52\",\"name\":\"Leonore\",\"image\":{\"@type\":\"ImageObject\",\"inLanguage\":\"fr-FR\",\"@id\":\"https:\\\/\\\/secure.gravatar.com\\\/avatar\\\/9a2e5073417479f910ffdeee54da5ccf4f91eab62746ce0ae0e81124a9491a79?s=96&d=mm&r=g\",\"url\":\"https:\\\/\\\/secure.gravatar.com\\\/avatar\\\/9a2e5073417479f910ffdeee54da5ccf4f91eab62746ce0ae0e81124a9491a79?s=96&d=mm&r=g\",\"contentUrl\":\"https:\\\/\\\/secure.gravatar.com\\\/avatar\\\/9a2e5073417479f910ffdeee54da5ccf4f91eab62746ce0ae0e81124a9491a79?s=96&d=mm&r=g\",\"caption\":\"Leonore\"}}]}<\/script>\n<!-- \/ Yoast SEO plugin. -->","yoast_head_json":{"title":"Salon du Dessin : l'\u00c9motion du Papier - FineLife.tv","description":"Salon du Dessin : l'\u00c9motion du Papier X prix Guerlain pour un club de passionn\u00e9es encore pr\u00e9serv\u00e9 de la sp\u00e9culation ?","robots":{"index":"index","follow":"follow","max-snippet":"max-snippet:-1","max-image-preview":"max-image-preview:large","max-video-preview":"max-video-preview:-1"},"canonical":"https:\/\/finelife.tv\/fr\/2017\/06\/08\/salon-du-dessin-lemotion-du-papier\/","og_locale":"fr_FR","og_type":"article","og_title":"Salon du Dessin : l'\u00c9motion du Papier - FineLife.tv","og_description":"Salon du Dessin : l'\u00c9motion du Papier X prix Guerlain pour un club de passionn\u00e9es encore pr\u00e9serv\u00e9 de la sp\u00e9culation ?","og_url":"https:\/\/finelife.tv\/fr\/2017\/06\/08\/salon-du-dessin-lemotion-du-papier\/","og_site_name":"FineLife.tv","article_published_time":"2017-06-08T17:18:08+00:00","article_modified_time":"2026-03-28T12:12:34+00:00","og_image":[{"width":300,"height":201,"url":"https:\/\/finelife.tv\/fr\/wp-content\/uploads\/2017\/06\/salon-du-dessin-2017-finelifetv.jpg","type":"image\/jpeg"}],"author":"Leonore","twitter_card":"summary_large_image","twitter_creator":"@finelifetv","twitter_site":"@finelifetv","twitter_misc":{"\u00c9crit par":"Leonore","Dur\u00e9e de lecture estim\u00e9e":"5 minutes"},"schema":{"@context":"https:\/\/schema.org","@graph":[{"@type":"Article","@id":"https:\/\/finelife.tv\/fr\/2017\/06\/08\/salon-du-dessin-lemotion-du-papier\/#article","isPartOf":{"@id":"https:\/\/finelife.tv\/fr\/2017\/06\/08\/salon-du-dessin-lemotion-du-papier\/"},"author":{"name":"Leonore","@id":"https:\/\/finelife.tv\/fr\/#\/schema\/person\/e3d980b0c0b3dc5af01c3455893c8c52"},"headline":"Salon du Dessin : l&rsquo;\u00c9motion du Papier","datePublished":"2017-06-08T17:18:08+00:00","dateModified":"2026-03-28T12:12:34+00:00","mainEntityOfPage":{"@id":"https:\/\/finelife.tv\/fr\/2017\/06\/08\/salon-du-dessin-lemotion-du-papier\/"},"wordCount":636,"commentCount":6,"image":{"@id":"https:\/\/finelife.tv\/fr\/2017\/06\/08\/salon-du-dessin-lemotion-du-papier\/#primaryimage"},"thumbnailUrl":"http:\/\/finelife.info\/fr\/wp-content\/uploads\/2017\/06\/salon-du-dessin-2017-finelifetv-300x201.jpg","keywords":["art","ciprian muresan","dessin","prix guerlain dessin contemporain","salon du dessin"],"articleSection":["Art"],"inLanguage":"fr-FR","potentialAction":[{"@type":"CommentAction","name":"Comment","target":["https:\/\/finelife.tv\/fr\/2017\/06\/08\/salon-du-dessin-lemotion-du-papier\/#respond"]}]},{"@type":"WebPage","@id":"https:\/\/finelife.tv\/fr\/2017\/06\/08\/salon-du-dessin-lemotion-du-papier\/","url":"https:\/\/finelife.tv\/fr\/2017\/06\/08\/salon-du-dessin-lemotion-du-papier\/","name":"Salon du Dessin : l'\u00c9motion du Papier - FineLife.tv","isPartOf":{"@id":"https:\/\/finelife.tv\/fr\/#website"},"primaryImageOfPage":{"@id":"https:\/\/finelife.tv\/fr\/2017\/06\/08\/salon-du-dessin-lemotion-du-papier\/#primaryimage"},"image":{"@id":"https:\/\/finelife.tv\/fr\/2017\/06\/08\/salon-du-dessin-lemotion-du-papier\/#primaryimage"},"thumbnailUrl":"http:\/\/finelife.info\/fr\/wp-content\/uploads\/2017\/06\/salon-du-dessin-2017-finelifetv-300x201.jpg","datePublished":"2017-06-08T17:18:08+00:00","dateModified":"2026-03-28T12:12:34+00:00","author":{"@id":"https:\/\/finelife.tv\/fr\/#\/schema\/person\/e3d980b0c0b3dc5af01c3455893c8c52"},"description":"Salon du Dessin : l'\u00c9motion du Papier X prix Guerlain pour un club de passionn\u00e9es encore pr\u00e9serv\u00e9 de la sp\u00e9culation ?","breadcrumb":{"@id":"https:\/\/finelife.tv\/fr\/2017\/06\/08\/salon-du-dessin-lemotion-du-papier\/#breadcrumb"},"inLanguage":"fr-FR","potentialAction":[{"@type":"ReadAction","target":["https:\/\/finelife.tv\/fr\/2017\/06\/08\/salon-du-dessin-lemotion-du-papier\/"]}]},{"@type":"ImageObject","inLanguage":"fr-FR","@id":"https:\/\/finelife.tv\/fr\/2017\/06\/08\/salon-du-dessin-lemotion-du-papier\/#primaryimage","url":"http:\/\/finelife.info\/fr\/wp-content\/uploads\/2017\/06\/salon-du-dessin-2017-finelifetv-300x201.jpg","contentUrl":"http:\/\/finelife.info\/fr\/wp-content\/uploads\/2017\/06\/salon-du-dessin-2017-finelifetv-300x201.jpg"},{"@type":"BreadcrumbList","@id":"https:\/\/finelife.tv\/fr\/2017\/06\/08\/salon-du-dessin-lemotion-du-papier\/#breadcrumb","itemListElement":[{"@type":"ListItem","position":1,"name":"Accueil","item":"https:\/\/finelife.tv\/fr\/"},{"@type":"ListItem","position":2,"name":"Salon du Dessin : l&rsquo;\u00c9motion du Papier"}]},{"@type":"WebSite","@id":"https:\/\/finelife.tv\/fr\/#website","url":"https:\/\/finelife.tv\/fr\/","name":"FineLife.tv","description":"Quand l&#039;Art de vivre croise l&#039;Art de penser","potentialAction":[{"@type":"SearchAction","target":{"@type":"EntryPoint","urlTemplate":"https:\/\/finelife.tv\/fr\/?s={search_term_string}"},"query-input":{"@type":"PropertyValueSpecification","valueRequired":true,"valueName":"search_term_string"}}],"inLanguage":"fr-FR"},{"@type":"Person","@id":"https:\/\/finelife.tv\/fr\/#\/schema\/person\/e3d980b0c0b3dc5af01c3455893c8c52","name":"Leonore","image":{"@type":"ImageObject","inLanguage":"fr-FR","@id":"https:\/\/secure.gravatar.com\/avatar\/9a2e5073417479f910ffdeee54da5ccf4f91eab62746ce0ae0e81124a9491a79?s=96&d=mm&r=g","url":"https:\/\/secure.gravatar.com\/avatar\/9a2e5073417479f910ffdeee54da5ccf4f91eab62746ce0ae0e81124a9491a79?s=96&d=mm&r=g","contentUrl":"https:\/\/secure.gravatar.com\/avatar\/9a2e5073417479f910ffdeee54da5ccf4f91eab62746ce0ae0e81124a9491a79?s=96&d=mm&r=g","caption":"Leonore"}}]}},"_links":{"self":[{"href":"https:\/\/finelife.tv\/fr\/wp-json\/wp\/v2\/posts\/94","targetHints":{"allow":["GET"]}}],"collection":[{"href":"https:\/\/finelife.tv\/fr\/wp-json\/wp\/v2\/posts"}],"about":[{"href":"https:\/\/finelife.tv\/fr\/wp-json\/wp\/v2\/types\/post"}],"author":[{"embeddable":true,"href":"https:\/\/finelife.tv\/fr\/wp-json\/wp\/v2\/users\/1"}],"replies":[{"embeddable":true,"href":"https:\/\/finelife.tv\/fr\/wp-json\/wp\/v2\/comments?post=94"}],"version-history":[{"count":19,"href":"https:\/\/finelife.tv\/fr\/wp-json\/wp\/v2\/posts\/94\/revisions"}],"predecessor-version":[{"id":27717,"href":"https:\/\/finelife.tv\/fr\/wp-json\/wp\/v2\/posts\/94\/revisions\/27717"}],"wp:attachment":[{"href":"https:\/\/finelife.tv\/fr\/wp-json\/wp\/v2\/media?parent=94"}],"wp:term":[{"taxonomy":"category","embeddable":true,"href":"https:\/\/finelife.tv\/fr\/wp-json\/wp\/v2\/categories?post=94"},{"taxonomy":"post_tag","embeddable":true,"href":"https:\/\/finelife.tv\/fr\/wp-json\/wp\/v2\/tags?post=94"}],"curies":[{"name":"wp","href":"https:\/\/api.w.org\/{rel}","templated":true}]}}